{"id":54081,"date":"2020-05-20T10:09:58","date_gmt":"2020-05-20T08:09:58","guid":{"rendered":"https:\/\/israelmagazine.net\/?p=54081"},"modified":"2020-05-20T10:09:58","modified_gmt":"2020-05-20T08:09:58","slug":"abou-mazen-lap-plus-liee-par-des-accords-avec-israel-et-les-etats-unis","status":"publish","type":"post","link":"https:\/\/israelmagazine.net\/?p=54081","title":{"rendered":"Abou Mazen : l\\&rsquo;AP plus li\u00e9e par des accords avec Isra\u00ebl et les \u00c9tats-Unis"},"content":{"rendered":"<div>\n<h5>(photo AFP)<\/h5>\n<h3><\/h3>\n<h3>Le pr\u00e9sident palestinien affirme que la d\u00e9cision s\\&rsquo;\u00e9tend \u00e9galement \u00e0 la coop\u00e9ration en mati\u00e8re de s\u00e9curit\u00e9 avec Isra\u00ebl ; l\\&rsquo;annonce aurait \u00e9t\u00e9 faite en r\u00e9ponse aux plans d\u00e9clar\u00e9s de J\u00e9rusalem de d\u00e9clarer la souverainet\u00e9 sur la Jud\u00e9e Samarie et la vall\u00e9e du Jourdain|<\/h3>\n<p>Le pr\u00e9sident palestinien Mahmoud Abbas a annonc\u00e9 mardi soir que Ramallah ne serait plus li\u00e9 par les accords qu\\&rsquo;il a sign\u00e9s avec Isra\u00ebl et les \u00c9tats-Unis.\u00a0 Abbas a fait cette annonce lors d\\&rsquo;une r\u00e9union d\\&rsquo;urgence des dirigeants palestiniens \u00e0 Ramallah pour coordonner la r\u00e9ponse de l\\&rsquo;Autorit\u00e9 palestinienne \u00e0 l\\&rsquo;intention d\u00e9clar\u00e9e d\\&rsquo;Isra\u00ebl d\\&rsquo;\u00e9tendre sa souverainet\u00e9 sur la Jud\u00e9e Samarie et la vall\u00e9e du Jourdain. Cette annonce serait en r\u00e9ponse au projet d\\&rsquo;Isra\u00ebl de d\u00e9clarer sa souverainet\u00e9 sur les territoires apr\u00e8s le 1er juillet.<br \/>\nAbbas a ajout\u00e9 que la d\u00e9claration s\\&rsquo;\u00e9tend \u00e0 la coop\u00e9ration de Ramallah en mati\u00e8re de s\u00e9curit\u00e9 avec Isra\u00ebl, consid\u00e9r\u00e9e comme vitale pour maintenir la violence au minimum dans la r\u00e9gion.<br \/>\nL\\&rsquo;Organisation de lib\u00e9ration de la Palestine et l\\&rsquo;\u00c9tat de Palestine sont absous, \u00e0 ce jour, de tous les accords et accords avec les gouvernements am\u00e9ricain et isra\u00e9lien et de toutes les obligations fond\u00e9es sur ces accords et accords, y compris les accords de s\u00e9curit\u00e9\\\u00a0\u00bb, L\\&rsquo;agence de presse Wafa a cit\u00e9 Abbas lors de la r\u00e9union de Ramallah.<br \/>\n\\\u00a0\u00bb\u00c0 partir d\\&rsquo;aujourd\\&rsquo;hui, l\\&rsquo;autorit\u00e9 isra\u00e9lienne d\\&rsquo;occupation doit assumer toutes les responsabilit\u00e9s et obligations devant la communaut\u00e9 internationale en tant que puissance occupante sur le territoire de l\\&rsquo;\u00c9tat palestinien occup\u00e9, avec toutes ses cons\u00e9quences et ses r\u00e9percussions fond\u00e9es sur le droit international et le droit international humanitaire. \u00bb, a d\u00e9clar\u00e9 l\\&rsquo;ancien chef terroriste et organisateur des attentats de Munich Abbas.<br \/>\n<b><\/b><\/p>\n<h3><b>\u00a0L\\&rsquo;Autorit\u00e9 palestinienne a rompu ses liens avec la Maison Blanche en d\u00e9cembre 2017<\/b><\/h3>\n<div>Nous tenons l\u2019administration am\u00e9ricaine enti\u00e8rement responsable de l\u2019oppression qui frappe le peuple palestinien et nous le consid\u00e9rons comme un partenaire principal du gouvernement d\u2019occupation isra\u00e9lien dans toutes ses d\u00e9cisions et mesures agressives et injustes contre notre peuple. \u00bb L\\&rsquo;Autorit\u00e9 palestinienne a rompu ses liens avec la Maison Blanche en d\u00e9cembre 2017 apr\u00e8s que les \u00c9tats-Unis ont d\u00e9clar\u00e9 qu\\&rsquo;ils devaient d\u00e9m\u00e9nager leur ambassade \u00e0 Tel Aviv \u00e0 J\u00e9rusalem, ce qu\\&rsquo;ils ont fait en mai 2018.<br \/>\nL\\&rsquo;AP a \u00e9galement rejet\u00e9 Washington en tant que m\u00e9diateur dans les pourparlers de paix avec Isra\u00ebl, affirmant que l\\&rsquo;administration Trump est partiale en faveur de l\\&rsquo;\u00c9tat juif.<br \/>\nLe pr\u00e9sident am\u00e9ricain Donald Trump, qui a rendu public sa vision de la paix au Moyen-Orient au d\u00e9but de cette ann\u00e9e, a provisoirement donn\u00e9 sa b\u00e9n\u00e9diction \u00e0 Isra\u00ebl de commencer \u00e0 annexer si les Palestiniens refusaient de s\\&rsquo;engager dans des n\u00e9gociations. De plus, dans le cadre d\\&rsquo;un nouvel accord de coalition conclu entre les deux plus grands partis d\\&rsquo;Isra\u00ebl, le gouvernement pourra avancer sur les plans d\\&rsquo;annexion d\u00e8s le 1er juillet, conform\u00e9ment \u00e0 l\\&rsquo;administration Trump.<\/div>\n<\/div>\n<div><\/div>\n<blockquote class=\"wp-embedded-content\" data-secret=\"CctQDw2gxe\"><p><a href=\"https:\/\/israelmagazine.co.il\/bill-gates-le-prophete\/\">Bill Gates le Proph\u00e8te ?<\/a><\/p><\/blockquote>\n<p><iframe class=\"wp-embedded-content\" sandbox=\"allow-scripts\" security=\"restricted\" style=\"position: absolute; clip: rect(1px, 1px, 1px, 1px);\" title=\"\u00ab\u00a0Bill Gates le Proph\u00e8te ?\u00a0\u00bb &#8212; Israel Magazine\" src=\"https:\/\/israelmagazine.co.il\/bill-gates-le-prophete\/embed\/#?secret=ym7TXntyZX#?secret=CctQDw2gxe\" data-secret=\"CctQDw2gxe\" width=\"500\" height=\"282\" frameborder=\"0\" marginwidth=\"0\" marginheight=\"0\" scrolling=\"no\"><\/iframe><\/p>\n<h4 class=\\\"p1\\\"><span class=\\\"s1\\\">La suite de l\u2019article se trouve dans le prochain num\u00e9ro d\u2019Isra\u00ebl Magazine<\/span><\/h4>\n<p class=\\\"p1\\\"><span class=\\\"s1\\\">S\u2019abonner au magazine par t\u00e9l\u00e9phone ou par whats app 00972 (0) 54 254 45 20 ou au 0186982727\u00a0\u00a0\u00a0<\/span><\/p>\n<p class=\\\"p2\\\"><span class=\\\"s2\\\">Par email\u00a0\u00a0<a href=\\\"mailto:Andredarmon78@gmail.com\\\"><span class=\\\"s3\\\">Andredarmon78@gmail.com<\/span><\/a><\/span><\/p>\n<p class=\\\"p1\\\"><span class=\\\"s1\\\">Ou directement sur le site\u00a0<a href=\\\"http:\/\/www.israelmagazine.co.il\/\\\"><span class=\\\"s4\\\">www.israelmagazine.co.il<\/span><\/a><\/span><\/p>\n<p class=\\\"p1\\\"><span class=\\\"s1\\\">D\u00e9couvrez un exemplaire du magazine gratuitement et cliquez sur le rebord droit du mag<\/span><\/p>\n<p><a href=\\\"https:\/\/israelmagazine.co.il\/sabonner-au-magazine\/\\\" target=\\\"_blank\\\" rel=\\\"noopener noreferrer\\\"><img class=\\\"wp-image-53593 aligncenter\\\" src=\\\"https:\/\/israelmagazine.co.il\/wp-content\/uploads\/2020\/03\/camp-ABO1-1200x628-300x157.jpg\\\" alt=\\\"camp-ABO1-1200x628\\\" width=\\\"464\\\" height=\\\"259\\\" \/><\/a><\/p>\n<p class=\\\"p2\\\"><span class=\\\"s5\\\"><a href=\\\"https:\/\/fr.calameo.com\/read\/0010965002cfce9dee566?authid=IRnvqb59CRHm\\\" target=\\\"_blank\\\" rel=\\\"noopener noreferrer\\\">https:\/\/fr.calameo.com\/read\/0010965002cfce9dee566?authid=IRnvqb59CRHm<\/a><\/span><\/p>\n","protected":false},"excerpt":{"rendered":"<p>(photo AFP) Le pr\u00e9sident palestinien affirme que la d\u00e9cision s\\&rsquo;\u00e9tend \u00e9galement \u00e0 la coop\u00e9ration en mati\u00e8re de s\u00e9curit\u00e9 avec Isra\u00ebl ; l\\&rsquo;annonce aurait \u00e9t\u00e9 faite en r\u00e9ponse aux plans d\u00e9clar\u00e9s de J\u00e9rusalem de d\u00e9clarer la souverainet\u00e9 sur la Jud\u00e9e Samarie et la vall\u00e9e du Jourdain| Le pr\u00e9sident palestinien Mahmoud Abbas a annonc\u00e9 mardi soir que &hellip;<\/p>\n<p class=\"read-more\"> <a class=\"\" href=\"https:\/\/israelmagazine.net\/?p=54081\"> <span class=\"screen-reader-text\">Abou Mazen : l\\&rsquo;AP plus li\u00e9e par des accords avec Isra\u00ebl et les \u00c9tats-Unis<\/span> Lire la suite \u00bb<\/a><\/p>\n","protected":false},"author":4,"featured_media":54082,"comment_status":"open","ping_status":"open","sticky":false,"template":"","format":"standard","meta":{"site-sidebar-layout":"default","site-content-layout":"default","ast-global-header-display":"","ast-main-header-display":"","ast-hfb-above-header-display":"","ast-hfb-below-header-display":"","ast-hfb-mobile-header-display":"","site-post-title":"","ast-breadcrumbs-content":"","ast-featured-img":"","footer-sml-layout":"","theme-transparent-header-meta":"","adv-header-id-meta":"","stick-header-meta":"","header-above-stick-meta":"","header-main-stick-meta":"","header-below-stick-meta":""},"categories":[1687,84,1621,1612,1767,1679,1613,1614,1623,1191],"tags":[2579,393],"sujet":[],"_links":{"self":[{"href":"https:\/\/israelmagazine.net\/index.php?rest_route=\/wp\/v2\/posts\/54081"}],"collection":[{"href":"https:\/\/israelmagazine.net\/index.php?rest_route=\/wp\/v2\/posts"}],"about":[{"href":"https:\/\/israelmagazine.net\/index.php?rest_route=\/wp\/v2\/types\/post"}],"author":[{"embeddable":true,"href":"https:\/\/israelmagazine.net\/index.php?rest_route=\/wp\/v2\/users\/4"}],"replies":[{"embeddable":true,"href":"https:\/\/israelmagazine.net\/index.php?rest_route=%2Fwp%2Fv2%2Fcomments&post=54081"}],"version-history":[{"count":0,"href":"https:\/\/israelmagazine.net\/index.php?rest_route=\/wp\/v2\/posts\/54081\/revisions"}],"wp:featuredmedia":[{"embeddable":true,"href":"https:\/\/israelmagazine.net\/index.php?rest_route=\/"}],"wp:attachment":[{"href":"https:\/\/israelmagazine.net\/index.php?rest_route=%2Fwp%2Fv2%2Fmedia&parent=54081"}],"wp:term":[{"taxonomy":"category","embeddable":true,"href":"https:\/\/israelmagazine.net\/index.php?rest_route=%2Fwp%2Fv2%2Fcategories&post=54081"},{"taxonomy":"post_tag","embeddable":true,"href":"https:\/\/israelmagazine.net\/index.php?rest_route=%2Fwp%2Fv2%2Ftags&post=54081"},{"taxonomy":"sujet","embeddable":true,"href":"https:\/\/israelmagazine.net\/index.php?rest_route=%2Fwp%2Fv2%2Fsujet&post=54081"}],"curies":[{"name":"wp","href":"https:\/\/api.w.org\/{rel}","templated":true}]}}