{"id":54106,"date":"2020-05-25T10:20:47","date_gmt":"2020-05-25T08:20:47","guid":{"rendered":"https:\/\/israelmagazine.net\/?p=54106"},"modified":"2020-05-25T10:20:47","modified_gmt":"2020-05-25T08:20:47","slug":"israel-fete-ses-20-ans-depuis-son-depart-du-liban","status":"publish","type":"post","link":"https:\/\/israelmagazine.net\/?p=54106","title":{"rendered":"Isra\u00ebl f\u00eate ses 20 ans depuis son d\u00e9part du Liban"},"content":{"rendered":"<h5>Aviv Kochavi, l\\&rsquo;actuel\u00a0 chef d\\&rsquo; Etat major etait Lieutenant colonel au Liban<\/h5>\n<p>&nbsp;<\/p>\n<h3>414 soldats isra\u00e9liens sont tomb\u00e9s au cours des 15 ann\u00e9es de combats sanglants dans la zone de s\u00e9curit\u00e9 du sud du Liban, mais en raison du fait que cette p\u00e9riode n\\&rsquo;est pas d\u00e9finie comme une guerre, il n\\&rsquo;y a pas de comm\u00e9moration officielle par Tsahal<\/h3>\n<p>Dimanche, il y a exactement 20 ans que les forces de Tsahal se sont retir\u00e9es du sud du Liban, mais il n\\&rsquo;y a ni c\u00e9r\u00e9monie, ni drapeau baiss\u00e9, ni discours.<\/p>\n<p>Cet \u00e9v\u00e9nement est surtout connu sur les r\u00e9seaux sociaux par ceux qui ont pass\u00e9 15 ans entre 1985 et 2000 \u00e0 des postes militaires dans toute la zone de s\u00e9curit\u00e9, combattant obstin\u00e9ment la gu\u00e9rilla des terroristes du Hezbollah dans une bataille de dix ans et demi qui n\\&rsquo;est toujours pas d\u00e9finie comme une guerre.<\/p>\n<p>Ces derni\u00e8res semaines, \u00e0 l\\&rsquo;approche du 24 mai, divers groupes Facebook ont \u00e9t\u00e9 cr\u00e9\u00e9s par les soldats qui ont servi dans ces avant-postes.\u00a0Ils se souviennent tous des combats, des bombardements, des convois, des bless\u00e9s et des 414 fr\u00e8res d\\&rsquo;armes qu\\&rsquo;ils ont perdus dans le conflit.<\/p>\n<p>La veille du 24 mai 2000 &#8211; apr\u00e8s une longue bataille publique men\u00e9e par le mouvement de protestation des Quatre M\u00e8res, le Premier ministre d\\&rsquo;alors, Ehoud Barak, a tenu sa promesse \u00e9lectorale et a retir\u00e9 les FDI du Liban.\u00a0En 1998, l\\&rsquo;actuel chef des FDI, Aviv Kochavi, a \u00e9t\u00e9 promu au grade de lieutenant-colonel et nomm\u00e9 commandant de la brigade orientale du Yakal (l\\&rsquo;unit\u00e9 des FDI qui assurait la liaison avec l\\&rsquo;ALS), sous le commandement du Brigadier g\u00e9n\u00e9ral Erez Gerstein, tomb\u00e9 au combat un an plus tard.<\/p>\n<p>\\\u00a0\u00bbLa g\u00e9n\u00e9ration des commandants qui composent l\\&rsquo;\u00e9tat-major a grandi dans les oueds et les embuscades de la zone de s\u00e9curit\u00e9\\\u00a0\u00bb, a d\u00e9clar\u00e9 Kochavi cette semaine, rappelant la p\u00e9riode enlis\u00e9e au Liban.\u00a0C\\&rsquo;est une \u00e9poque o\u00f9 nous avons \u00e9t\u00e9 model\u00e9s personnellement et professionnellement\\\u00a0\u00bb, a d\u00e9clar\u00e9 le chef de cabinet, qui a pass\u00e9 de nombreuses ann\u00e9es \u00e0 combattre au Liban.\u00a0\u00a0Je porte avec moi l\\&rsquo;image de mes amis, qui sont tomb\u00e9s sur le sol libanais, et embrassent leurs familles\\\u00a0\u00bb, a-t-il d\u00e9clar\u00e9.<\/p>\n<p>Kochavi a \u00e9galement rendu hommage aux combattants de l\\&rsquo;arm\u00e9e du Sud-Liban, une milice pro-isra\u00e9lienne dont les membres ont combattu aux c\u00f4t\u00e9s des FDI.<\/p>\n<p>Le chef des FDI, Aviv Kochavi, au centre, avec ses membres de l\\&rsquo;arm\u00e9e du Sud-Liban (Photo: archives )<\/p>\n<p>\u00abAu fil des ans, l\\&rsquo;ennemi au Liban s\\&rsquo;est am\u00e9lior\u00e9 et a progressivement adopt\u00e9 des sch\u00e9mas de gu\u00e9rilla. Il a fallu plusieurs ann\u00e9es \u00e0 Tsahal pour le reconna\u00eetre \u00bb, a d\u00e9clar\u00e9 Kochavi.\u00a0\u00abAu niveau op\u00e9rationnel, ce fut une le\u00e7on majeure &#8211; la n\u00e9cessit\u00e9 d\\&rsquo;une enqu\u00eate claire, ce qui a conduit \u00e0 l\\&rsquo;\u00e9volution de l\\&rsquo;arm\u00e9e et de ses m\u00e9thodes de fonctionnement.\u00bb<\/p>\n<p>Il a ajout\u00e9 : \\\u00a0\u00bbLes ann\u00e9es de combats au Liban sont une le\u00e7on que nous devons tirer, celle d\\&rsquo;avoir la capacit\u00e9 d\\&rsquo;identifier et d\\&rsquo;interpr\u00e9ter une situation donn\u00e9e\\\u00a0\u00bb.<\/p>\n<p>&nbsp;<\/p>\n<blockquote class=\"wp-embedded-content\" data-secret=\"gBo1lzUYYQ\"><p><a href=\"https:\/\/israelmagazine.co.il\/bill-gates-le-prophete\/\">Bill Gates le Proph\u00e8te ?<\/a><\/p><\/blockquote>\n<p><iframe class=\"wp-embedded-content\" sandbox=\"allow-scripts\" security=\"restricted\" style=\"position: absolute; clip: rect(1px, 1px, 1px, 1px);\" title=\"\u00ab\u00a0Bill Gates le Proph\u00e8te ?\u00a0\u00bb &#8212; Israel Magazine\" src=\"https:\/\/israelmagazine.co.il\/bill-gates-le-prophete\/embed\/#?secret=tfmh0ktODU#?secret=gBo1lzUYYQ\" data-secret=\"gBo1lzUYYQ\" width=\"500\" height=\"282\" frameborder=\"0\" marginwidth=\"0\" marginheight=\"0\" scrolling=\"no\"><\/iframe><\/p>\n<h4 class=\\\"p1\\\"><span class=\\\"s1\\\">La suite de l\u2019article se trouve dans le prochain num\u00e9ro d\u2019Isra\u00ebl Magazine<\/span><\/h4>\n<p class=\\\"p1\\\"><span class=\\\"s1\\\">S\u2019abonner au magazine par t\u00e9l\u00e9phone ou par whats app 00972 (0) 54 254 45 20 ou au 0186982727\u00a0\u00a0\u00a0<\/span><\/p>\n<p class=\\\"p2\\\"><span class=\\\"s2\\\">Par email\u00a0\u00a0<a href=\\\"mailto:Andredarmon78@gmail.com\\\"><span class=\\\"s3\\\">Andredarmon78@gmail.com<\/span><\/a><\/span><\/p>\n<p class=\\\"p1\\\"><span class=\\\"s1\\\">Ou directement sur le site\u00a0<a href=\\\"http:\/\/www.israelmagazine.co.il\/\\\"><span class=\\\"s4\\\">www.israelmagazine.co.il<\/span><\/a><\/span><\/p>\n<p class=\\\"p1\\\"><span class=\\\"s1\\\">D\u00e9couvrez un exemplaire du magazine gratuitement et cliquez sur le rebord droit du mag<\/span><\/p>\n<p>&nbsp;<\/p>\n<p class=\\\"p2\\\"><span class=\\\"s5\\\"><a href=\\\"https:\/\/fr.calameo.com\/read\/0010965002cfce9dee566?authid=IRnvqb59CRHm\\\" target=\\\"_blank\\\" rel=\\\"noopener noreferrer\\\">https:\/\/fr.calameo.com\/read\/0010965002cfce9dee566?authid=IRnvqb59CRHm<\/a><\/span><\/p>\n","protected":false},"excerpt":{"rendered":"<p>Aviv Kochavi, l\u2019actuel  chef d\u2019 Etat major etait Lieutenant colonel au Liban&#8230;<\/p>\n","protected":false},"author":4,"featured_media":54107,"comment_status":"open","ping_status":"open","sticky":false,"template":"","format":"standard","meta":{"site-sidebar-layout":"default","site-content-layout":"default","ast-global-header-display":"","ast-main-header-display":"","ast-hfb-above-header-display":"","ast-hfb-below-header-display":"","ast-hfb-mobile-header-display":"","site-post-title":"","ast-breadcrumbs-content":"","ast-featured-img":"","footer-sml-layout":"","theme-transparent-header-meta":"","adv-header-id-meta":"","stick-header-meta":"","header-above-stick-meta":"","header-main-stick-meta":"","header-below-stick-meta":""},"categories":[1687,84,1621,1612,1767,1613,1191,1624,1616],"tags":[2606,2607,2608,2609,2610],"sujet":[],"_links":{"self":[{"href":"https:\/\/israelmagazine.net\/index.php?rest_route=\/wp\/v2\/posts\/54106"}],"collection":[{"href":"https:\/\/israelmagazine.net\/index.php?rest_route=\/wp\/v2\/posts"}],"about":[{"href":"https:\/\/israelmagazine.net\/index.php?rest_route=\/wp\/v2\/types\/post"}],"author":[{"embeddable":true,"href":"https:\/\/israelmagazine.net\/index.php?rest_route=\/wp\/v2\/users\/4"}],"replies":[{"embeddable":true,"href":"https:\/\/israelmagazine.net\/index.php?rest_route=%2Fwp%2Fv2%2Fcomments&post=54106"}],"version-history":[{"count":0,"href":"https:\/\/israelmagazine.net\/index.php?rest_route=\/wp\/v2\/posts\/54106\/revisions"}],"wp:featuredmedia":[{"embeddable":true,"href":"https:\/\/israelmagazine.net\/index.php?rest_route=\/"}],"wp:attachment":[{"href":"https:\/\/israelmagazine.net\/index.php?rest_route=%2Fwp%2Fv2%2Fmedia&parent=54106"}],"wp:term":[{"taxonomy":"category","embeddable":true,"href":"https:\/\/israelmagazine.net\/index.php?rest_route=%2Fwp%2Fv2%2Fcategories&post=54106"},{"taxonomy":"post_tag","embeddable":true,"href":"https:\/\/israelmagazine.net\/index.php?rest_route=%2Fwp%2Fv2%2Ftags&post=54106"},{"taxonomy":"sujet","embeddable":true,"href":"https:\/\/israelmagazine.net\/index.php?rest_route=%2Fwp%2Fv2%2Fsujet&post=54106"}],"curies":[{"name":"wp","href":"https:\/\/api.w.org\/{rel}","templated":true}]}}