{"id":54109,"date":"2020-05-25T10:27:22","date_gmt":"2020-05-25T08:27:22","guid":{"rendered":"https:\/\/israelmagazine.net\/?p=54109"},"modified":"2020-05-25T10:27:22","modified_gmt":"2020-05-25T08:27:22","slug":"le-proces-de-bibi-premier-jour","status":"publish","type":"post","link":"https:\/\/israelmagazine.net\/?p=54109","title":{"rendered":"Le Proc\u00e8s de Bibi: premier jour"},"content":{"rendered":"<h5 id=\\\":52c\\\" class=\\\"hP\\\" tabindex=\\\"-1\\\" data-thread-perm-id=\\\"thread-f:1667639983989263842\\\" data-legacy-thread-id=\\\"1724a5badaeb0de2\\\">Bibi avec Isarel Katz, le nouveau ministre des Finances<\/h5>\n<h3>Arriv\u00e9 au tribunal, Netanyahou d\u00e9nonce les accusations diffamatoires et d\u00e9lirantes. Plusieurs ministres du Likoud, dont le nouveau ministre de la S\u00e9curit\u00e9 int\u00e9rieure, Amir Ohana et la ministre des Transports Miri Regev, sont venus le soutenir. Il fait face \u00e0 des accusations de fraude, d\\&rsquo;abus de confiance et d\\&rsquo;acceptation de pots-de-vin dans une s\u00e9rie de cas de corruption r\u00e9sultant de liens avec des amis riches. Il est accus\u00e9 d\\&rsquo;accepter des cadeaux somptueux et d\\&rsquo;offrir d\\&rsquo;accorder des faveurs \u00e0 de puissants magnats des m\u00e9dias en \u00e9change d\\&rsquo;une couverture favorable de lui et de sa famille.<\/h3>\n<p>Il nie les accusations et a d\u00e9nonc\u00e9 les m\u00e9dias, la police, le parquet et les tribunaux pour avoir forg\u00e9 une conspiration pour le chasser. Elle survient apr\u00e8s des ann\u00e9es de scandales tourbillonnant autour de la famille.<\/p>\n<p>Le PM a demand\u00e9 \u00e9galement que le proc\u00e8s soit diffus\u00e9 en direct ; Plus t\u00f4t au cours d\\&rsquo;une r\u00e9union du cabinet, ni le Premier ministre ni ses ministres n\\&rsquo;ont abord\u00e9 le proc\u00e8s pour corruption, qui devait commencer \u00e0 14 heures ; \\\u00a0\u00bbJ\\&rsquo;esp\u00e8re que les juges rendront justice\\\u00a0\u00bb, a d\u00e9clar\u00e9 Regev, qui est \u00e9galement arriv\u00e9 au palais de justice de J\u00e9rusalem pour soutenir Netanyahou<\/p>\n<p>Benjamin Netanyahou a qualifi\u00e9 les accusations de corruption contre lui de \\\u00a0\u00bbcalomnieuses et d\u00e9lirantes\\\u00a0\u00bb alors qu\\&rsquo;il entrait dans le tribunal de J\u00e9rusalem dimanche, pour entendre la mise en accusation contre lui.\u00a0Netanyahou et son entourage sont arriv\u00e9s au tribunal de district de J\u00e9rusalem vers 14h30, apr\u00e8s que sa demande de voir ses avocats le repr\u00e9senter \u00e0 la place ait \u00e9t\u00e9 rejet\u00e9e. Les co-accus\u00e9s de Netanyahou, Shaul Elovitch et Arnon Mozes, \u00e9diteur de Ynet, sont \u00e9galement arriv\u00e9s au palais de justice pour l\\&rsquo;audience d\\&rsquo;ouverture.<\/p>\n<p><strong>Un dossier construit de toutes pi\u00e8ces<\/strong><\/p>\n<p>Ils ont b\u00e2ti des affaires diffamatoires et d\u00e9lirantes\\\u00a0\u00bb, a d\u00e9clar\u00e9 le Premier ministre dans un communiqu\u00e9 peu apr\u00e8s son arriv\u00e9e au Palais de justice. \\\u00a0\u00bbL\\&rsquo;objectif est de renverser un Premier ministre fort du camp de droite et ainsi retirer la droite de la direction du pays pendant de nombreuses ann\u00e9es.\\\u00a0\u00bb\u00a0Il a demand\u00e9 que la proc\u00e9dure judiciaire soit retransmise en direct \u00e0 la t\u00e9l\u00e9vision pour garantir \\\u00a0\u00bbune transparence totale &#8230; Je me tiens devant vous avec le dos droit et la t\u00eate haute.\u00a0Je veux que le public connaisse toute la v\u00e9rit\u00e9 et je demande donc au tribunal une transparence totale. Que tout soit diffus\u00e9 en direct, non censur\u00e9 et non \u00e9dit\u00e9.\\\u00a0\u00bb<\/p>\n<p>Des m\u00e9dias et une foule de manifestants pro et anti-Netanyahu ont commenc\u00e9 \u00e0 se rassembler devant le tribunal, quelques heures avant l\\&rsquo;audience d\\&rsquo;ouverture.<\/p>\n<p>\\\u00a0\u00bbLes gens ont eu leur mot \u00e0 dire dans les urnes\\\u00a0\u00bb, a d\u00e9clar\u00e9 Regev. \u00ab Je m\\&rsquo;attends \u00e0 ce que les juges ne tombent pas dans le pi\u00e8ge mis en place par les m\u00e9dias. Je crois le Premier ministre. J\\&rsquo;esp\u00e8re vraiment que les juges rendront justice. \u00bb\u00a0La sc\u00e8ne dramatique survient quelques jours seulement apr\u00e8s que le dirigeant de longue date a jur\u00e9 dans son nouveau gouvernement, rompant plus d\\&rsquo;un an d\\&rsquo;impasse politique apr\u00e8s trois \u00e9lections non concluantes.<\/p>\n<p><strong>Conseil des ministres<\/strong><\/p>\n<p>Plus t\u00f4t, Netanyahou avait tenu sa premi\u00e8re r\u00e9union du cabinet avec le nouveau gouvernement quelques heures avant de se rendre en cour. Ni lui ni aucun de ses ministres ne se sont adress\u00e9s au proc\u00e8s imminent, mais le ministre sortant des Affaires religieuses du pays a souhait\u00e9 \u00e0 Netanyahou que \\\u00a0\u00bbDieu r\u00e9v\u00e9lera la v\u00e9rit\u00e9\\\u00a0\u00bb lors de son proc\u00e8s.<\/p>\n<p>&nbsp;<\/p>\n<blockquote class=\"wp-embedded-content\" data-secret=\"TLNQVoTEhd\"><p><a href=\"https:\/\/israelmagazine.co.il\/bill-gates-le-prophete\/\">Bill Gates le Proph\u00e8te ?<\/a><\/p><\/blockquote>\n<p><iframe class=\"wp-embedded-content\" sandbox=\"allow-scripts\" security=\"restricted\" style=\"position: absolute; clip: rect(1px, 1px, 1px, 1px);\" title=\"\u00ab\u00a0Bill Gates le Proph\u00e8te ?\u00a0\u00bb &#8212; Israel Magazine\" src=\"https:\/\/israelmagazine.co.il\/bill-gates-le-prophete\/embed\/#?secret=iNfLPcX89f#?secret=TLNQVoTEhd\" data-secret=\"TLNQVoTEhd\" width=\"500\" height=\"282\" frameborder=\"0\" marginwidth=\"0\" marginheight=\"0\" scrolling=\"no\"><\/iframe><\/p>\n<h4 class=\\\"p1\\\"><span class=\\\"s1\\\">La suite de l\u2019article se trouve dans le prochain num\u00e9ro d\u2019Isra\u00ebl Magazine<\/span><\/h4>\n<p class=\\\"p1\\\"><span class=\\\"s1\\\">S\u2019abonner au magazine par t\u00e9l\u00e9phone ou par whats app 00972 (0) 54 254 45 20 ou au 0186982727\u00a0\u00a0\u00a0<\/span><\/p>\n<p class=\\\"p2\\\"><span class=\\\"s2\\\">Par email\u00a0\u00a0<a href=\\\"mailto:Andredarmon78@gmail.com\\\"><span class=\\\"s3\\\">Andredarmon78@gmail.com<\/span><\/a><\/span><\/p>\n<p class=\\\"p1\\\"><span class=\\\"s1\\\">Ou directement sur le site\u00a0<a href=\\\"http:\/\/www.israelmagazine.co.il\/\\\"><span class=\\\"s4\\\">www.israelmagazine.co.il<\/span><\/a><\/span><\/p>\n<p class=\\\"p1\\\"><span class=\\\"s1\\\">D\u00e9couvrez un exemplaire du magazine gratuitement et cliquez sur le rebord droit du mag<\/span><\/p>\n<p>&nbsp;<\/p>\n<p class=\\\"p2\\\"><span class=\\\"s5\\\"><a href=\\\"https:\/\/fr.calameo.com\/read\/0010965002cfce9dee566?authid=IRnvqb59CRHm\\\" target=\\\"_blank\\\" rel=\\\"noopener noreferrer\\\">https:\/\/fr.calameo.com\/read\/0010965002cfce9dee566?authid=IRnvqb59CRHm<\/a><\/span><\/p>\n","protected":false},"excerpt":{"rendered":"<p>Arriv\u00e9 au tribunal, Netanyahou d\u00e9nonce les accusations diffamatoires et d\u00e9lirantes. Plusieurs ministres du Likoud, dont le nouveau ministre&#8230;<\/p>\n","protected":false},"author":4,"featured_media":54110,"comment_status":"open","ping_status":"open","sticky":false,"template":"","format":"standard","meta":{"site-sidebar-layout":"default","site-content-layout":"default","ast-global-header-display":"","ast-main-header-display":"","ast-hfb-above-header-display":"","ast-hfb-below-header-display":"","ast-hfb-mobile-header-display":"","site-post-title":"","ast-breadcrumbs-content":"","ast-featured-img":"","footer-sml-layout":"","theme-transparent-header-meta":"","adv-header-id-meta":"","stick-header-meta":"","header-above-stick-meta":"","header-main-stick-meta":"","header-below-stick-meta":""},"categories":[1687,84,1621,1612,1767,1613,1191],"tags":[2611,2612,2613,2614,2615,2616,2617,2618,2619],"sujet":[],"_links":{"self":[{"href":"https:\/\/israelmagazine.net\/index.php?rest_route=\/wp\/v2\/posts\/54109"}],"collection":[{"href":"https:\/\/israelmagazine.net\/index.php?rest_route=\/wp\/v2\/posts"}],"about":[{"href":"https:\/\/israelmagazine.net\/index.php?rest_route=\/wp\/v2\/types\/post"}],"author":[{"embeddable":true,"href":"https:\/\/israelmagazine.net\/index.php?rest_route=\/wp\/v2\/users\/4"}],"replies":[{"embeddable":true,"href":"https:\/\/israelmagazine.net\/index.php?rest_route=%2Fwp%2Fv2%2Fcomments&post=54109"}],"version-history":[{"count":0,"href":"https:\/\/israelmagazine.net\/index.php?rest_route=\/wp\/v2\/posts\/54109\/revisions"}],"wp:featuredmedia":[{"embeddable":true,"href":"https:\/\/israelmagazine.net\/index.php?rest_route=\/"}],"wp:attachment":[{"href":"https:\/\/israelmagazine.net\/index.php?rest_route=%2Fwp%2Fv2%2Fmedia&parent=54109"}],"wp:term":[{"taxonomy":"category","embeddable":true,"href":"https:\/\/israelmagazine.net\/index.php?rest_route=%2Fwp%2Fv2%2Fcategories&post=54109"},{"taxonomy":"post_tag","embeddable":true,"href":"https:\/\/israelmagazine.net\/index.php?rest_route=%2Fwp%2Fv2%2Ftags&post=54109"},{"taxonomy":"sujet","embeddable":true,"href":"https:\/\/israelmagazine.net\/index.php?rest_route=%2Fwp%2Fv2%2Fsujet&post=54109"}],"curies":[{"name":"wp","href":"https:\/\/api.w.org\/{rel}","templated":true}]}}