{"id":54129,"date":"2020-06-07T06:52:09","date_gmt":"2020-06-07T04:52:09","guid":{"rendered":"https:\/\/israelmagazine.net\/?p=54129"},"modified":"2020-06-07T06:52:09","modified_gmt":"2020-06-07T04:52:09","slug":"le-dilemme-du-plan-de-paix-de-trump-au-moyen-orient","status":"publish","type":"post","link":"https:\/\/israelmagazine.net\/?p=54129","title":{"rendered":"Le Dilemme du plan de paix de Trump au Moyen-Orient"},"content":{"rendered":"<h3 style=\\\"font-weight: 400;\\\"><strong>Donald Trump commencerait \u00e0 se demander si son soutien aux ambitions d\\&rsquo;annexion de Bibi Netanyahou fait plus de mal que de bien; La droite isra\u00e9lienne se rend compte lentement que l\\&rsquo;annexion signifie aussi l\\&rsquo;\u00e9mergence d\\&rsquo;un Etat palestinien<\/strong><\/h3>\n<p style=\\\"font-weight: 400;\\\">Le plan de paix de Donald Trump pour le conflit isra\u00e9lo-palestinien, \u00a0si chaleureusement accueilli par Benjamin Netanyahou et le ministre de la D\u00e9fense Benny Gantz lors de sa r\u00e9v\u00e9lation, a \u00e9t\u00e9 plut\u00f4t mis de c\u00f4t\u00e9 pendant l\\&rsquo;\u00e9pid\u00e9mie de coronavirus.<\/p>\n<p style=\\\"font-weight: 400;\\\"><strong>Le virus dans la r\u00e9gion diminuant, l\\&rsquo;\u00abaccord du si\u00e8cle\u00bb revient dans le discours isra\u00e9lien, am\u00e9ricain et du Moyen-Orient &#8211; et il pourrait bient\u00f4t se r\u00e9v\u00e9ler \u00eatre un pi\u00e8ge<\/strong><strong>.<\/strong><\/p>\n<p style=\\\"font-weight: 400;\\\">Lors d\\&rsquo;une r\u00e9union de faction du Likoud cette semaine, Netanyahu a d\u00e9clar\u00e9 qu\\&rsquo;Isra\u00ebl allait \u00e9tendre sa souverainet\u00e9 sur les villages juifs de Jud\u00e9e Samarie \u00e0 partir du 1er juillet.<\/p>\n<p style=\\\"font-weight: 400;\\\">M\u00eame le ministre des Affaires \u00e9trang\u00e8res, Gabi Ashkenazi, a parl\u00e9 de l\\&rsquo;importance historique du plan, mais le m\u00eame jour, le Conseil de Yesha \u2013 le conseil Supreme de Jud\u00e9e Samarie &#8211; a rejet\u00e9 ce qu\\&rsquo;ils ont appel\u00e9 \\\u00a0\u00bbun sch\u00e9ma dangereux\\\u00a0\u00bb.<\/p>\n<p style=\\\"font-weight: 400;\\\">Pendant ce temps, alors que les \u00c9tats-Unis enregistrent plus de 100000 victimes du coronavirus &#8211; Trump parait vuln\u00e9rable avant les \u00e9lections de novembre et certains \u00e0 Washington ont commenc\u00e9 \u00e0 se demander si les ambitions de souverainet\u00e9 isra\u00e9lienne de Netanyahou en valaient m\u00eame la peine.\u00a0Les prochaines \u00e9lections aux \u00c9tats-Unis portent moins sur Biden que sur l\\&rsquo;h\u00e9ritage de Trump, et l\\&rsquo;\u00e9conomie joue toujours un r\u00f4le important dans la d\u00e9cision finale des \u00e9lecteurs.<\/p>\n<p style=\\\"font-weight: 400;\\\">Bien qu\\&rsquo;un pr\u00e9sident en exercice ait toujours un avantage lorsque les citoyens se rendent aux urnes, ceux qui ont \u00e9chou\u00e9 sur le plan \u00e9conomique ont toujours du mal \u00e0 retourner \u00e0 la Maison Blanche : Jimmy Carter a perdu contre Ronald Reagan, George Bush &#8211; qui a remport\u00e9 la guerre du Golfe &#8211; a perdu contre Bill Clinton.<\/p>\n<p style=\\\"font-weight: 400;\\\">Isra\u00ebl en est conscient. Netanyahou craint que les d\u00e9mocrates ne reprennent possession de la Maison Blanche ou m\u00eame qu\\&rsquo;ils n\\&rsquo;obtiennent la majorit\u00e9 au S\u00e9nat.<br \/>\nBeaucoup voient en Netanyahou le responsable de la propagation de la haine contre l\\&rsquo;ancien pr\u00e9sident am\u00e9ricain Barak Obama et un proche alli\u00e9 politique de Trump et de la droite am\u00e9ricaine.\u00a0Ce sc\u00e9nario est moins pr\u00e9occupant pour Gantz et Ashkenazi qui pourraient profiter de l\\&rsquo;opportunit\u00e9 de se reconstruire politiquement et de cr\u00e9er une alliance transatlantique hostile \u00e0 Netanyahou.<\/p>\n<p>&nbsp;<\/p>\n<blockquote class=\"wp-embedded-content\" data-secret=\"SykWefyHo7\"><p><a href=\"https:\/\/israelmagazine.co.il\/bill-gates-le-prophete\/\">Bill Gates le Proph\u00e8te ?<\/a><\/p><\/blockquote>\n<p><iframe class=\"wp-embedded-content\" sandbox=\"allow-scripts\" security=\"restricted\" style=\"position: absolute; clip: rect(1px, 1px, 1px, 1px);\" title=\"\u00ab\u00a0Bill Gates le Proph\u00e8te ?\u00a0\u00bb &#8212; Israel Magazine\" src=\"https:\/\/israelmagazine.co.il\/bill-gates-le-prophete\/embed\/#?secret=4fvk8ma4w8#?secret=SykWefyHo7\" data-secret=\"SykWefyHo7\" width=\"500\" height=\"282\" frameborder=\"0\" marginwidth=\"0\" marginheight=\"0\" scrolling=\"no\"><\/iframe><\/p>\n<h4 class=\\\"p1\\\"><span class=\\\"s1\\\">La suite de l\u2019article se trouve dans le prochain num\u00e9ro d\u2019Isra\u00ebl Magazine<\/span><\/h4>\n<p class=\\\"p1\\\"><span class=\\\"s1\\\">S\u2019abonner au magazine par t\u00e9l\u00e9phone ou par whats app 00972 (0) 54 254 45 20 ou au 0186982727\u00a0\u00a0\u00a0<\/span><\/p>\n<p class=\\\"p2\\\"><span class=\\\"s2\\\">Par email\u00a0\u00a0<a href=\\\"mailto:Andredarmon78@gmail.com\\\"><span class=\\\"s3\\\">Andredarmon78@gmail.com<\/span><\/a><\/span><\/p>\n<p class=\\\"p1\\\"><span class=\\\"s1\\\">Ou directement sur le site\u00a0<a href=\\\"http:\/\/www.israelmagazine.co.il\/\\\"><span class=\\\"s4\\\">www.israelmagazine.co.il<\/span><\/a><\/span><\/p>\n<p class=\\\"p1\\\"><span class=\\\"s1\\\">D\u00e9couvrez un exemplaire du magazine gratuitement et cliquez sur le rebord droit du mag<\/span><\/p>\n<p>&nbsp;<\/p>\n<p class=\\\"p2\\\"><span class=\\\"s5\\\"><a href=\\\"https:\/\/fr.calameo.com\/read\/0010965002cfce9dee566?authid=IRnvqb59CRHm\\\" target=\\\"_blank\\\" rel=\\\"noopener noreferrer\\\">https:\/\/fr.calameo.com\/read\/0010965002cfce9dee566?authid=IRnvqb59CRHm<\/a><\/span><\/p>\n","protected":false},"excerpt":{"rendered":"<p>Donald Trump commencerait \u00e0 se demander si son soutien aux ambitions d\\&rsquo;annexion de Bibi Netanyahou fait plus de mal que de bien; La droite isra\u00e9lienne se rend compte lentement que l\\&rsquo;annexion signifie aussi l\\&rsquo;\u00e9mergence d\\&rsquo;un Etat palestinien Le plan de paix de Donald Trump pour le conflit isra\u00e9lo-palestinien, \u00a0si chaleureusement accueilli par Benjamin Netanyahou et &hellip;<\/p>\n<p class=\"read-more\"> <a class=\"\" href=\"https:\/\/israelmagazine.net\/?p=54129\"> <span class=\"screen-reader-text\">Le Dilemme du plan de paix de Trump au Moyen-Orient<\/span> Lire la suite \u00bb<\/a><\/p>\n","protected":false},"author":4,"featured_media":54164,"comment_status":"open","ping_status":"open","sticky":false,"template":"","format":"standard","meta":{"site-sidebar-layout":"default","site-content-layout":"default","ast-global-header-display":"","ast-main-header-display":"","ast-hfb-above-header-display":"","ast-hfb-below-header-display":"","ast-hfb-mobile-header-display":"","site-post-title":"","ast-breadcrumbs-content":"","ast-featured-img":"","footer-sml-layout":"","theme-transparent-header-meta":"","adv-header-id-meta":"","stick-header-meta":"","header-above-stick-meta":"","header-main-stick-meta":"","header-below-stick-meta":""},"categories":[1687,84,1621,1767,1613,1623,1618,1615],"tags":[406],"sujet":[],"_links":{"self":[{"href":"https:\/\/israelmagazine.net\/index.php?rest_route=\/wp\/v2\/posts\/54129"}],"collection":[{"href":"https:\/\/israelmagazine.net\/index.php?rest_route=\/wp\/v2\/posts"}],"about":[{"href":"https:\/\/israelmagazine.net\/index.php?rest_route=\/wp\/v2\/types\/post"}],"author":[{"embeddable":true,"href":"https:\/\/israelmagazine.net\/index.php?rest_route=\/wp\/v2\/users\/4"}],"replies":[{"embeddable":true,"href":"https:\/\/israelmagazine.net\/index.php?rest_route=%2Fwp%2Fv2%2Fcomments&post=54129"}],"version-history":[{"count":0,"href":"https:\/\/israelmagazine.net\/index.php?rest_route=\/wp\/v2\/posts\/54129\/revisions"}],"wp:featuredmedia":[{"embeddable":true,"href":"https:\/\/israelmagazine.net\/index.php?rest_route=\/"}],"wp:attachment":[{"href":"https:\/\/israelmagazine.net\/index.php?rest_route=%2Fwp%2Fv2%2Fmedia&parent=54129"}],"wp:term":[{"taxonomy":"category","embeddable":true,"href":"https:\/\/israelmagazine.net\/index.php?rest_route=%2Fwp%2Fv2%2Fcategories&post=54129"},{"taxonomy":"post_tag","embeddable":true,"href":"https:\/\/israelmagazine.net\/index.php?rest_route=%2Fwp%2Fv2%2Ftags&post=54129"},{"taxonomy":"sujet","embeddable":true,"href":"https:\/\/israelmagazine.net\/index.php?rest_route=%2Fwp%2Fv2%2Fsujet&post=54129"}],"curies":[{"name":"wp","href":"https:\/\/api.w.org\/{rel}","templated":true}]}}