{"id":54167,"date":"2020-06-07T06:59:27","date_gmt":"2020-06-07T04:59:27","guid":{"rendered":"https:\/\/israelmagazine.net\/?p=54167"},"modified":"2020-06-07T06:59:27","modified_gmt":"2020-06-07T04:59:27","slug":"israel-loue-des-drones-a-la-grece-pour-la-defense-des-frontieres","status":"publish","type":"post","link":"https:\/\/israelmagazine.net\/?p=54167","title":{"rendered":"Isra\u00ebl loue des drones \u00e0 la Gr\u00e8ce pour la d\u00e9fense des fronti\u00e8res"},"content":{"rendered":"<h5><b><span lang=\\\"FR\\\">IAI Heron UAV (Photo : Isra\u00ebl Aerospace Industries)<\/span><\/b><\/h5>\n<h3><\/h3>\n<h3 style=\\\"font-weight: 400;\\\"><strong>Isra\u00ebl a d\u00e9clar\u00e9 qu\\&rsquo;il allait louer des drones \u00e0 la Gr\u00e8ce pour d\u00e9fendre ses fronti\u00e8res, dans le premier accord militaire entre les deux pays qui comprend une option d\\&rsquo;achat du syst\u00e8me.<\/strong><\/h3>\n<p style=\\\"font-weight: 400;\\\">Le minist\u00e8re de la D\u00e9fense a d\u00e9clar\u00e9 que l\\&rsquo;accord avec le minist\u00e8re hell\u00e9nique de la D\u00e9fense nationale avait \u00e9t\u00e9 sign\u00e9 num\u00e9riquement en raison de la crise des coronavirus<\/p>\n<p style=\\\"font-weight: 400;\\\">Dans le cadre de ce premier accord militaire entre les deux \u00c9tats, le minist\u00e8re grec de la D\u00e9fense ach\u00e8te un syst\u00e8me de fabrication isra\u00e9lienne pour l\\&rsquo;aider \u00e0 prot\u00e9ger les fronti\u00e8res maritimes et terrestres, \u00e0 pr\u00e9venir la contrebande et la traite des \u00eatres humains, \u00e0 entreprendre des missions de recherche et de sauvetage et \u00e0 g\u00e9rer les catastrophes naturelles.<\/p>\n<p style=\\\"font-weight: 400;\\\">\n<p style=\\\"font-weight: 400;\\\">Dans le cadre de l\\&rsquo;accord, le minist\u00e8re de la D\u00e9fense louera le syst\u00e8me de v\u00e9hicule a\u00e9rien sans pilote (UAV) Heron, fabriqu\u00e9 par la soci\u00e9t\u00e9 d\\&rsquo;\u00c9tat Israel Aerospace Industries pour trois ans.\u00a0Le syst\u00e8me Heron, utilis\u00e9 par Tsahal et par les forces navales du monde entier, est \u00e9quip\u00e9 de plates-formes d\\&rsquo;activit\u00e9s de jour et de nuit, de radars de patrouille maritime et de communications par satellite.\u00a0Il sera utilis\u00e9 par la Gr\u00e8ce principalement pour la d\u00e9fense des fronti\u00e8res, a d\u00e9clar\u00e9 le minist\u00e8re isra\u00e9lien dans un communiqu\u00e9, ajoutant que les relations de s\u00e9curit\u00e9 entre Isra\u00ebl et la Gr\u00e8ce se d\u00e9veloppaient.<\/p>\n<p style=\\\"font-weight: 400;\\\">Le syst\u00e8me isra\u00e9lien contribuera \u00e0 prot\u00e9ger les fronti\u00e8res de la Gr\u00e8ce en initiant la patrouille maritime et la protection des fronti\u00e8res maritimes et terrestres, en emp\u00eachant le transport de contrebande et la traite des \u00eatres humains, en se lan\u00e7ant dans des missions de recherche et de sauvetage et en g\u00e9rant les catastrophes naturelles.<\/p>\n<p style=\\\"font-weight: 400;\\\">Selon les m\u00e9dias grecs, les deux drones seront utilis\u00e9s pour renforcer les capacit\u00e9s de collecte de renseignements du pays et dissuaderont la Turquie, qui a d\u00e9ploy\u00e9 des drones dans la r\u00e9gion d\\&rsquo;Evros et la mer \u00c9g\u00e9e qui borde les deux pays.<\/p>\n<p style=\\\"font-weight: 400;\\\">\\\u00a0\u00bbNous esp\u00e9rons signer des accords suppl\u00e9mentaires avec la Gr\u00e8ce ainsi qu\\&rsquo;avec d\\&rsquo;autres partenaires europ\u00e9ens, les aidant \u00e0 relever les d\u00e9fis de s\u00e9curit\u00e9 en p\u00e9riode de pand\u00e9mie de coronavirus et au-del\u00e0\\\u00a0\u00bb, a d\u00e9clar\u00e9 le chef de la Direction de la coop\u00e9ration internationale en mati\u00e8re de D\u00e9fense, Yair Koulas.<\/p>\n<blockquote class=\"wp-embedded-content\" data-secret=\"ZkwCpBTUCU\"><p><a href=\"https:\/\/israelmagazine.co.il\/bill-gates-le-prophete\/\">Bill Gates le Proph\u00e8te ?<\/a><\/p><\/blockquote>\n<p><iframe class=\"wp-embedded-content\" sandbox=\"allow-scripts\" security=\"restricted\" style=\"position: absolute; clip: rect(1px, 1px, 1px, 1px);\" title=\"\u00ab\u00a0Bill Gates le Proph\u00e8te ?\u00a0\u00bb &#8212; Israel Magazine\" src=\"https:\/\/israelmagazine.co.il\/bill-gates-le-prophete\/embed\/#?secret=ge1YdqtkhQ#?secret=ZkwCpBTUCU\" data-secret=\"ZkwCpBTUCU\" width=\"500\" height=\"282\" frameborder=\"0\" marginwidth=\"0\" marginheight=\"0\" scrolling=\"no\"><\/iframe><\/p>\n<h4 class=\\\"p1\\\"><span class=\\\"s1\\\">La suite de l\u2019article se trouve dans le prochain num\u00e9ro d\u2019Isra\u00ebl Magazine<\/span><\/h4>\n<p class=\\\"p1\\\"><span class=\\\"s1\\\">S\u2019abonner au magazine par t\u00e9l\u00e9phone ou par whats app 00972 (0) 54 254 45 20 ou au 0186982727\u00a0\u00a0\u00a0<\/span><\/p>\n<p class=\\\"p2\\\"><span class=\\\"s2\\\">Par email\u00a0\u00a0<a href=\\\"mailto:Andredarmon78@gmail.com\\\"><span class=\\\"s3\\\">Andredarmon78@gmail.com<\/span><\/a><\/span><\/p>\n<p class=\\\"p1\\\"><span class=\\\"s1\\\">Ou directement sur le site\u00a0<a href=\\\"http:\/\/www.israelmagazine.co.il\/\\\"><span class=\\\"s4\\\">www.israelmagazine.co.il<\/span><\/a><\/span><\/p>\n<p class=\\\"p1\\\"><span class=\\\"s1\\\">D\u00e9couvrez un exemplaire du magazine gratuitement et cliquez sur le rebord droit du mag<\/span><\/p>\n<p>&nbsp;<\/p>\n<p class=\\\"p2\\\"><span class=\\\"s5\\\"><a href=\\\"https:\/\/fr.calameo.com\/read\/0010965002cfce9dee566?authid=IRnvqb59CRHm\\\" target=\\\"_blank\\\" rel=\\\"noopener noreferrer\\\">https:\/\/fr.calameo.com\/read\/0010965002cfce9dee566?authid=IRnvqb59CRHm<\/a><\/span><\/p>\n","protected":false},"excerpt":{"rendered":"<p>IAI Heron UAV (Photo : Isra\u00ebl Aerospace Industries) Isra\u00ebl a d\u00e9clar\u00e9 qu\\&rsquo;il allait louer des drones \u00e0 la Gr\u00e8ce pour d\u00e9fendre ses fronti\u00e8res, dans le premier accord militaire entre les deux pays qui comprend une option d\\&rsquo;achat du syst\u00e8me. Le minist\u00e8re de la D\u00e9fense a d\u00e9clar\u00e9 que l\\&rsquo;accord avec le minist\u00e8re hell\u00e9nique de la D\u00e9fense &hellip;<\/p>\n<p class=\"read-more\"> <a class=\"\" href=\"https:\/\/israelmagazine.net\/?p=54167\"> <span class=\"screen-reader-text\">Isra\u00ebl loue des drones \u00e0 la Gr\u00e8ce pour la d\u00e9fense des fronti\u00e8res<\/span> Lire la suite \u00bb<\/a><\/p>\n","protected":false},"author":4,"featured_media":54168,"comment_status":"open","ping_status":"open","sticky":false,"template":"","format":"standard","meta":{"site-sidebar-layout":"default","site-content-layout":"default","ast-global-header-display":"","ast-main-header-display":"","ast-hfb-above-header-display":"","ast-hfb-below-header-display":"","ast-hfb-mobile-header-display":"","site-post-title":"","ast-breadcrumbs-content":"","ast-featured-img":"","footer-sml-layout":"","theme-transparent-header-meta":"","adv-header-id-meta":"","stick-header-meta":"","header-above-stick-meta":"","header-main-stick-meta":"","header-below-stick-meta":""},"categories":[1687,84,1621,1612,1613,1623,1624,1616],"tags":[2628,2629],"sujet":[],"_links":{"self":[{"href":"https:\/\/israelmagazine.net\/index.php?rest_route=\/wp\/v2\/posts\/54167"}],"collection":[{"href":"https:\/\/israelmagazine.net\/index.php?rest_route=\/wp\/v2\/posts"}],"about":[{"href":"https:\/\/israelmagazine.net\/index.php?rest_route=\/wp\/v2\/types\/post"}],"author":[{"embeddable":true,"href":"https:\/\/israelmagazine.net\/index.php?rest_route=\/wp\/v2\/users\/4"}],"replies":[{"embeddable":true,"href":"https:\/\/israelmagazine.net\/index.php?rest_route=%2Fwp%2Fv2%2Fcomments&post=54167"}],"version-history":[{"count":0,"href":"https:\/\/israelmagazine.net\/index.php?rest_route=\/wp\/v2\/posts\/54167\/revisions"}],"wp:featuredmedia":[{"embeddable":true,"href":"https:\/\/israelmagazine.net\/index.php?rest_route=\/"}],"wp:attachment":[{"href":"https:\/\/israelmagazine.net\/index.php?rest_route=%2Fwp%2Fv2%2Fmedia&parent=54167"}],"wp:term":[{"taxonomy":"category","embeddable":true,"href":"https:\/\/israelmagazine.net\/index.php?rest_route=%2Fwp%2Fv2%2Fcategories&post=54167"},{"taxonomy":"post_tag","embeddable":true,"href":"https:\/\/israelmagazine.net\/index.php?rest_route=%2Fwp%2Fv2%2Ftags&post=54167"},{"taxonomy":"sujet","embeddable":true,"href":"https:\/\/israelmagazine.net\/index.php?rest_route=%2Fwp%2Fv2%2Fsujet&post=54167"}],"curies":[{"name":"wp","href":"https:\/\/api.w.org\/{rel}","templated":true}]}}