{"id":54184,"date":"2020-06-08T12:46:44","date_gmt":"2020-06-08T10:46:44","guid":{"rendered":"https:\/\/israelmagazine.net\/?p=54184"},"modified":"2020-06-08T12:46:44","modified_gmt":"2020-06-08T10:46:44","slug":"lavenir-precaire-du-gouvernement-dunion-nationale","status":"publish","type":"post","link":"https:\/\/israelmagazine.net\/?p=54184","title":{"rendered":"L\\&rsquo;Avenir pr\u00e9caire du gouvernement d\\&rsquo;union nationale\u2026"},"content":{"rendered":"<h5>La Conf\u00e9rence de San Remo d\\&rsquo;avril 1920 a transform\u00e9 les \\\u00a0\u00bbdroits historiques\\\u00a0\u00bb du peuple juif sur ces terres &#8211; d\u00e9j\u00e0 reconnus dans la D\u00e9claration Balfour de 1917 &#8211; en \\\u00a0\u00bbdroits l\u00e9gaux\\\u00a0\u00bb reconnus par un Trait\u00e9 de paix international ayant force de loi.<\/h5>\n<h3><\/h3>\n<h3>La sc\u00e8ne politique de l\\&rsquo;Etat h\u00e9breu est \u00e0 ce point devenue volatile qu\\&rsquo;aucun sp\u00e9cialiste en Affaires int\u00e9rieures isra\u00e9liennes ne saurait entrevoir de mani\u00e8re s\u00e9rieuse, en se projetant une ann\u00e9e plus tard, le sc\u00e9nario le plus probable concernant l\\&rsquo;avenir du cabinet Netanyahou-Gantz.<\/h3>\n<p>De mani\u00e8re symptomatique et dramatique, le t\u00e9lescopage spectaculaire des agendas politique et judiciaire du pays a voulu que ce dimanche 24 mai &#8211; journ\u00e9e devenue \\\u00a0\u00bbhistorique\\\u00a0\u00bb &#8211; ait \u00e9t\u00e9 marqu\u00e9 par la tenue, le matin dans la salle Chagall de la Knesset, de la 1\u00e8re r\u00e9union du Conseil des ministres du cabinet d\\&rsquo;union nationale, puis, l\\&rsquo;apr\u00e8s-midi, par l\\&rsquo;ouverture fort mouvement\u00e9e dans et hors de la salle 317 du Tribunal de district de J\u00e9rusalem, d\\&rsquo;un proc\u00e8s d\\&rsquo;un genre sans pr\u00e9c\u00e9dent pour le pays : celui d\\&rsquo;un Premier ministre dans l\\&rsquo;exercice de ses fonctions !<\/p>\n<h3>Les pi\u00e8ges du \\\u00a0\u00bbproc\u00e8s Netanyahou\\\u00a0\u00bb<\/h3>\n<p>La 1\u00e8re bataille juridique men\u00e9e par les avocats de Netanyahou consiste \u00e0 obtenir des trois juges de ce Tribunal que les prochaines auditions \u2013 desquelles ils ont d\\&rsquo;ores et d\u00e9j\u00e0 dispens\u00e9 le Premier ministre \u2013 aient lieu le plus tard possible dans l\\&rsquo;ann\u00e9e en cours, voire au d\u00e9but 2021. Raison \u00e9vidente de cette tentative de temporisation : comme la rotation Netanyahou-Gantz au poste de Premier ministre est fix\u00e9e au 17 novembre 2021 (date \u00e0 laquelle Bibi est cens\u00e9 laisser son poste au chef du Parti Bleu-Blanc), sa d\u00e9fense souhaite \u00e0 tout prix \u00e9viter qu\\&rsquo;un rythme soutenu des d\u00e9lib\u00e9rations du Tribunal ne le conduise \u00e0 prononcer trop t\u00f4t son verdict dans les affaires de corruption concern\u00e9es \u00e0 un moment qui, justement, affecterait de mani\u00e8re \u00e9vidente le m\u00e9canisme d\u00e9j\u00e0 fort d\u00e9licat de cette alternance politique\u2026 surtout si Bibi devait \u00eatre condamn\u00e9 totalement ou partiellement !<\/p>\n<p>De plus, quelle que soit l\\&rsquo;issue finale de ce proc\u00e8s, m\u00eame s\\&rsquo;il risque de durer au moins jusqu\\&rsquo;au milieu de l\\&rsquo;ann\u00e9e 2022 \u2013 en raison notamment du tr\u00e8s grand nombre de t\u00e9moins convoqu\u00e9s \u00e0 la barre -, les tensions internes \u00e0 l\\&rsquo;Etat et \u00e0 la soci\u00e9t\u00e9 d\\&rsquo;Isra\u00ebl, \u00e0 pr\u00e9sent d\u00e9j\u00e0 tr\u00e8s exacerb\u00e9es, deviendront plus vives. En effet, si Netanyahou \u00e9tait condamn\u00e9, la moiti\u00e9 ou plus des citoyens du pays, ceux-l\u00e0 m\u00eames qui ont accord\u00e9 \u00e0 trois reprises leur pleine confiance au chef du Likoud (avec 40 % de votes suppl\u00e9mentaires en mars 2020 alors qu\\&rsquo;il \u00e9tait d\u00e9j\u00e0 inculp\u00e9) et qui veulent le voir continuer \u00e0 diriger le pays, estimeront que le syst\u00e8me judiciaire l\\&rsquo;a d\u00e9tr\u00f4n\u00e9 en s\\&rsquo;acharnant contre lui en raison de ses options politiques de droite.<\/p>\n<p>Et ce, pendant que les anti-Netanyahou et autres porteurs de drapeaux noirs, qui auront alors de bonnes raisons de se r\u00e9jouir, critiqueront de mani\u00e8re d\u00e9cupl\u00e9e le fonctionnement du syst\u00e8me politique national qui aura donc permis \u00e0 un tel \\\u00a0\u00bbcriminel\\\u00a0\u00bb de rester si longtemps au pouvoir\u2026 Dans le cas &#8211; peu probable pour l\\&rsquo;instant &#8211; d\\&rsquo;un acquittement de Bibi, la situation, m\u00eame invers\u00e9e, ne sera gu\u00e8re meilleure pour Isra\u00ebl : une bonne part du public pourra alors se demander \u00e0 juste titre pourquoi les services du Procureur de l\\&rsquo;Etat et de la Justice se seraient ainsi acharn\u00e9s contre une haute figure politique, finalement innocente, en suscitant de surcro\u00eet pendant de si longs mois un tel traumatisme juridico-politique. Quant aux adversaires \\\u00a0\u00bbcorps et \u00e2me\\\u00a0\u00bb de Netanyahou, ils critiqueront de plus belle \\\u00a0\u00bbles juges d\u00e9gonfl\u00e9s\\\u00a0\u00bb qui auraient craint de s\\&rsquo;en prendre \u00e0 Bibi en abhorrant encore plus le<\/p>\n<p>&nbsp;<\/p>\n<p>Par RICHARD DARMON<\/p>\n<blockquote class=\"wp-embedded-content\" data-secret=\"du673KXumP\"><p><a href=\"https:\/\/israelmagazine.co.il\/bill-gates-le-prophete\/\">Bill Gates le Proph\u00e8te ?<\/a><\/p><\/blockquote>\n<p><iframe class=\"wp-embedded-content\" sandbox=\"allow-scripts\" security=\"restricted\" style=\"position: absolute; clip: rect(1px, 1px, 1px, 1px);\" title=\"\u00ab\u00a0Bill Gates le Proph\u00e8te ?\u00a0\u00bb &#8212; Israel Magazine\" src=\"https:\/\/israelmagazine.co.il\/bill-gates-le-prophete\/embed\/#?secret=qjfOIOGkWt#?secret=du673KXumP\" data-secret=\"du673KXumP\" width=\"500\" height=\"282\" frameborder=\"0\" marginwidth=\"0\" marginheight=\"0\" scrolling=\"no\"><\/iframe><\/p>\n<h4 class=\\\"p1\\\"><span class=\\\"s1\\\">La suite de l\u2019article se trouve dans le prochain num\u00e9ro d\u2019Isra\u00ebl Magazine<\/span><\/h4>\n<p class=\\\"p1\\\"><span class=\\\"s1\\\">S\u2019abonner au magazine par t\u00e9l\u00e9phone ou par whats app 00972 (0) 54 254 45 20 ou au 0186982727\u00a0\u00a0\u00a0<\/span><\/p>\n<p class=\\\"p2\\\"><span class=\\\"s2\\\">Par email\u00a0\u00a0<a href=\\\"mailto:Andredarmon78@gmail.com\\\"><span class=\\\"s3\\\">Andredarmon78@gmail.com<\/span><\/a><\/span><\/p>\n<p class=\\\"p1\\\"><span class=\\\"s1\\\">Ou directement sur le site\u00a0<a href=\\\"http:\/\/www.israelmagazine.co.il\/\\\"><span class=\\\"s4\\\">www.israelmagazine.co.il<\/span><\/a><\/span><\/p>\n<p class=\\\"p1\\\"><span class=\\\"s1\\\">D\u00e9couvrez un exemplaire du magazine gratuitement et cliquez sur le rebord droit du mag<\/span><\/p>\n<p>&nbsp;<\/p>\n<p class=\\\"p2\\\"><span class=\\\"s5\\\"><a href=\\\"https:\/\/fr.calameo.com\/read\/0010965002cfce9dee566?authid=IRnvqb59CRHm\\\" target=\\\"_blank\\\" rel=\\\"noopener noreferrer\\\">https:\/\/fr.calameo.com\/read\/0010965002cfce9dee566?authid=IRnvqb59CRHm<\/a><\/span><\/p>\n","protected":false},"excerpt":{"rendered":"<p>La Conf\u00e9rence de San Remo d\u2019avril 1920 a transform\u00e9 les \u00ab droits historiques \u00bb du peuple juif sur ces terres \u2013 d\u00e9j\u00e0 reconnus&#8230;<\/p>\n","protected":false},"author":4,"featured_media":54185,"comment_status":"open","ping_status":"open","sticky":false,"template":"","format":"standard","meta":{"site-sidebar-layout":"default","site-content-layout":"default","ast-global-header-display":"","ast-main-header-display":"","ast-hfb-above-header-display":"","ast-hfb-below-header-display":"","ast-hfb-mobile-header-display":"","site-post-title":"","ast-breadcrumbs-content":"","ast-featured-img":"","footer-sml-layout":"","theme-transparent-header-meta":"","adv-header-id-meta":"","stick-header-meta":"","header-above-stick-meta":"","header-main-stick-meta":"","header-below-stick-meta":""},"categories":[1687,84,1621,1612,1191],"tags":[2638,2639,2640],"sujet":[],"_links":{"self":[{"href":"https:\/\/israelmagazine.net\/index.php?rest_route=\/wp\/v2\/posts\/54184"}],"collection":[{"href":"https:\/\/israelmagazine.net\/index.php?rest_route=\/wp\/v2\/posts"}],"about":[{"href":"https:\/\/israelmagazine.net\/index.php?rest_route=\/wp\/v2\/types\/post"}],"author":[{"embeddable":true,"href":"https:\/\/israelmagazine.net\/index.php?rest_route=\/wp\/v2\/users\/4"}],"replies":[{"embeddable":true,"href":"https:\/\/israelmagazine.net\/index.php?rest_route=%2Fwp%2Fv2%2Fcomments&post=54184"}],"version-history":[{"count":0,"href":"https:\/\/israelmagazine.net\/index.php?rest_route=\/wp\/v2\/posts\/54184\/revisions"}],"wp:featuredmedia":[{"embeddable":true,"href":"https:\/\/israelmagazine.net\/index.php?rest_route=\/"}],"wp:attachment":[{"href":"https:\/\/israelmagazine.net\/index.php?rest_route=%2Fwp%2Fv2%2Fmedia&parent=54184"}],"wp:term":[{"taxonomy":"category","embeddable":true,"href":"https:\/\/israelmagazine.net\/index.php?rest_route=%2Fwp%2Fv2%2Fcategories&post=54184"},{"taxonomy":"post_tag","embeddable":true,"href":"https:\/\/israelmagazine.net\/index.php?rest_route=%2Fwp%2Fv2%2Ftags&post=54184"},{"taxonomy":"sujet","embeddable":true,"href":"https:\/\/israelmagazine.net\/index.php?rest_route=%2Fwp%2Fv2%2Fsujet&post=54184"}],"curies":[{"name":"wp","href":"https:\/\/api.w.org\/{rel}","templated":true}]}}