{"id":54201,"date":"2020-06-10T09:29:10","date_gmt":"2020-06-10T07:29:10","guid":{"rendered":"https:\/\/israelmagazine.net\/?p=54201"},"modified":"2020-06-10T09:29:10","modified_gmt":"2020-06-10T07:29:10","slug":"la-souverainiste-en-judee-samarie-cadeau-de-depart-de-netanyahou","status":"publish","type":"post","link":"https:\/\/israelmagazine.net\/?p=54201","title":{"rendered":"La souverainet\u00e9 en Jud\u00e9e Samarie : cadeau de d\u00e9part de Netanyahou"},"content":{"rendered":"<p><strong>Le Premier ministre Netanyahou dans la vall\u00e9e du Jourdain ( Photo: GPO )<\/strong><\/p>\n<img class=\\\"size-medium wp-image-54202\\\" src=\\\"https:\/\/israelmagazine.co.il\/wp-content\/uploads\/2020\/06\/9776847_0_0_3000_1688_large-300x168.jpg\\\" alt=\\\"Bibi\\\" width=\\\"300\\\" height=\\\"168\\\" \/>\n<p>L<strong>a souverainiste en Jud\u00e9e Samarie : cadeau de d\u00e9part de Netanyahou<\/strong><\/p>\n<p>Le Premier ministre et le leader de longue date, veut entrer dans l\\&rsquo;histoire comme celui qui a appliqu\u00e9 la souverainet\u00e9 sur certaines parties de la Jud\u00e9e Samarie et de la vall\u00e9e du Jourdain<\/p>\n<p>Netanyahou, disent ses d\u00e9tracteurs, n\\&rsquo;est pas int\u00e9ress\u00e9 \u00e0 annexer le territoire saisi par Isra\u00ebl lors de la guerre des Six Jours de 1967, mais il aurait l\\&rsquo;intention d\\&rsquo;utiliser cela comme moyen de prolonger la dur\u00e9e de son proc\u00e8s p\u00e9nal.<\/p>\n<p>Bien que cette affirmation ne soit pas impossible, je crois que Netanyahu a un \u0153il sur l\\&rsquo;histoire et consid\u00e8re l\\&rsquo;annexion de la vall\u00e9e du Jourdain et des villages juifs comme son h\u00e9ritage historique, tout comme les annexions ant\u00e9rieures de J\u00e9rusalem-Est (1967) et du plateau du Golan (1981) ont \u00e9t\u00e9 consid\u00e9r\u00e9s comme des mesures historiques par les chefs de gouvernement pr\u00e9c\u00e9dents.<\/p>\n<p>Cette derni\u00e8re d\u00e9cision, estime Bibi Netanyahou, renforcera l\\&#8217;emprise d\\&rsquo;Isra\u00ebl sur certaines parties de la terre biblique d\\&rsquo;Isra\u00ebl et assurera des fronti\u00e8res d\u00e9fendables pour l\\&rsquo;\u00c9tat.<\/p>\n<h3>Des fronti\u00e8res d\u00e9fendables pour l\\&rsquo;\u00c9tat.<\/h3>\n<p>Netanyahou en 1997 avait sign\u00e9 l\\&rsquo;accord d\\&rsquo;H\u00e9bron avec l\\&rsquo;Autorit\u00e9 palestinienne &#8211; divisant le contr\u00f4le de la ville entre Isra\u00ebl et l\\&rsquo;Autorit\u00e9 palestinienne. Et m\u00eame si cela enlevait la majeure partie de la ville \u00e0 Isra\u00ebl, ce fut une solution plus r\u00e9aliste que celle pr\u00e9sent\u00e9e par la gauche isra\u00e9lienne qui esp\u00e8re toujours une solution \u00e0 deux \u00c9tats.<\/p>\n<p>Le Premier ministre est rest\u00e9 fid\u00e8le \u00e0 sa vision de longue date, m\u00eame lorsqu\\&rsquo;il \u00e9tait dans l\\&rsquo;opposition, selon laquelle l\\&rsquo;Autorit\u00e9 palestinienne telle qu\\&rsquo;elle est aujourd\\&rsquo;hui &#8211; avec l\\&rsquo;ajout de certains symboles d\\&rsquo;\u00c9tat tels que les timbres et la monnaie &#8211; est le futur \u00c9tat palestinien d\u00e9militaris\u00e9. C\\&rsquo;est un point de vue \u00e9trangement similaire \u00e0 l\\&rsquo;esquisse du plan de paix de Donald Trump. L\\&rsquo;h\u00e9ritage de Netanyahou serait donc assur\u00e9 si son projet n\\&rsquo;\u00e9tait pas d\u00e9jou\u00e9 par les changements politiques aux \u00c9tats-Unis ou une crise telle qu\\&rsquo;une pand\u00e9mie de coronavirus et ses ramifications.<\/p>\n<p><a href=\\\"https:\/\/israelmagazine.co.il\/comment-relancer-lactivite-economique-2\/\\\">https:\/\/israelmagazine.co.il\/comment-relancer-lactivite-economique-2\/<\/a><\/p>\n<p>Ses partenaires de coalition ne sont pas susceptibles de s\\&rsquo;opposer \u00e0 l\\&rsquo;annexion car elle est conforme \u00e0 leur position id\u00e9ologique. \u00a0Leurs pr\u00e9occupations se limiteraient \u00e0 la r\u00e9action internationale et aux r\u00e9percussions sur la s\u00e9curit\u00e9 de cette d\u00e9cision, un obstacle relativement petit \u00e0 surmonter. La violence suivrait-elle n\u00e9cessairement un mouvement d\\&rsquo;annexion? Jusqu\\&rsquo;\u00e0 pr\u00e9sent, l\\&rsquo;Autorit\u00e9 palestinienne indique que ses r\u00e9actions seraient diplomatiques, y compris un appel aux institutions internationales.<\/p>\n<p>Abonnements au magazine 0542544520\u00a0 01 86 9827 27<\/p>\n<p>La suite de l\u2019article se trouve dans le prochain num\u00e9ro d\u2019Isra\u00ebl Magazine<\/p>\n<p>S\u2019abonner au magazine par t\u00e9l\u00e9phone ou<\/p>\n<p>par whats app 00972 (0) 54 254 45 20 ou au 01 86 98 27 27<\/p>\n<p>Par email\u00a0 Andredarmon78@gmail.com<\/p>\n<p>Ou directement sur le site www.israelmagazine.co.il<\/p>\n<p>D\u00e9couvrez un exemplaire du magazine gratuitement et cliquez ensuite sur le rebord droit du mag<\/p>\n<p><a href=\\\"https:\/\/fr.calameo.com\/read\/0010965002cfce9dee566?authid=IRnvqb59CRHm\\\">https:\/\/fr.calameo.com\/read\/0010965002cfce9dee566?authid=IRnvqb59CRHm<\/a><\/p>\n","protected":false},"excerpt":{"rendered":"<p>Le Premier ministre et le leader de longue date, veut entrer dans l\u2019histoire comme celui qui\u2026<\/p>\n","protected":false},"author":4,"featured_media":54202,"comment_status":"open","ping_status":"open","sticky":false,"template":"","format":"standard","meta":{"site-sidebar-layout":"default","site-content-layout":"default","ast-global-header-display":"","ast-main-header-display":"","ast-hfb-above-header-display":"","ast-hfb-below-header-display":"","ast-hfb-mobile-header-display":"","site-post-title":"","ast-breadcrumbs-content":"","ast-featured-img":"","footer-sml-layout":"","theme-transparent-header-meta":"","adv-header-id-meta":"","stick-header-meta":"","header-above-stick-meta":"","header-main-stick-meta":"","header-below-stick-meta":""},"categories":[84,1612,1613],"tags":[386,383,2650,1636],"sujet":[],"_links":{"self":[{"href":"https:\/\/israelmagazine.net\/index.php?rest_route=\/wp\/v2\/posts\/54201"}],"collection":[{"href":"https:\/\/israelmagazine.net\/index.php?rest_route=\/wp\/v2\/posts"}],"about":[{"href":"https:\/\/israelmagazine.net\/index.php?rest_route=\/wp\/v2\/types\/post"}],"author":[{"embeddable":true,"href":"https:\/\/israelmagazine.net\/index.php?rest_route=\/wp\/v2\/users\/4"}],"replies":[{"embeddable":true,"href":"https:\/\/israelmagazine.net\/index.php?rest_route=%2Fwp%2Fv2%2Fcomments&post=54201"}],"version-history":[{"count":0,"href":"https:\/\/israelmagazine.net\/index.php?rest_route=\/wp\/v2\/posts\/54201\/revisions"}],"wp:featuredmedia":[{"embeddable":true,"href":"https:\/\/israelmagazine.net\/index.php?rest_route=\/"}],"wp:attachment":[{"href":"https:\/\/israelmagazine.net\/index.php?rest_route=%2Fwp%2Fv2%2Fmedia&parent=54201"}],"wp:term":[{"taxonomy":"category","embeddable":true,"href":"https:\/\/israelmagazine.net\/index.php?rest_route=%2Fwp%2Fv2%2Fcategories&post=54201"},{"taxonomy":"post_tag","embeddable":true,"href":"https:\/\/israelmagazine.net\/index.php?rest_route=%2Fwp%2Fv2%2Ftags&post=54201"},{"taxonomy":"sujet","embeddable":true,"href":"https:\/\/israelmagazine.net\/index.php?rest_route=%2Fwp%2Fv2%2Fsujet&post=54201"}],"curies":[{"name":"wp","href":"https:\/\/api.w.org\/{rel}","templated":true}]}}