{"id":54243,"date":"2020-06-14T06:46:37","date_gmt":"2020-06-14T04:46:37","guid":{"rendered":"https:\/\/israelmagazine.net\/?p=54243"},"modified":"2020-06-14T06:46:37","modified_gmt":"2020-06-14T04:46:37","slug":"le-plan-nouveau-de-partition-pour-la-palestine","status":"publish","type":"post","link":"https:\/\/israelmagazine.net\/?p=54243","title":{"rendered":"Le plan nouveau de partition pour la Palestine"},"content":{"rendered":"<p>Photo David Elhayani et Benjamin Netanyahou ( Photo: Kobi Gideon, GPO)<\/p>\n<img class=\\\"size-medium wp-image-54244\\\" src=\\\"https:\/\/israelmagazine.co.il\/wp-content\/uploads\/2020\/06\/10011383_274_155_1027_711_large-300x208.jpg\\\" alt=\\\"plan de partition\\\" width=\\\"300\\\" height=\\\"208\\\" \/>\n<p>Le plan nouveau de partition pour la Palestine<\/p>\n<h3>Un acre de plus pour la terre d\\&rsquo;Isra\u00ebl<\/h3>\n<p>Le jour o\u00f9 l\\&rsquo;Assembl\u00e9e des Nations Unies a accept\u00e9 le plan de partition pour la Palestine, le 29 novembre 1947 &#8211; la communaut\u00e9 juive de la Palestine d\\&rsquo;avant l\\&rsquo;\u00c9tat est sortie en masse pour c\u00e9l\u00e9brer dans les rues. la droite r\u00e9visionniste et le kibboutz unifi\u00e9 l\\&rsquo;ont vu comme un d\u00e9sastre qui d\u00e9chire et c\u00e8de des parties de la Terre d\\&rsquo;Isra\u00ebl, et ils ont m\u00e9pris\u00e9e:<\/p>\n<p>Ceux qui s\\&rsquo;opposent aujourd\\&rsquo;hui \u00e0 l\\&rsquo;application de la souverainet\u00e9 isra\u00e9lienne \u00e0 la vall\u00e9e du Jourdain en supposant qu\\&rsquo;elle divisera la terre, sont afflig\u00e9s de la m\u00eame myopie des extr\u00e9mistes que ceux qui se sont oppos\u00e9s au plan de partage en 1947 en raison de leur vision du monde du Grand Isra\u00ebl &#8211; la chose est cependant, Le sionisme n\\&rsquo;a jamais \u00e9t\u00e9 \u00abtout ou rien\u00bb, il a toujours \u00e9t\u00e9 question d\\&rsquo;une lente expansion m\u00e9thodique.<\/p>\n<p>David Ben Gourion n\\&rsquo;avait aucun amour pour le plan de partage, mais il avait une vision historique large coupl\u00e9e \u00e0 un \u00e9tat d\\&rsquo;esprit politique r\u00e9aliste. Il a compris que l\\&rsquo;approche du \u00abtout ou rien\u00bb pouvait nous laisser sans rien.<\/p>\n<p>Il a r\u00e9alis\u00e9 que nous \u00e9tions au milieu d\\&rsquo;une situation historique, une chance de renouveler la souverainet\u00e9 du peuple juif sur la terre d\\&rsquo;Isra\u00ebl apr\u00e8s deux mille ans d\\&rsquo;exil, et que cela pourrait \u00eatre une opportunit\u00e9 unique qui ne devait pas \u00eatre manqu\u00e9e \u00e0 tout prix.<\/p>\n<h3><strong>La plupart des gens ont soutenu sa d\u00e9cision<\/strong>.<\/h3>\n<p>S\\&rsquo;il avait suivi les conseils des extr\u00e9mistes, il est douteux que l\\&rsquo;\u00c9tat d\\&rsquo;Isra\u00ebl aurait \u00e9t\u00e9 \u00e9tabli.<\/p>\n<p>L\\&rsquo;opposition de droite \u00e0 l\\&rsquo;application de la souverainet\u00e9 isra\u00e9lienne sur la vall\u00e9e du Jourdain et certaines parties de la Jud\u00e9e Samarie suit le m\u00eame sch\u00e9ma de pens\u00e9e de ceux qui s\\&rsquo;opposent au plan de partition. \u00a0Ici, ils nient \u00e9galement un d\u00e9fi et une opportunit\u00e9 historiques, qui ne reviendront peut-\u00eatre jamais, d\\&rsquo;appliquer la souverainet\u00e9 isra\u00e9lienne \u00e0 ces r\u00e9gions &#8211; avec le soutien am\u00e9ricain.<\/p>\n<p>Ce n\\&rsquo;est pas un hasard si certains qualifient le plan de \\\u00a0\u00bbplan de distribution\\\u00a0\u00bb lorsqu\\&rsquo;ils s\\&rsquo;y opposent.<\/p>\n<p>Ces extr\u00e9mistes en noir et blanc sont incapables d\\&rsquo;int\u00e9grer la complexit\u00e9 du plan, ils s\\&rsquo;en tiennent donc \u00e0 l\\&rsquo;approche du \\\u00a0\u00bbtout ou rien\\\u00a0\u00bb. Par leur r\u00e9ticence \u00e0 se contenter de moins que tout, ils (et nous tous) peuvent se retrouver avec rien.<\/p>\n<p>Le chef du Conseil de Yesha et le chef du Conseil r\u00e9gional de la vall\u00e9e du Jourdain, David Elhayani, sont les principaux opposants au plan et bellig\u00e9rants.<\/p>\n<p>Les villages juifs dans la vall\u00e9e du Jourdain sont destin\u00e9s \u00e0 garantir que la zone reste sous contr\u00f4le isra\u00e9lien et \u00e0 fa\u00e7onner la fronti\u00e8re orientale d\\&rsquo;Isra\u00ebl.<\/p>\n<p>Les implantations du mouvement ouvrier ont augment\u00e9 dans la vall\u00e9e du Jourdain pour r\u00e9aliser la vision du monde exprim\u00e9e dans le plan Allon, qui \u00e9tait con\u00e7u pour promouvoir le compromis territorial et fa\u00e7onner les fronti\u00e8res d\\&rsquo;Isra\u00ebl en utilisant les Implantations et la souverainet\u00e9 isra\u00e9liennes dans toute cette vall\u00e9e du Jourdain.<\/p>\n<p>Les Implantations du sionisme religieux et du r\u00e9visionniste Heirut-Beitar ont \u00e9t\u00e9 \u00e9tablies dans la vall\u00e9e pour r\u00e9aliser la vision du monde du Grand Isra\u00ebl.<\/p>\n<p>Ces deux visions du monde improbables ont en commun de s\\&rsquo;\u00eatre implanter dans la vall\u00e9e du Jourdain. Aujourd\\&rsquo;hui, leurs int\u00e9r\u00eats sont les m\u00eames: la souverainet\u00e9 isra\u00e9lienne sur la vall\u00e9e du Jourdain et donc la r\u00e9alisation de leur objectif.<\/p>\n<p>Elhayani est membre de Heirut-Beitar et croit fermement en un Grand Isra\u00ebl. Aujourd\\&rsquo;hui, lorsque la souverainet\u00e9 doit \u00eatre appliqu\u00e9e aux r\u00e9gions de la Terre d\\&rsquo;Isra\u00ebl, en particulier la vall\u00e9e du Jourdain, c\\&rsquo;est lui qui est cens\u00e9 mener la lutte pour approfondir notre emprise sur elle.<\/p>\n<h3>Et pourtant, c\\&rsquo;est lui qui m\u00e8ne la lutte contre la r\u00e9alisation de cet objectif.<\/h3>\n<p>Lors de la r\u00e9union du gouvernement de juin 1967 au cours de laquelle il a \u00e9t\u00e9 d\u00e9cid\u00e9 d\\&rsquo;appliquer la souverainet\u00e9 isra\u00e9lienne \u00e0 l\\&rsquo;ensemble de J\u00e9rusalem, Yigal Allon a \u00e9galement propos\u00e9 d\\&rsquo;appliquer la souverainet\u00e9 sur la vall\u00e9e du Jourdain et le mont H\u00e9bron.<\/p>\n<p>Sa proposition a \u00e9t\u00e9 rejet\u00e9e. Pourtant, il ne pensait pas s\\&rsquo;opposer \u00e0 l\\&rsquo;application de la souverainet\u00e9 sur J\u00e9rusalem, et il a m\u00eame d\u00e9m\u00e9nag\u00e9 ses bureaux dans le quartier juif de la capitale.<\/p>\n<p>&nbsp;<\/p>\n<p>La suite de l\u2019article se trouve dans le prochain num\u00e9ro d\u2019Isra\u00ebl Magazine<\/p>\n<p>S\u2019abonner au magazine par t\u00e9l\u00e9phone ou<\/p>\n<p>par whats app 00972 (0) 54 254 45 20 ou au 01 86 98 27 27<\/p>\n<p>Par email\u00a0 Andredarmon78@gmail.com<\/p>\n<p>Ou directement sur le site www.israelmagazine.co.il<\/p>\n<p>D\u00e9couvrez un exemplaire du magazine gratuitement et cliquez ensuite sur le rebord droit du mag<\/p>\n<p><a href=\\\"https:\/\/fr.calameo.com\/read\/0010965002cfce9dee566?authid=IRnvqb59CRHm\\\">https:\/\/fr.calameo.com\/read\/0010965002cfce9dee566?authid=IRnvqb59CRHm<\/a><\/p>\n<p>&nbsp;<\/p>\n","protected":false},"excerpt":{"rendered":"<p>Le jour o\u00f9 l\\&rsquo;Assembl\u00e9e des Nations Unies a accept\u00e9 le plan de partition pour la Palestine&#8230;<\/p>\n","protected":false},"author":4,"featured_media":54244,"comment_status":"open","ping_status":"open","sticky":false,"template":"","format":"standard","meta":{"site-sidebar-layout":"default","site-content-layout":"default","ast-global-header-display":"","ast-main-header-display":"","ast-hfb-above-header-display":"","ast-hfb-below-header-display":"","ast-hfb-mobile-header-display":"","site-post-title":"","ast-breadcrumbs-content":"","ast-featured-img":"","footer-sml-layout":"","theme-transparent-header-meta":"","adv-header-id-meta":"","stick-header-meta":"","header-above-stick-meta":"","header-main-stick-meta":"","header-below-stick-meta":""},"categories":[84,1612,1613,41],"tags":[2013,1628,2562,2655,2656],"sujet":[],"_links":{"self":[{"href":"https:\/\/israelmagazine.net\/index.php?rest_route=\/wp\/v2\/posts\/54243"}],"collection":[{"href":"https:\/\/israelmagazine.net\/index.php?rest_route=\/wp\/v2\/posts"}],"about":[{"href":"https:\/\/israelmagazine.net\/index.php?rest_route=\/wp\/v2\/types\/post"}],"author":[{"embeddable":true,"href":"https:\/\/israelmagazine.net\/index.php?rest_route=\/wp\/v2\/users\/4"}],"replies":[{"embeddable":true,"href":"https:\/\/israelmagazine.net\/index.php?rest_route=%2Fwp%2Fv2%2Fcomments&post=54243"}],"version-history":[{"count":0,"href":"https:\/\/israelmagazine.net\/index.php?rest_route=\/wp\/v2\/posts\/54243\/revisions"}],"wp:featuredmedia":[{"embeddable":true,"href":"https:\/\/israelmagazine.net\/index.php?rest_route=\/"}],"wp:attachment":[{"href":"https:\/\/israelmagazine.net\/index.php?rest_route=%2Fwp%2Fv2%2Fmedia&parent=54243"}],"wp:term":[{"taxonomy":"category","embeddable":true,"href":"https:\/\/israelmagazine.net\/index.php?rest_route=%2Fwp%2Fv2%2Fcategories&post=54243"},{"taxonomy":"post_tag","embeddable":true,"href":"https:\/\/israelmagazine.net\/index.php?rest_route=%2Fwp%2Fv2%2Ftags&post=54243"},{"taxonomy":"sujet","embeddable":true,"href":"https:\/\/israelmagazine.net\/index.php?rest_route=%2Fwp%2Fv2%2Fsujet&post=54243"}],"curies":[{"name":"wp","href":"https:\/\/api.w.org\/{rel}","templated":true}]}}