{"id":54281,"date":"2020-06-18T10:16:39","date_gmt":"2020-06-18T08:16:39","guid":{"rendered":"https:\/\/israelmagazine.net\/?p=54281"},"modified":"2020-06-18T10:16:39","modified_gmt":"2020-06-18T08:16:39","slug":"racisme-le-culte-de-la-pensee-erronee","status":"publish","type":"post","link":"https:\/\/israelmagazine.net\/?p=54281","title":{"rendered":"Racisme : Le Culte de la pense\u0301e errone\u0301e"},"content":{"rendered":"<img class=\\\"size-medium wp-image-54282\\\" src=\\\"https:\/\/israelmagazine.co.il\/wp-content\/uploads\/2020\/06\/5ed8a527d8ad58250fa08281-300x150.jpg\\\" alt=\\\"Racisme\\\" width=\\\"300\\\" height=\\\"150\\\" \/>\n<p><strong>Tribune Libre<\/strong><\/p>\n<p><strong>Racisme : Le Culte de la pense\u0301e errone\u0301e <\/strong><\/p>\n<p><strong>R.A.C.I.S.M.E<\/strong>.<\/p>\n<p><strong>R<\/strong>ejet. <strong>A<\/strong>partheid. <strong>C<\/strong>ondamnation. <strong>I<\/strong>njustice. <strong>S<\/strong>e\u0301gre\u0301gation. <strong>M<\/strong>artyr. <strong>E<\/strong>xe\u0301cution.<br \/>\nTant de mots pour parler de maux. La re\u0301cente affaire de l\u2019afro-ame\u0301ricain George Floyd, assassin\u00e9 le 25 mai dernier a\u0300 Minneapolis lors d\u2019une interpellation policie\u0300re plus que muscle\u0301e ayant entrai\u0302ne\u0301 sa mort, remue la plane\u0300te. Ce\u0301le\u0300bre malgre\u0301 lui, il devient le symbole international des victimes de violences policie\u0300res dans le monde. L\u2019indignation de la communaute\u0301 afro-ame\u0301ricaine a engendr\u00e9 un mouvement de contestation aux Etats-Unis, qui de\u0301passe les frontie\u0300res. En effet, des manifestations de soutien s\u2019organisent aux quatre coins du monde en passant par la France, le Royaume-Uni, le Canada et ce, jusqu\u2019en Israe\u0308l. C\u2019est sous le slogan \u201c\u200b<em>Black lives matter<\/em>\u201d\u200b et \u201c\u200b<em>no justice, no peace<\/em>\u201d\u200b que les manifestants ont milite\u0301 contre les injustices et les interpellations violentes a\u0300 l\\&rsquo;e\u0301gard de la communaute\u0301 noire.<\/p>\n<p>A Tel-Aviv, les manifestants israe\u0301liens ont scande\u0301 r\u00e9cemment des slogans r\u00e9clamant l\u2019e\u0301galite\u0301 raciale et compare\u0301 la mort de Floyd a\u0300 celle des Ethiopiens morts sous les coups des officiers de police. Les protestataires ont e\u0301nume\u0301re\u0301 la liste des victimes de violences polici\u00e8res, en faisant re\u0301fe\u0301rence a\u0300 Solomon Tekah, un Isra\u00e9lien d\u2019origine \u00e9thiopienne tue\u0301 l\u2019ann\u00e9e derni\u00e8re par un policier qui n\u2019\u00e9tait pas en service, ce qui avait soulev\u00e9\u0301 des manifestations dans le pays. Egalement en 2015, la diffusion d\u2019une vid\u00e9o d\u00e9voilant l\u2019agression d\u2019un jeune soldat israe\u0301lien d\u2019origine e\u0301thiopienne par deux agents de police, a entrain\u00e9 e\u0301meutes et vandalismes.<\/p>\n<p><a href=\\\"https:\/\/israelmagazine.co.il\/israel-magazine-fete-ses-20-ans\/\\\">https:\/\/israelmagazine.co.il\/israel-magazine-fete-ses-20-ans\/<\/a><\/p>\n<p><strong>Le racisme repose sur des pre\u0301juge\u0301s ancestraux qui e\u0301mergent c\u0327a et la\u0300 au gre\u0301 des crises et s\u2019alimente des difficulte\u0301s e\u0301conomiques, des angoisses et des peurs sociales.<\/strong><\/p>\n<p>La communaut\u00e9\u0301 juive \u00e9thiopienne de\u0301plore ainsi de nombreuses discriminations raciales, malgre\u0301 leur \u00e9migration il y a plus de 40 ans. Nombreux se disent victimes d\u2019interpellations en raison de leur couleur de peau. L\u2019Etat d\u2019Israe\u0308l qui a toujours su entretenir des liens particuliers avec les Etats-Unis, en terme d\u2019e\u0301conomie, d\u2019e\u0301changes politiques et strate\u0301giques, voire me\u0302me culturels, tendrait-il a\u0300 copier le clivage racial ? Le peuple juif a subi des perse\u0301cutions depuis des mille\u0301naires et a lutte\u0301 pour son inde\u0301pendance et la reconnaissance de sa valeur depuis des ge\u0301ne\u0301rations, mais ce combat contre le racisme serait-il vain ?<\/p>\n<p><a href=\\\"https:\/\/israelmagazine.co.il\/un-medicament-contre-le-cancer-du-poumon-en-israel\/\\\">https:\/\/israelmagazine.co.il\/un-medicament-contre-le-cancer-du-poumon-en-israel\/<\/a><\/p>\n<p>La suite de l\u2019article se trouve dans le prochain num\u00e9ro d\u2019Isra\u00ebl Magazine<\/p>\n<p>S\u2019abonner au magazine par t\u00e9l\u00e9phone ou<\/p>\n<p>par whats app 00972 (0) 54 254 45 20 ou au 01 86 98 27 27<\/p>\n<p>Par email\u00a0 Andredarmon78@gmail.com<\/p>\n<p>Ou directement sur le site www.israelmagazine.co.il<\/p>\n<p>D\u00e9couvrez un exemplaire du magazine gratuitement et cliquez ensuite sur le rebord droit du mag<\/p>\n<p><a href=\\\"https:\/\/fr.calameo.com\/read\/0010965002cfce9dee566?authid=IRnvqb59CRHm\\\">https:\/\/fr.calameo.com\/read\/0010965002cfce9dee566?authid=IRnvqb59CRHm<\/a><\/p>\n<p>&nbsp;<\/p>\n","protected":false},"excerpt":{"rendered":"<p>George Floyd, un afro-am\u00e9ricain d\u00e9c\u00e9d\u00e9 (tu\u00e9) lors de son arrestation \u00a0la semaine derni\u00e8re \u00e0 Minneapolis aux Etats-Unis&#8230;<\/p>\n","protected":false},"author":4,"featured_media":54282,"comment_status":"open","ping_status":"open","sticky":false,"template":"","format":"standard","meta":{"site-sidebar-layout":"default","site-content-layout":"default","ast-global-header-display":"","ast-main-header-display":"","ast-hfb-above-header-display":"","ast-hfb-below-header-display":"","ast-hfb-mobile-header-display":"","site-post-title":"","ast-breadcrumbs-content":"","ast-featured-img":"","footer-sml-layout":"","theme-transparent-header-meta":"","adv-header-id-meta":"","stick-header-meta":"","header-above-stick-meta":"","header-main-stick-meta":"","header-below-stick-meta":""},"categories":[84,814,1679],"tags":[2664,2665,1628,2666],"sujet":[],"_links":{"self":[{"href":"https:\/\/israelmagazine.net\/index.php?rest_route=\/wp\/v2\/posts\/54281"}],"collection":[{"href":"https:\/\/israelmagazine.net\/index.php?rest_route=\/wp\/v2\/posts"}],"about":[{"href":"https:\/\/israelmagazine.net\/index.php?rest_route=\/wp\/v2\/types\/post"}],"author":[{"embeddable":true,"href":"https:\/\/israelmagazine.net\/index.php?rest_route=\/wp\/v2\/users\/4"}],"replies":[{"embeddable":true,"href":"https:\/\/israelmagazine.net\/index.php?rest_route=%2Fwp%2Fv2%2Fcomments&post=54281"}],"version-history":[{"count":0,"href":"https:\/\/israelmagazine.net\/index.php?rest_route=\/wp\/v2\/posts\/54281\/revisions"}],"wp:featuredmedia":[{"embeddable":true,"href":"https:\/\/israelmagazine.net\/index.php?rest_route=\/"}],"wp:attachment":[{"href":"https:\/\/israelmagazine.net\/index.php?rest_route=%2Fwp%2Fv2%2Fmedia&parent=54281"}],"wp:term":[{"taxonomy":"category","embeddable":true,"href":"https:\/\/israelmagazine.net\/index.php?rest_route=%2Fwp%2Fv2%2Fcategories&post=54281"},{"taxonomy":"post_tag","embeddable":true,"href":"https:\/\/israelmagazine.net\/index.php?rest_route=%2Fwp%2Fv2%2Ftags&post=54281"},{"taxonomy":"sujet","embeddable":true,"href":"https:\/\/israelmagazine.net\/index.php?rest_route=%2Fwp%2Fv2%2Fsujet&post=54281"}],"curies":[{"name":"wp","href":"https:\/\/api.w.org\/{rel}","templated":true}]}}