{"id":54320,"date":"2020-06-24T06:08:26","date_gmt":"2020-06-24T04:08:26","guid":{"rendered":"https:\/\/israelmagazine.net\/?p=54320"},"modified":"2020-06-24T06:08:26","modified_gmt":"2020-06-24T04:08:26","slug":"spartacus-le-sang-des-gladiateurs","status":"publish","type":"post","link":"https:\/\/israelmagazine.net\/?p=54320","title":{"rendered":"Spartacus, le Sang des Gladiateurs"},"content":{"rendered":"<p style=\\\"font-weight: 400;\\\"><strong>Spartacus, le Sang des Gladiateurs<\/strong><\/p>\n<img class=\\\"size-medium wp-image-54321\\\" src=\\\"https:\/\/israelmagazine.co.il\/wp-content\/uploads\/2020\/06\/19216735.jpg-r_1920_1080-f_jpg-q_x-xxyxx-300x200.jpg\\\" alt=\\\"Spartacus\u00a0\\\" width=\\\"300\\\" height=\\\"200\\\" \/>\n<p style=\\\"font-weight: 400;\\\">J\u2019ai attendu longtemps la traduction en fran\u00e7ais de ce p\u00e9plum qui a \u00e9t\u00e9 tourn\u00e9 en 2009 et 2010, et qui retrace l\u2019histoire fantastique du fameux guerrier\u00a0thrace\u00a0trahi par\u00a0Rome\u00a0et emmen\u00e9 en esclavage et pour officier comme gladiateur dans les ar\u00e8nes romaines. Autant pr\u00e9venir les jeunes lecteurs, je leur d\u00e9conseille cette s\u00e9rie \u00e0 cause de la violence visuelle, des sc\u00e8nes de sexe tr\u00e8s r\u00e9alistes ainsi que du langage ordurier et blasph\u00e9matoire. Autant dire tout ce que l\u2019on reproche aujourd\u2019hui aux films ou aux s\u00e9ries. Et pourtant, j\u2019\u00e9tais intrigu\u00e9 de savoir ce que pourrait apporter un acteur au\u00a0Spartacus\u00a0de notre enfance et de\u00a0Stanley\u00a0Kubrick, en l\u2019occurrence, le r\u00e9cemment disparu\u00a0Kirk\u00a0Douglas, qui fut autant\u00a0Spartacus\u00a0que\u00a0Charlton\u00a0Heston\u00a0fut Mo\u00efse.<\/p>\n<h3>Un Spartacus credible<\/h3>\n<p style=\\\"font-weight: 400;\\\">De ce point de vue,\u00a0Andy\u00a0Whitfield, l\u2019acteur est extraordinaire, ou plut\u00f4t fut extraordinaire car le 11 septembre 2011,\u00a0Andy\u00a0Whitfield\u00a0d\u00e9c\u00e8de des suites d\\&rsquo;un\u00a0lymphome\u00a0\u00e0 l\\&rsquo;\u00e2ge de 39 ans.\u00a0 On peut regretter outre la perte de l\u2019homme, l\u2019acteur qui \u00e9tait promis apparemment \u00e0 de grands r\u00f4les. A noter pour la r\u00e9alisation du film, les m\u00eames effets sp\u00e9ciaux que dans\u00a0 le film 300 avec ses \u00a0superbes ralentis artistiques noy\u00e9s de flocons et de gerbes de sang, des d\u00e9capitations qui semblent si malheureusement r\u00e9elles.\u00a0 Il y a une\u00a0esth\u00e9tisation\u00a0d\u00e9mesur\u00e9e de la violence dans le film et il faut la d\u00e9passer pour entre dans l\u2019histoire.\u00a0Spartacus\u00a0int\u00e8grera\u00a0un\u00a0ludus, une \u00e9cole de gladiateurs, dirig\u00e9 d\u2019une main de fer par\u00a0Batiatus\u00a0(John\u00a0Hanah\u00a0qui joue dans La Momie) et par sa femme\u00a0Lucretia\u00a0(Lucy\u00a0Lawless\u00a0qui tient le r\u00f4le phare dans\u00a0Xena\u00a0la guerri\u00e8re). Les\u00a0Ludus\u00a0\u00e9tant\u00a0 \u00e0 l\u2019\u00e9poque, l\u2019une des marques de puissance des potentats locaux (la sc\u00e8ne se passe principalement \u00e0\u00a0Capoue).<\/p>\n<h3 style=\\\"font-weight: 400;\\\"><strong>La R\u00e9volte ou la \u00ab Revanche des humili\u00e9s \u00bb<\/strong><\/h3>\n<p><a href=\\\"https:\/\/israelmagazine.co.il\/racisme-le-culte-de-la-pensee-erronee\/\\\">https:\/\/israelmagazine.co.il\/racisme-le-culte-de-la-pensee-erronee\/<\/a><\/p>\n<p>&nbsp;<\/p>\n<p>La suite de l\u2019article se trouve dans le prochain num\u00e9ro d\u2019Isra\u00ebl Magazine<\/p>\n<p>S\u2019abonner au magazine par t\u00e9l\u00e9phone ou<\/p>\n<p>par whats app 00972 (0) 54 254 45 20 ou au 01 86 98 27 27<\/p>\n<p>Par email\u00a0 Andredarmon78@gmail.com<\/p>\n<p>Ou directement sur le site www.israelmagazine.co.il<\/p>\n<p>D\u00e9couvrez un exemplaire du magazine gratuitement et cliquez ensuite sur le rebord droit du mag<\/p>\n<p><a href=\\\"https:\/\/fr.calameo.com\/read\/0010965002cfce9dee566?authid=IRnvqb59CRHm\\\">https:\/\/fr.calameo.com\/read\/0010965002cfce9dee566?authid=IRnvqb59CRHm<\/a><\/p>\n<p>&nbsp;<\/p>\n","protected":false},"excerpt":{"rendered":"<p>J\u2019ai attendu longtemps la traduction en fran\u00e7ais de ce p\u00e9plum qui a \u00e9t\u00e9 tourn\u00e9 en 2009 et 2010, et qui retrace l\u2019histoire fantastique du fameux guerrier thrace trahi par Rome et emmen\u00e9 en esclavage et pour\u2026<\/p>\n","protected":false},"author":4,"featured_media":54321,"comment_status":"open","ping_status":"open","sticky":false,"template":"","format":"standard","meta":{"site-sidebar-layout":"default","site-content-layout":"default","ast-global-header-display":"","ast-main-header-display":"","ast-hfb-above-header-display":"","ast-hfb-below-header-display":"","ast-hfb-mobile-header-display":"","site-post-title":"","ast-breadcrumbs-content":"","ast-featured-img":"","footer-sml-layout":"","theme-transparent-header-meta":"","adv-header-id-meta":"","stick-header-meta":"","header-above-stick-meta":"","header-main-stick-meta":"","header-below-stick-meta":""},"categories":[84,1615],"tags":[2671,2672,2673],"sujet":[],"_links":{"self":[{"href":"https:\/\/israelmagazine.net\/index.php?rest_route=\/wp\/v2\/posts\/54320"}],"collection":[{"href":"https:\/\/israelmagazine.net\/index.php?rest_route=\/wp\/v2\/posts"}],"about":[{"href":"https:\/\/israelmagazine.net\/index.php?rest_route=\/wp\/v2\/types\/post"}],"author":[{"embeddable":true,"href":"https:\/\/israelmagazine.net\/index.php?rest_route=\/wp\/v2\/users\/4"}],"replies":[{"embeddable":true,"href":"https:\/\/israelmagazine.net\/index.php?rest_route=%2Fwp%2Fv2%2Fcomments&post=54320"}],"version-history":[{"count":0,"href":"https:\/\/israelmagazine.net\/index.php?rest_route=\/wp\/v2\/posts\/54320\/revisions"}],"wp:featuredmedia":[{"embeddable":true,"href":"https:\/\/israelmagazine.net\/index.php?rest_route=\/"}],"wp:attachment":[{"href":"https:\/\/israelmagazine.net\/index.php?rest_route=%2Fwp%2Fv2%2Fmedia&parent=54320"}],"wp:term":[{"taxonomy":"category","embeddable":true,"href":"https:\/\/israelmagazine.net\/index.php?rest_route=%2Fwp%2Fv2%2Fcategories&post=54320"},{"taxonomy":"post_tag","embeddable":true,"href":"https:\/\/israelmagazine.net\/index.php?rest_route=%2Fwp%2Fv2%2Ftags&post=54320"},{"taxonomy":"sujet","embeddable":true,"href":"https:\/\/israelmagazine.net\/index.php?rest_route=%2Fwp%2Fv2%2Fsujet&post=54320"}],"curies":[{"name":"wp","href":"https:\/\/api.w.org\/{rel}","templated":true}]}}