{"id":54382,"date":"2020-06-30T08:17:35","date_gmt":"2020-06-30T06:17:35","guid":{"rendered":"https:\/\/israelmagazine.net\/?p=54382"},"modified":"2020-06-30T08:17:35","modified_gmt":"2020-06-30T06:17:35","slug":"les-palestiniens-prets-pourparlers-directs-avec-israel","status":"publish","type":"post","link":"https:\/\/israelmagazine.net\/?p=54382","title":{"rendered":"Les Palestiniens pr\u00eats pour des pourparlers directs avec Isra\u00ebl\u00a0?"},"content":{"rendered":"<img class=\\\"size-medium wp-image-54383\\\" src=\\\"https:\/\/israelmagazine.co.il\/wp-content\/uploads\/2020\/06\/10065545_0_0_1300_732_large-300x168.jpg\\\" alt=\\\"Palestiniens\\\" width=\\\"300\\\" height=\\\"168\\\" \/>\n<h3>Pr\u00eats pour des pourparlers directs avec Isra\u00ebl ?<\/h3>\n<p>Les Palestiniens sont pr\u00eats \u00e0 reprendre les pourparlers de paix au point mort avec Isra\u00ebl et \u00e0 accepter des concessions territoriales \\\u00a0\u00bbmineures\\\u00a0\u00bb, selon une contre-proposition \u00e0 un plan am\u00e9ricain controvers\u00e9. Le Premier ministre palestinien a d\u00e9clar\u00e9 au Quartet qu\\&rsquo;il accepterait un nombre limit\u00e9 d\\&rsquo;armes et une force internationale pour surveiller le respect du trait\u00e9 de paix.Un texte de l\\&rsquo;Autorit\u00e9 palestinienne envoy\u00e9 au Quartet, affirme que les Palestiniens sont \\\u00a0\u00bbpr\u00eats \u00e0 reprendre les n\u00e9gociations bilat\u00e9rales directes l\u00e0 o\u00f9 ils se sont arr\u00eat\u00e9s\\\u00a0\u00bb, en 2014.<\/p>\n<p>Le Premier ministre palestinien Mohammed Shtayyeh a d\u00e9clar\u00e9 le 9 juin que l\\&rsquo;Autorit\u00e9 palestinienne avait r\u00e9dig\u00e9 une r\u00e9ponse \u00e0 la proposition am\u00e9ricaine mais n\\&rsquo;avait pas mentionn\u00e9 auparavant des pourparlers directs avec les Isra\u00e9liens. Le gouvernement de coalition d\\&rsquo;Isra\u00ebl a fix\u00e9 au 1er juillet la date \u00e0 partir de laquelle il pourrait entamer une action sur les propositions de paix du pr\u00e9sident am\u00e9ricain Donald Trump au Moyen-Orient.<\/p>\n<p>Le plan Trump ouvre la voie \u00e0 Isra\u00ebl pour annexer des parties de la Jud\u00e9e Samarie, y compris des Implantations juives. L\\&rsquo;AP a d\u00e9clar\u00e9 que la contre-proposition serait retir\u00e9e si Isra\u00ebl allait de l\\&rsquo;avant avec l\\&rsquo;annexion \\\u00a0\u00bbde n\\&rsquo;importe quelle partie du territoire palestinien\\\u00a0\u00bb.<\/p>\n<p><a href=\\\"https:\/\/israelmagazine.co.il\/kiryat-anavim-la-cite-des-vignobles\/\\\">https:\/\/israelmagazine.co.il\/kiryat-anavim-la-cite-des-vignobles\/<\/a><\/p>\n<h3>\\\u00a0\u00bb<em>Personne n\\&rsquo;a autant d\\&rsquo;int\u00e9r\u00eat que les Palestiniens \u00e0 conclure un accord de paix<\/em><\/h3>\n<p>\\\u00a0\u00bbPersonne n\\&rsquo;a autant d\\&rsquo;int\u00e9r\u00eat que les Palestiniens \u00e0 conclure un accord de paix et personne n\\&rsquo;a autant \u00e0 perdre que les Palestiniens en l\\&rsquo;absence de paix\\\u00a0\u00bb, a d\u00e9clar\u00e9 la lettre de quatre pages adress\u00e9e au Quartet. \\\u00a0\u00bbNous sommes pr\u00eats \u00e0 avoir notre \u00c9tat avec un nombre limit\u00e9 d\\&rsquo;armes et une force de police puissante pour faire respecter la loi et l\\&rsquo;ordre\\\u00a0\u00bb, a-t-il d\u00e9clar\u00e9, ajoutant qu\\&rsquo;il accepterait une force internationale telle que l\\&rsquo;OTAN, mandat\u00e9e par l\\&rsquo;ONU, pour surveiller le respect du trait\u00e9 de paix. Le texte propose \u00e9galement \\\u00a0\u00bbdes modifications mineures des fronti\u00e8res qui auront \u00e9t\u00e9 mutuellement convenues, sur la base des fronti\u00e8res du 4 juin 1967\\\u00a0\u00bb, lorsque les forces isra\u00e9liennes ont conquis cette region.<\/p>\n<p>Annonc\u00e9 fin janvier \u00e0 Washington, le plan Trump pr\u00e9voit \u00e9galement l\\&rsquo;annexion par Isra\u00ebl de la vall\u00e9e du Jourdain et de la Judee Samarie. Plus de 450 000 Isra\u00e9liens vivent en Jud\u00e9e Samarie aux c\u00f4t\u00e9s de 2,8 millions de Palestiniens.Les propositions de Washington pr\u00e9voient la cr\u00e9ation d\\&rsquo;un \u00c9tat palestinien, mais sur un territoire r\u00e9duit et sans la demande centrale des Palestiniens d\\&rsquo;une capitale \u00e0 J\u00e9rusalem-Est. Le plan avait pr\u00e9c\u00e9demment \u00e9t\u00e9 rejet\u00e9 dans son int\u00e9gralit\u00e9 par les Palestiniens. L\\&rsquo;Union europ\u00e9enne s\\&rsquo;y oppose et exige qu\\&rsquo;Isra\u00ebl abandonne ses ambitions d\\&rsquo;annexion.<\/p>\n<p>&nbsp;<\/p>\n<p>La suite de l\u2019article se trouve dans le prochain num\u00e9ro d\u2019Isra\u00ebl Magazine<\/p>\n<p>S\u2019abonner au magazine par t\u00e9l\u00e9phone ou<\/p>\n<p>par whats app 00972 (0) 54 254 45 20 ou au 01 86 98 27 27<\/p>\n<p>Par email\u00a0 Andredarmon78@gmail.com<\/p>\n<p>Ou directement sur le site www.israelmagazine.co.il<\/p>\n<p>D\u00e9couvrez un exemplaire du magazine gratuitement et cliquez ensuite sur le rebord droit du mag<\/p>\n<p><a href=\\\"https:\/\/fr.calameo.com\/read\/0010965002cfce9dee566?authid=IRnvqb59CRHm\\\">https:\/\/fr.calameo.com\/read\/0010965002cfce9dee566?authid=IRnvqb59CRHm<\/a><\/p>\n<p><a href=\\\"https:\/\/docs.google.com\/forms\/d\/e\/1FAIpQLSfPYJfb8KjEya-X17w0DGPAuBlCGvqVUdh_Is8EL810Lxw82A\/viewform?entry.1189475001=Recipient_Email\\\">https:\/\/docs.google.com\/forms\/d\/e\/1FAIpQLSfPYJfb8KjEya-X17w0DGPAuBlCGvqVUdh_Is8EL810Lxw82A\/viewform?entry.1189475001=Recipient_Email<\/a><\/p>\n<p>&nbsp;<\/p>\n","protected":false},"excerpt":{"rendered":"<p>Les Palestiniens sont pr\u00eats \u00e0 reprendre les pourparlers de paix au point mort avec Isra\u00ebl et \u00e0 accepter des concessions territoriales \u00ab mineures \u00bb,<\/p>\n","protected":false},"author":4,"featured_media":54383,"comment_status":"open","ping_status":"open","sticky":false,"template":"","format":"standard","meta":{"site-sidebar-layout":"default","site-content-layout":"default","ast-global-header-display":"","ast-main-header-display":"","ast-hfb-above-header-display":"","ast-hfb-below-header-display":"","ast-hfb-mobile-header-display":"","site-post-title":"","ast-breadcrumbs-content":"","ast-featured-img":"","footer-sml-layout":"","theme-transparent-header-meta":"","adv-header-id-meta":"","stick-header-meta":"","header-above-stick-meta":"","header-main-stick-meta":"","header-below-stick-meta":""},"categories":[84,1612,1613,1623],"tags":[1628,1841,877,1696],"sujet":[],"_links":{"self":[{"href":"https:\/\/israelmagazine.net\/index.php?rest_route=\/wp\/v2\/posts\/54382"}],"collection":[{"href":"https:\/\/israelmagazine.net\/index.php?rest_route=\/wp\/v2\/posts"}],"about":[{"href":"https:\/\/israelmagazine.net\/index.php?rest_route=\/wp\/v2\/types\/post"}],"author":[{"embeddable":true,"href":"https:\/\/israelmagazine.net\/index.php?rest_route=\/wp\/v2\/users\/4"}],"replies":[{"embeddable":true,"href":"https:\/\/israelmagazine.net\/index.php?rest_route=%2Fwp%2Fv2%2Fcomments&post=54382"}],"version-history":[{"count":0,"href":"https:\/\/israelmagazine.net\/index.php?rest_route=\/wp\/v2\/posts\/54382\/revisions"}],"wp:featuredmedia":[{"embeddable":true,"href":"https:\/\/israelmagazine.net\/index.php?rest_route=\/"}],"wp:attachment":[{"href":"https:\/\/israelmagazine.net\/index.php?rest_route=%2Fwp%2Fv2%2Fmedia&parent=54382"}],"wp:term":[{"taxonomy":"category","embeddable":true,"href":"https:\/\/israelmagazine.net\/index.php?rest_route=%2Fwp%2Fv2%2Fcategories&post=54382"},{"taxonomy":"post_tag","embeddable":true,"href":"https:\/\/israelmagazine.net\/index.php?rest_route=%2Fwp%2Fv2%2Ftags&post=54382"},{"taxonomy":"sujet","embeddable":true,"href":"https:\/\/israelmagazine.net\/index.php?rest_route=%2Fwp%2Fv2%2Fsujet&post=54382"}],"curies":[{"name":"wp","href":"https:\/\/api.w.org\/{rel}","templated":true}]}}