{"id":54404,"date":"2020-07-02T06:43:17","date_gmt":"2020-07-02T04:43:17","guid":{"rendered":"https:\/\/israelmagazine.net\/?p=54404"},"modified":"2020-07-02T06:43:17","modified_gmt":"2020-07-02T04:43:17","slug":"bennett-cabinet-experts","status":"publish","type":"post","link":"https:\/\/israelmagazine.net\/?p=54404","title":{"rendered":"Bennett\u00a0: un \u00abcabinet de coronavirus civil\u00bb compos\u00e9 d\\&rsquo;experts"},"content":{"rendered":"<img class=\\\"size-medium wp-image-54405\\\" src=\\\"https:\/\/israelmagazine.co.il\/wp-content\/uploads\/2020\/07\/bennett-300x200.jpg\\\" alt=\\\"Bennett\\\" width=\\\"300\\\" height=\\\"200\\\" \/>\n<p>Naftali Bennett ( Photo: Knesset )<\/p>\n<p>Bennett\u00a0: un \u00abcabinet de coronavirus civil\u00bb compos\u00e9 d\\&rsquo;experts<\/p>\n<p>Le nouveau chef de file de la droite affirme que le groupe de r\u00e9flexion a \u00e9t\u00e9 cr\u00e9\u00e9 en raison de la r\u00e9ponse persistante du gouvernement \u00e0 la propagation du virus et au manque de traitement de ses ramifications. Naftali Bennett, a annonc\u00e9 mercredi qu\\&rsquo;il mettrait en place un \\\u00a0\u00bbcabinet civil pour les coronavirus\\\u00a0\u00bb compos\u00e9 d\\&rsquo;experts dans les domaines de la sant\u00e9, de l\\&rsquo;\u00e9pid\u00e9miologie et des affaires. Bennet a d\u00e9clar\u00e9 que le groupe de r\u00e9flexion avait \u00e9t\u00e9 cr\u00e9\u00e9 en raison de la r\u00e9ponse persistante du gouvernement \u00e0 la propagation du virus et au manque de traitement de ses ramifications.<\/p>\n<h3>Le nouveau leader de droite dure MK Naftali Bennett<\/h3>\n<p><a href=\\\"https:\/\/israelmagazine.co.il\/ete-2020-aux-2-alpes\/\\\">https:\/\/israelmagazine.co.il\/ete-2020-aux-2-alpes\/<\/a><\/p>\n<p>\\\u00a0\u00bb\u00c0 la lumi\u00e8re de la flamb\u00e9e des infections \u00e0 coronavirus et du naufrage de l\\&rsquo;\u00e9conomie, l\\&rsquo;\u00e9quipe du cabinet \u00e9laborera des lignes directrices pour g\u00e9rer la crise \u00e0 la fois financi\u00e8rement et m\u00e9dicalement. Il fournira des informations au public et agira pour r\u00e9duire les dommages \u00e0 l\\&rsquo;\u00e9conomie\\\u00a0\u00bb, a d\u00e9clar\u00e9 Bennet. . \\\u00a0\u00bbIsra\u00ebl est au milieu d\\&rsquo;une crise de l\\&#8217;emploi qui s\\&rsquo;aggrave, l\\&rsquo;une des pires de son histoire. Nous aiderons \u00e0 la prise de d\u00e9cisions et m\u00e8nerons des actions pour sauver les moyens de subsistance des citoyens isra\u00e9liens tout en pr\u00e9servant leur sant\u00e9.\\\u00a0\u00bb Le groupe nouvellement form\u00e9 vise \u00e0 fonctionner comme une forme de cabinet fant\u00f4me du cabinet des coronavirus de la Knesset, qui dirige la r\u00e9ponse du gouvernement \u00e0 la pand\u00e9mie. Parmi les membres du groupe de r\u00e9flexion figurent l\\&rsquo;ancien chef de la Direction des op\u00e9rations et de la planification de Tsahal &#8211; le g\u00e9n\u00e9ral Giora Eiland, ancien conseiller du minist\u00e8re des Finances &#8211; le professeur Omer Moav, ancien \u00e9conomiste en chef du minist\u00e8re des Finances et directeur des recettes publiques, de la recherche et des affaires internationales. \u2013 le Dr Michael Sarel, \u00e9pid\u00e9miologiste &#8211; Prof. Nurit Kalderon et Prof. Yaneer Bar-Yam, professeur de physique Doron Gazit, Directeur ex\u00e9cutif du Forum des Kohelet &#8211; Avocat Meir Rubin, et le repr\u00e9sentant des travailleurs ind\u00e9pendants Abir Kara.<\/p>\n<p>Sa premi\u00e8re r\u00e9union est pr\u00e9vue dimanche \u00e0 l\\&rsquo;Institut d\\&rsquo;\u00e9tudes sur la s\u00e9curit\u00e9 nationale de Tel-Aviv.<\/p>\n<p><a href=\\\"https:\/\/israelmagazine.co.il\/covid-19-lunion-europeenne-espere-un-vaccin\/\\\">https:\/\/israelmagazine.co.il\/covid-19-lunion-europeenne-espere-un-vaccin\/<\/a><\/p>\n<h3>La suite de l\u2019article se trouve dans le prochain num\u00e9ro d\u2019Isra\u00ebl Magazine<\/h3>\n<p>S\u2019abonner au magazine par t\u00e9l\u00e9phone ou<\/p>\n<p>par whats app 00972 (0) 54 254 45 20 ou au 01 86 98 27 27<\/p>\n<p>Par email\u00a0 Andredarmon78@gmail.com<\/p>\n<p>Ou directement sur le site www.israelmagazine.co.il<\/p>\n<p>D\u00e9couvrez un exemplaire du magazine gratuitement et cliquez ensuite sur le rebord droit du mag<\/p>\n<p><a href=\\\"https:\/\/fr.calameo.com\/read\/0010965002cfce9dee566?authid=IRnvqb59CRHm\\\">https:\/\/fr.calameo.com\/read\/0010965002cfce9dee566?authid=IRnvqb59CRHm<\/a><\/p>\n<p><a href=\\\"https:\/\/docs.google.com\/forms\/d\/e\/1FAIpQLSfPYJfb8KjEya-X17w0DGPAuBlCGvqVUdh_Is8EL810Lxw82A\/viewform?entry.1189475001=Recipient_Email\\\">https:\/\/docs.google.com\/forms\/d\/e\/1FAIpQLSfPYJfb8KjEya-X17w0DGPAuBlCGvqVUdh_Is8EL810Lxw82A\/viewform?entry.1189475001=Recipient_Email<\/a><\/p>\n<p>&nbsp;<\/p>\n<p>&nbsp;<\/p>\n","protected":false},"excerpt":{"rendered":"<p>Le nouveau chef de file de la droite affirme que le groupe de r\u00e9flexion a \u00e9t\u00e9 cr\u00e9\u00e9 en raison de la r\u00e9ponse persistante du gouvernement \u00e0\u2026<\/p>\n","protected":false},"author":4,"featured_media":54405,"comment_status":"open","ping_status":"open","sticky":false,"template":"","format":"standard","meta":{"site-sidebar-layout":"default","site-content-layout":"default","ast-global-header-display":"","ast-main-header-display":"","ast-hfb-above-header-display":"","ast-hfb-below-header-display":"","ast-hfb-mobile-header-display":"","site-post-title":"","ast-breadcrumbs-content":"","ast-featured-img":"","footer-sml-layout":"","theme-transparent-header-meta":"","adv-header-id-meta":"","stick-header-meta":"","header-above-stick-meta":"","header-main-stick-meta":"","header-below-stick-meta":""},"categories":[84,1612,1613,1618],"tags":[2291,2698,2124],"sujet":[],"_links":{"self":[{"href":"https:\/\/israelmagazine.net\/index.php?rest_route=\/wp\/v2\/posts\/54404"}],"collection":[{"href":"https:\/\/israelmagazine.net\/index.php?rest_route=\/wp\/v2\/posts"}],"about":[{"href":"https:\/\/israelmagazine.net\/index.php?rest_route=\/wp\/v2\/types\/post"}],"author":[{"embeddable":true,"href":"https:\/\/israelmagazine.net\/index.php?rest_route=\/wp\/v2\/users\/4"}],"replies":[{"embeddable":true,"href":"https:\/\/israelmagazine.net\/index.php?rest_route=%2Fwp%2Fv2%2Fcomments&post=54404"}],"version-history":[{"count":0,"href":"https:\/\/israelmagazine.net\/index.php?rest_route=\/wp\/v2\/posts\/54404\/revisions"}],"wp:featuredmedia":[{"embeddable":true,"href":"https:\/\/israelmagazine.net\/index.php?rest_route=\/"}],"wp:attachment":[{"href":"https:\/\/israelmagazine.net\/index.php?rest_route=%2Fwp%2Fv2%2Fmedia&parent=54404"}],"wp:term":[{"taxonomy":"category","embeddable":true,"href":"https:\/\/israelmagazine.net\/index.php?rest_route=%2Fwp%2Fv2%2Fcategories&post=54404"},{"taxonomy":"post_tag","embeddable":true,"href":"https:\/\/israelmagazine.net\/index.php?rest_route=%2Fwp%2Fv2%2Ftags&post=54404"},{"taxonomy":"sujet","embeddable":true,"href":"https:\/\/israelmagazine.net\/index.php?rest_route=%2Fwp%2Fv2%2Fsujet&post=54404"}],"curies":[{"name":"wp","href":"https:\/\/api.w.org\/{rel}","templated":true}]}}