{"id":54466,"date":"2020-07-06T07:08:43","date_gmt":"2020-07-06T05:08:43","guid":{"rendered":"https:\/\/israelmagazine.net\/?p=54466"},"modified":"2020-07-06T07:08:43","modified_gmt":"2020-07-06T05:08:43","slug":"qui-a-tue-malcom-x","status":"publish","type":"post","link":"https:\/\/israelmagazine.net\/?p=54466","title":{"rendered":"QUI A TUE MALCOM X\u00a0?"},"content":{"rendered":"<p>QUI A TUE MALCOM X\u00a0?<\/p>\n<p>&nbsp;<\/p>\n<img class=\\\"size-medium wp-image-54467\\\" src=\\\"https:\/\/israelmagazine.co.il\/wp-content\/uploads\/2020\/07\/chapter-thirteen_ap_sq-557fae80b39e75079d6dc515bd9923cad9a2c50e-300x300.jpg\\\" alt=\\\"Malcom X\\\" width=\\\"300\\\" height=\\\"300\\\" \/>\n<p>Le temps avait manqu\u00e9 pour m\u2019int\u00e9resser \u00e0 cette figure d\u00e9sormais historique, une figure qui fut un peu l\u2019anti-Martin Luther King de la lutte des Noirs aux \u00c9tats-Unis. Voil\u00e0 En tout cas ce que nous dit Wikip\u00e9dia de Malcom X ; Malcolm Little a \u00e9t\u00e9 connu sous le nom de Malcolm X,\u00a0 puis \u00e9galement sous le nom d\\&rsquo;El-Hajj Malek El-Shabazz,\u00a0 quand il s\u2019est converti \u00e0 l\u2019Islam. N\u00e9 le 19 mai 1925 \u00e0 Omaha dans le Nebraska, il est mort assassin\u00e9 le 21 f\u00e9vrier 1965 \u00e0 Harlem. \u00a0Ce fut un orateur, un pr\u00eacheur, porte-parole de la Nation of Islam, militant politique et d\u00e9fenseur des droits de l\\&rsquo;homme afro-am\u00e9ricain. Netflix, dans une s\u00e9rie captivante, a voulu savoir ce qu\u2019apparemment une bonne partie de la population noire de Newark savait et taisait depuis 60 ans tel un tabou; \u00e0 savoir le nom des adeptes de la \u2018Nation of Islam\u2019 qui avaient assassin\u00e9 Malcom. Le grand Spike Lee, r\u00e9alisera l\u2019un de ses premiers films, Malcolm X (1992).<\/p>\n<p>&nbsp;<\/p>\n<h3>L\u2019anti-Martin Luther King<\/h3>\n<p>A sa sortie de prison en 1952, Malcolm Little prend le surnom de Malcolm X, car il ne connaissait pas son vrai nom, Little \u00e9tant le nom du ma\u00eetre d\\&rsquo;un de ses anc\u00eatres esclaves. L\u2019enfant est issu d\\&rsquo;une famille modeste qui fut gravement tourment\u00e9e par le Ku Klux Klan &#8211; son p\u00e8re sera assassin\u00e9 par une organisation supr\u00e9maciste blanche- ; jeune d\u00e9linquant, il sera emprisonn\u00e9 plusieurs ann\u00e9es puis il deviendra une ic\u00f4ne de la lib\u00e9ration des Noirs d\u2019Am\u00e9rique. Malcolm X a eu donc plusieurs noms, plusieurs vies, et ses prises de parole rageuses continuent encore de provoquer de vifs d\u00e9bats. Malcolm X l\\&rsquo;impr\u00e9cateur n\\&rsquo;\u00e9tait pas l\\&rsquo;homme des compromissions ni des compromis.<\/p>\n<p><a href=\\\"https:\/\/israelmagazine.co.il\/la-droite-blame-le-retard-de-lannexion\/\\\">https:\/\/israelmagazine.co.il\/la-droite-blame-le-retard-de-lannexion\/<\/a><\/p>\n<p>Ses discours hargneux d\u00e9fiaient aussi bien les Blancs que les Noirs int\u00e9grationnistes qui luttaient pour le Mouvement des Droits Civiques, sous l\\&rsquo;\u00e9gide de Martin Luther King, son grand ennemi politique\u00a0 qu\u2019il qualifiait d\\&rsquo;Oncle Tom. Grace \u00e0 son fr\u00e8re converti \u00e0 l\u2019islam et membre de la \\\u00a0\u00bbNation de l\u2019Islam\\\u00a0\u00bb, Malcolm entend parler pour la premi\u00e8re fois des Black Muslims et de leur leader Elijah Muhammad. A sa sortie de prison en 1952, il rencontre Muhammad, se d\u00e9barrasse de \\\u00a0\u00bbLittle\\\u00a0\u00bb qu\u2019il consid\u00e8re comme un nom d\u2019esclave, le remplace par \\\u00a0\u00bbX\\\u00a0\u00bb qui correspond au nom africain perdu des Noirs d\u2019Am\u00e9rique et devient \\\u00a0\u00bbministre\\\u00a0\u00bb et porte-parole de la \\\u00a0\u00bbNation de l\u2019Islam.\\\u00a0\u00bb<\/p>\n<p>La suite de l\u2019article se trouve dans le prochain num\u00e9ro d\u2019Isra\u00ebl Magazine<\/p>\n<p>S\u2019abonner au magazine par t\u00e9l\u00e9phone ou<\/p>\n<p>par whats app 00972 (0) 54 254 45 20 ou au 01 86 98 27 27<\/p>\n<p>Par email\u00a0 Andredarmon78@gmail.com<\/p>\n<p>Ou directement sur le site www.israelmagazine.co.il<\/p>\n<p>D\u00e9couvrez un exemplaire du magazine gratuitement et cliquez ensuite sur le rebord droit du mag<\/p>\n<p><a href=\\\"https:\/\/fr.calameo.com\/read\/0010965002cfce9dee566?authid=IRnvqb59CRHm\\\">https:\/\/fr.calameo.com\/read\/0010965002cfce9dee566?authid=IRnvqb59CRHm<\/a><\/p>\n<p><a href=\\\"https:\/\/docs.google.com\/forms\/d\/e\/1FAIpQLSfPYJfb8KjEya-X17w0DGPAuBlCGvqVUdh_Is8EL810Lxw82A\/viewform?entry.1189475001=Recipient_Email\\\">https:\/\/docs.google.com\/forms\/d\/e\/1FAIpQLSfPYJfb8KjEya-X17w0DGPAuBlCGvqVUdh_Is8EL810Lxw82A\/viewform?entry.1189475001=Recipient_Email<\/a><\/p>\n","protected":false},"excerpt":{"rendered":"<p>QUI A TUE MALCOM X\u00a0? &nbsp; Le temps avait manqu\u00e9 pour m\u2019int\u00e9resser \u00e0 cette figure d\u00e9sormais historique, une figure qui fut un peu l\u2019anti-Martin Luther King de la lutte des Noirs aux \u00c9tats-Unis. Voil\u00e0 En tout cas ce que nous dit Wikip\u00e9dia de Malcom X ; Malcolm Little a \u00e9t\u00e9 connu sous le nom de &hellip;<\/p>\n<p class=\"read-more\"> <a class=\"\" href=\"https:\/\/israelmagazine.net\/?p=54466\"> <span class=\"screen-reader-text\">QUI A TUE MALCOM X\u00a0?<\/span> Lire la suite \u00bb<\/a><\/p>\n","protected":false},"author":4,"featured_media":0,"comment_status":"open","ping_status":"open","sticky":false,"template":"","format":"standard","meta":{"site-sidebar-layout":"default","site-content-layout":"default","ast-global-header-display":"","ast-main-header-display":"","ast-hfb-above-header-display":"","ast-hfb-below-header-display":"","ast-hfb-mobile-header-display":"","site-post-title":"","ast-breadcrumbs-content":"","ast-featured-img":"","footer-sml-layout":"","theme-transparent-header-meta":"","adv-header-id-meta":"","stick-header-meta":"","header-above-stick-meta":"","header-main-stick-meta":"","header-below-stick-meta":""},"categories":[84,1679,1613,1642],"tags":[2704,1105,2705,2706,2707],"sujet":[],"_links":{"self":[{"href":"https:\/\/israelmagazine.net\/index.php?rest_route=\/wp\/v2\/posts\/54466"}],"collection":[{"href":"https:\/\/israelmagazine.net\/index.php?rest_route=\/wp\/v2\/posts"}],"about":[{"href":"https:\/\/israelmagazine.net\/index.php?rest_route=\/wp\/v2\/types\/post"}],"author":[{"embeddable":true,"href":"https:\/\/israelmagazine.net\/index.php?rest_route=\/wp\/v2\/users\/4"}],"replies":[{"embeddable":true,"href":"https:\/\/israelmagazine.net\/index.php?rest_route=%2Fwp%2Fv2%2Fcomments&post=54466"}],"version-history":[{"count":0,"href":"https:\/\/israelmagazine.net\/index.php?rest_route=\/wp\/v2\/posts\/54466\/revisions"}],"wp:attachment":[{"href":"https:\/\/israelmagazine.net\/index.php?rest_route=%2Fwp%2Fv2%2Fmedia&parent=54466"}],"wp:term":[{"taxonomy":"category","embeddable":true,"href":"https:\/\/israelmagazine.net\/index.php?rest_route=%2Fwp%2Fv2%2Fcategories&post=54466"},{"taxonomy":"post_tag","embeddable":true,"href":"https:\/\/israelmagazine.net\/index.php?rest_route=%2Fwp%2Fv2%2Ftags&post=54466"},{"taxonomy":"sujet","embeddable":true,"href":"https:\/\/israelmagazine.net\/index.php?rest_route=%2Fwp%2Fv2%2Fsujet&post=54466"}],"curies":[{"name":"wp","href":"https:\/\/api.w.org\/{rel}","templated":true}]}}