{"id":54483,"date":"2020-07-08T08:06:07","date_gmt":"2020-07-08T06:06:07","guid":{"rendered":"https:\/\/israelmagazine.net\/?p=54483"},"modified":"2020-07-08T08:06:07","modified_gmt":"2020-07-08T06:06:07","slug":"israel-reduire-degats-2eme-vague-de-coronavirus","status":"publish","type":"post","link":"https:\/\/israelmagazine.net\/?p=54483","title":{"rendered":"Isra\u00ebl\u00a0: r\u00e9duire les d\u00e9g\u00e2ts de la 2\u00e8me vague de coronavirus?"},"content":{"rendered":"<p>2 eme Vague<\/p>\n<img class=\\\"size-medium wp-image-54484\\\" src=\\\"https:\/\/israelmagazine.co.il\/wp-content\/uploads\/2020\/07\/couv-235-fb-233x300.jpg\\\" alt=\\\"vague\\\" width=\\\"233\\\" height=\\\"300\\\" \/>\n<h3>Isra\u00ebl\u00a0: r\u00e9duire les d\u00e9g\u00e2ts de la 2\u00e8me vague de coronavirus?<\/h3>\n<p>Avec les nouveaux cas de virus en croissance exponentielle, au milieu de la deuxi\u00e8me vague, on se doit \u00a0freiner l\\&rsquo;\u00e9pid\u00e9mie en rencontrant moins de gens et en mettant un masque.<\/p>\n<p>L\\&rsquo;\u00e9pid\u00e9mie actuelle est exponentielle, ce qui signifie que l\\&rsquo;intensit\u00e9 de l\\&rsquo;\u00e9pid\u00e9mie se double \u00e0 intervalles r\u00e9guliers; tous les dix jours pendant la deuxi\u00e8me vague et tous les trois jours pendant la premi\u00e8re vague.<\/p>\n<p>Nous utilisons une unit\u00e9 de mesure relative appel\u00e9e \\\u00a0\u00bbd\u00e9cibel\\\u00a0\u00bb, qui est utilis\u00e9e entre autres, pour mesurer le volume du son et pour transmettre et recevoir des signaux radio. Lorsque vous utilisez des d\u00e9cibels pour mesurer le taux de propagation d\\&rsquo;un agent pathog\u00e8ne, nous devons suivre une formule sp\u00e9cifique: un cas par jour \u00e9quivaut \u00e0 0 d\u00e9cibels; 10 cas par jour \u00e9quivaut \u00e0 10 d\u00e9cibels, 100 cas \u00e9quivaut \u00e0 20 d\u00e9cibels, 1000 \u00e9quivaut \u00e0 30 d\u00e9cibels, etc. De plus, une augmentation de trois d\u00e9cibels signifie que le nombre de cas a doubl\u00e9.<\/p>\n<p><a href=\\\"https:\/\/israelmagazine.co.il\/le-port-de-tel-aviv\/\\\">https:\/\/israelmagazine.co.il\/le-port-de-tel-aviv\/<\/a><\/p>\n<p>Lors de la mesure de l\\&rsquo;ampleur d\\&rsquo;une \u00e9pid\u00e9mie en d\u00e9cibels, le taux d\\&rsquo;infection est facilement d\u00e9tectable gr\u00e2ce \u00e0 des graphiques. De cette fa\u00e7on, le nombre de personnes infect\u00e9es pourrait \u00eatre facilement mesur\u00e9, ne serait-ce que de quelques dizaines \u00e0 des millions de patients. En mesurant le nombre de nouveaux cas quotidiens de coronavirus en Isra\u00ebl de mars 2020 au 6 juillet en d\u00e9cibels, le graphique suivant se dessine. Il est facile de voir que l\\&rsquo;intensit\u00e9 de l\\&rsquo;\u00e9pid\u00e9mie a augment\u00e9 de 0,3 d\u00e9cibels par jour, avec une augmentation moyenne de trois d\u00e9cibels tous les 10 jours, ce qui signifie essentiellement que le nombre de cas a doubl\u00e9 tous les 10 jours.<\/p>\n<h3><strong>Ces donn\u00e9es indiquent que le coronavirus en Isra\u00ebl cro\u00eet \u00e0 un rythme exponentiel.<\/strong><\/h3>\n<p>Malgr\u00e9 l\\&rsquo;augmentation rapide du nombre de cas confirm\u00e9s au cours des cinq derni\u00e8res semaines, certains experts m\u00e9dicaux n\\&rsquo;\u00e9taient pas convaincus que les chiffres prouvent que c\\&rsquo;\u00e9tait le d\u00e9but de la deuxi\u00e8me vague, en raison du taux de mortalit\u00e9 et du nombre de cas graves restant relativement bas. \u00a0Cela pourrait \u00eatre d\u00fb au fait que la deuxi\u00e8me vague a commenc\u00e9 au moment o\u00f9 la premi\u00e8re vague s\\&rsquo;essoufflait mais n\\&rsquo;\u00e9tait pas encore termin\u00e9e. En effet, quand on regarde le nombre de malades graves ou le nombre de patients branch\u00e9s sur des ventilateurs, il est difficile de faire la distinction entre ceux hospitalis\u00e9s lors de la premi\u00e8re vague et ceux de la seconde.<\/p>\n<p><a href=\\\"https:\/\/israelmagazine.co.il\/le-coronavirus-permet-de-passer-a-des-politiques-environnementales\/\\\">https:\/\/israelmagazine.co.il\/le-coronavirus-permet-de-passer-a-des-politiques-environnementales\/<\/a><\/p>\n<p>Lors de la mesure du nombre de patients gravement malades utilisant des d\u00e9cibels, il appara\u00eet que le nombre de cas graves a augment\u00e9 en moyenne de 0,27 d\u00e9cibels par jour au cours des trois derni\u00e8res semaines (couleur orange sur le c\u00f4t\u00e9 droit du graphique), contre 0,16 d\u00e9cibel d\\&rsquo;augmentation des cas graves lors de la premi\u00e8re vague (couleur bleue au centre du graphique).<\/p>\n<p>La suite de l\u2019article se trouve dans le prochain num\u00e9ro d\u2019Isra\u00ebl Magazine<\/p>\n<p>S\u2019abonner au magazine par t\u00e9l\u00e9phone ou<\/p>\n<p>par whats app 00972 (0) 54 254 45 20 ou au 01 86 98 27 27<\/p>\n<p>Par email\u00a0 Andredarmon78@gmail.com<\/p>\n<p>Ou directement sur le site www.israelmagazine.co.il<\/p>\n<p>D\u00e9couvrez un exemplaire du magazine gratuitement et cliquez ensuite sur le rebord droit du mag<\/p>\n<p><a href=\\\"https:\/\/fr.calameo.com\/read\/0010965002cfce9dee566?authid=IRnvqb59CRHm\\\">https:\/\/fr.calameo.com\/read\/0010965002cfce9dee566?authid=IRnvqb59CRHm<\/a><\/p>\n<p><a href=\\\"https:\/\/docs.google.com\/forms\/d\/e\/1FAIpQLSfPYJfb8KjEya-X17w0DGPAuBlCGvqVUdh_Is8EL810Lxw82A\/viewform?entry.1189475001=Recipient_Email\\\">https:\/\/docs.google.com\/forms\/d\/e\/1FAIpQLSfPYJfb8KjEya-X17w0DGPAuBlCGvqVUdh_Is8EL810Lxw82A\/viewform?entry.1189475001=Recipient_Email<\/a><\/p>\n<p>&nbsp;<\/p>\n","protected":false},"excerpt":{"rendered":"<p>Avec les nouveaux cas de virus en croissance exponentielle, au milieu de la deuxi\u00e8me vague, on se doit  freiner l\u2019\u00e9pid\u00e9mie en rencontrant moins de gens et en mettant un masque. L\u2019\u00e9pid\u00e9mie actuelle est exponentielle, ce qui signifie que l\\&rsquo;intensit\u00e9 de l\\&rsquo;\u00e9pid\u00e9mie se double \u00e0 intervalles r\u00e9guliers; tous les dix jours pendant la deuxi\u00e8me vague&#8230;<\/p>\n","protected":false},"author":4,"featured_media":54484,"comment_status":"open","ping_status":"open","sticky":false,"template":"","format":"standard","meta":{"site-sidebar-layout":"default","site-content-layout":"default","ast-global-header-display":"","ast-main-header-display":"","ast-hfb-above-header-display":"","ast-hfb-below-header-display":"","ast-hfb-mobile-header-display":"","site-post-title":"","ast-breadcrumbs-content":"","ast-featured-img":"","footer-sml-layout":"","theme-transparent-header-meta":"","adv-header-id-meta":"","stick-header-meta":"","header-above-stick-meta":"","header-main-stick-meta":"","header-below-stick-meta":""},"categories":[84,814,1613,1618],"tags":[2708,2715,1628,2133],"sujet":[],"_links":{"self":[{"href":"https:\/\/israelmagazine.net\/index.php?rest_route=\/wp\/v2\/posts\/54483"}],"collection":[{"href":"https:\/\/israelmagazine.net\/index.php?rest_route=\/wp\/v2\/posts"}],"about":[{"href":"https:\/\/israelmagazine.net\/index.php?rest_route=\/wp\/v2\/types\/post"}],"author":[{"embeddable":true,"href":"https:\/\/israelmagazine.net\/index.php?rest_route=\/wp\/v2\/users\/4"}],"replies":[{"embeddable":true,"href":"https:\/\/israelmagazine.net\/index.php?rest_route=%2Fwp%2Fv2%2Fcomments&post=54483"}],"version-history":[{"count":0,"href":"https:\/\/israelmagazine.net\/index.php?rest_route=\/wp\/v2\/posts\/54483\/revisions"}],"wp:featuredmedia":[{"embeddable":true,"href":"https:\/\/israelmagazine.net\/index.php?rest_route=\/"}],"wp:attachment":[{"href":"https:\/\/israelmagazine.net\/index.php?rest_route=%2Fwp%2Fv2%2Fmedia&parent=54483"}],"wp:term":[{"taxonomy":"category","embeddable":true,"href":"https:\/\/israelmagazine.net\/index.php?rest_route=%2Fwp%2Fv2%2Fcategories&post=54483"},{"taxonomy":"post_tag","embeddable":true,"href":"https:\/\/israelmagazine.net\/index.php?rest_route=%2Fwp%2Fv2%2Ftags&post=54483"},{"taxonomy":"sujet","embeddable":true,"href":"https:\/\/israelmagazine.net\/index.php?rest_route=%2Fwp%2Fv2%2Fsujet&post=54483"}],"curies":[{"name":"wp","href":"https:\/\/api.w.org\/{rel}","templated":true}]}}