{"id":54613,"date":"2020-08-03T17:53:35","date_gmt":"2020-08-03T14:53:35","guid":{"rendered":"https:\/\/israelmagazine.net\/?p=54613"},"modified":"2020-08-03T17:53:35","modified_gmt":"2020-08-03T14:53:35","slug":"medicament-alzheimer-aider-enfants-autistes","status":"publish","type":"post","link":"https:\/\/israelmagazine.net\/?p=54613","title":{"rendered":"Un m\u00e9dicament pour l\\&rsquo;Alzheimer, susceptible d\u2019aider les enfants autistes"},"content":{"rendered":"<p>Perc\u00e9e pour le traitement de l\u2019autisme \u00e0 l\u2019Universit\u00e9 de Tel-Aviv<\/p>\n<h3>Un m\u00e9dicament pour l\\&rsquo;Alzheimer est susceptible d\u2019aider les enfants autistes<\/h3>\n<p>Une \u00e9tude internationale de grande envergure men\u00e9e sous la direction du Prof. Illana Gozes du D\u00e9partement de g\u00e9n\u00e9tique mol\u00e9culaire humaine et de biochimie de l\\&rsquo;Universit\u00e9 de Tel-Aviv, a montr\u00e9 l\u2019efficacit\u00e9 d\u2019un m\u00e9dicament exp\u00e9rimental contre la maladie d\\&rsquo;Alzheimer pour le traitement des neurones atteints par le syndrome ADNP, l\u2019un des syndromes les plus courant de l\u2019autisme. Selon les chercheurs la substance, mise au point dans le laboratoire du Prof. Gozes, pourra donc contribuer \u00e0 l\\&rsquo;am\u00e9lioration du fonctionnement cognitif des enfants autistes, en particulier dans le domaine de la m\u00e9moire et des comp\u00e9tences d\\&rsquo;apprentissage. L\u2019\u00e9tude a \u00e9t\u00e9 entreprise suite \u00e0 la constatation de la pr\u00e9sence d\u2019un d\u00e9p\u00f4t d\u2019une prot\u00e9ine caract\u00e9ristique des patients atteints de la maladie d\\&rsquo;Alzheimer, dans des tissus pr\u00e9lev\u00e9s sur le cerveau d\\&rsquo;un enfant autiste de 7 ans apr\u00e8s sa mort.<\/p>\n<p><a href=\\\"https:\/\/israelmagazine.co.il\/un-plan-national-de-lutte-contre-la-pandemie\/\\\">https:\/\/israelmagazine.co.il\/un-plan-national-de-lutte-contre-la-pandemie\/<\/a><\/p>\n<h3>les derni\u00e8res statistiques des autorit\u00e9s sanitaires am\u00e9ricaines<\/h3>\n<div data-area-name=\\\"header\\\">\n<div class=\\\"ArticleHeader\\\">\n<div class=\\\"ArticleHeader-lead\\\">Selon les derni\u00e8res statistiques des autorit\u00e9s sanitaires am\u00e9ricaines publi\u00e9es aujourd\u2019hui, les cas d\u2019autisme chez les enfants am\u00e9ricains auraient augment\u00e9 de 23% entre 2006 et 2008.<\/div>\n<\/div>\n<\/div>\n<div class=\\\"ArticleContent\\\">\n<div class=\\\"ArticleContent-aside ArticleContent-advertising thinColumn\\\">\n<div class=\\\"External External--right-1 External-container\\\">\n<div id=\\\"right-1\\\" class=\\\"External-container\\\" data-format-id=\\\"385\\\">Les autorit\u00e9s sanitaires am\u00e9ricaines viennent de publier leurs derni\u00e8res statistiques concernant l\u2019autisme. Bilan de leurs observations : 23% de cas autistiques\u00a0 suppl\u00e9mentaires ont \u00e9t\u00e9 recens\u00e9es entre 2006 et 2008, soit 1 enfant sur 88 en moyenne en 2008, contre 1 sur 110 en 2006. \u00ab <em>Cette \u00e9tude est bas\u00e9e sur une observation faite en 2008 qui montre que 11,3 enfants pour mille \u00e2g\u00e9s de huit ans avaient alors \u00e9t\u00e9 diagnostiqu\u00e9s du trouble du spectre autistique. Cette augmentation s\u2019expliquerait en partie par une meilleure d\u00e9tection du syndrome surtout chez les moins de 3 ans<\/em>\u00a0\u00bb pr\u00e9cisent les Centres f\u00e9d\u00e9raux de contr\u00f4le et de pr\u00e9vention des maladies (CDC) qui ont r\u00e9alis\u00e9 ce rapport.<\/div>\n<\/div>\n<\/div>\n<div class=\\\"ArticleContent-main mediumColumn\\\" data-area-name=\\\"body\\\">\n<div class=\\\"Article\\\">\n<div class=\\\"Article-textContainer Article-text\\\">\n<p>Autre constat \u00e9tonnant : la pr\u00e9valence de l\u2019autisme varie fortement selon les Etats, avec 1 enfant sur 210 dans l\u2019Alabama (sud) et 1 sur 47 dans l\u2019Utah (nord-ouest). Enfin, la plus forte hausse a \u00e9t\u00e9 observ\u00e9e chez les enfants noirs et hispaniques. Des r\u00e9sultats inqui\u00e9tants ? Pour les autorit\u00e9s am\u00e9ricaines, ils seraient au contraire plut\u00f4t le signe positif d\\&rsquo;un d\u00e9veloppement des diagnostics pr\u00e9coces (chez les enfants de moins de 3 ans), facilitant ainsi la prise en charge des enfants concern\u00e9s.<\/p>\n<p>La suite de l\u2019article se trouve dans le prochain num\u00e9ro d\u2019Isra\u00ebl Magazine<\/p>\n<p>D\u00e9couvrez un exemplaire du magazine gratuitement et cliquez ensuite sur le rebord droit du mag<\/p>\n<p><a href=\\\"https:\/\/fr.calameo.com\/read\/001096500c7f116363325\\\">https:\/\/fr.calameo.com\/read\/001096500c7f116363325<\/a><\/p>\n<p>S\u2019abonner au magazine par t\u00e9l\u00e9phone ou<\/p>\n<p>par whats app 00972 (0) 54 254 45 20 ou au 01 86 98 27 27<\/p>\n<p>Par email\u00a0 Andredarmon78@gmail.com<\/p>\n<p>Ou directement sur le site www.israelmagazine.co.il<\/p>\n<p>Ou encore S\u2019abonner au magazine livre chez vous en toute confidentialit\u00e9. Remplir le formulaire<\/p>\n<p><a href=\\\"https:\/\/docs.google.com\/forms\/d\/e\/1FAIpQLSfPYJfb8KjEya-X17w0DGPAuBlCGvqVUdh_Is8EL810Lxw82A\/viewform?entry.1189475001=Recipient_Email\\\">https:\/\/docs.google.com\/forms\/d\/e\/1FAIpQLSfPYJfb8KjEya-X17w0DGPAuBlCGvqVUdh_Is8EL810Lxw82A\/viewform?entry.1189475001=Recipient_Email<\/a><\/p>\n<\/div>\n<\/div>\n<\/div>\n<\/div>\n","protected":false},"excerpt":{"rendered":"<p>Perc\u00e9e pour le traitement de l\u2019autisme \u00e0 l\u2019Universit\u00e9 de Tel-Aviv. Un m\u00e9dicament pour l\u2019Alzheimer est susceptible d\u2019aider les enfants autistes. Une \u00e9tude internationale de grande envergure men\u00e9e sous la direction du Prof. Illana Gozes du D\u00e9partement de g\u00e9n\u00e9tique mol\u00e9culaire humaine et de biochimie de l\\&rsquo;Universit\u00e9 de Tel-Aviv&#8230;<\/p>\n","protected":false},"author":4,"featured_media":54614,"comment_status":"open","ping_status":"open","sticky":false,"template":"","format":"standard","meta":{"site-sidebar-layout":"default","site-content-layout":"default","ast-global-header-display":"","ast-main-header-display":"","ast-hfb-above-header-display":"","ast-hfb-below-header-display":"","ast-hfb-mobile-header-display":"","site-post-title":"","ast-breadcrumbs-content":"","ast-featured-img":"","footer-sml-layout":"","theme-transparent-header-meta":"","adv-header-id-meta":"","stick-header-meta":"","header-above-stick-meta":"","header-main-stick-meta":"","header-below-stick-meta":""},"categories":[84,1613,1665,41],"tags":[2749,2732],"sujet":[],"_links":{"self":[{"href":"https:\/\/israelmagazine.net\/index.php?rest_route=\/wp\/v2\/posts\/54613"}],"collection":[{"href":"https:\/\/israelmagazine.net\/index.php?rest_route=\/wp\/v2\/posts"}],"about":[{"href":"https:\/\/israelmagazine.net\/index.php?rest_route=\/wp\/v2\/types\/post"}],"author":[{"embeddable":true,"href":"https:\/\/israelmagazine.net\/index.php?rest_route=\/wp\/v2\/users\/4"}],"replies":[{"embeddable":true,"href":"https:\/\/israelmagazine.net\/index.php?rest_route=%2Fwp%2Fv2%2Fcomments&post=54613"}],"version-history":[{"count":0,"href":"https:\/\/israelmagazine.net\/index.php?rest_route=\/wp\/v2\/posts\/54613\/revisions"}],"wp:featuredmedia":[{"embeddable":true,"href":"https:\/\/israelmagazine.net\/index.php?rest_route=\/"}],"wp:attachment":[{"href":"https:\/\/israelmagazine.net\/index.php?rest_route=%2Fwp%2Fv2%2Fmedia&parent=54613"}],"wp:term":[{"taxonomy":"category","embeddable":true,"href":"https:\/\/israelmagazine.net\/index.php?rest_route=%2Fwp%2Fv2%2Fcategories&post=54613"},{"taxonomy":"post_tag","embeddable":true,"href":"https:\/\/israelmagazine.net\/index.php?rest_route=%2Fwp%2Fv2%2Ftags&post=54613"},{"taxonomy":"sujet","embeddable":true,"href":"https:\/\/israelmagazine.net\/index.php?rest_route=%2Fwp%2Fv2%2Fsujet&post=54613"}],"curies":[{"name":"wp","href":"https:\/\/api.w.org\/{rel}","templated":true}]}}