{"id":54724,"date":"2020-08-31T07:41:14","date_gmt":"2020-08-31T04:41:14","guid":{"rendered":"https:\/\/israelmagazine.net\/?p=54724"},"modified":"2020-08-31T07:41:14","modified_gmt":"2020-08-31T04:41:14","slug":"dangers-reseaux-sociaux-lego-des-ados","status":"publish","type":"post","link":"https:\/\/israelmagazine.net\/?p=54724","title":{"rendered":"Les Dangers des r\u00e9seaux sociaux : L\u2019Ego des Ados"},"content":{"rendered":"<p>par Jessica Adjej<\/p>\n<p>Ados. \u201c<em>Rien n\u2019est plus irritable que l\u2019ind\u00e9pendance de l\u2019adolescent. Si l\u2019on froisse en lui, ce droit, qu\u2019il vient de se d\u00e9couvrir, il se rebiffe et fait, par r\u00e9volte, le contraire de ce qu\u2019on lui commande<\/em>\u201d (Desmarchais, <em>Le feu int\u00e9rieur<\/em>, 1933). Accorder de l\u2019ind\u00e9pendance \u00e0 son adolescent, c\u2019est lui accorder sa confiance et par cons\u00e9quent lui laisser faire ses choix et appr\u00e9hender ses propres jugements de valeurs. Mais nous faisons face \u00e0 un syst\u00e8me o\u00f9 l\u2019acc\u00e8s est facilit\u00e9 \u00e0 tous types d\u2019informations, o\u00f9 l\u2019influence des r\u00e9seaux sociaux a un r\u00e9el impact sur la vie des jeunes et sur leurs repr\u00e9sentations du monde. La construction identitaire d\u00e9bute aux pr\u00e9mices de l\\&rsquo;adolescence, ce pourquoi les r\u00e9f\u00e9rences auxquelles les jeunes s\u2019attachent vont \u00eatre cons\u00e9quentes dans la cr\u00e9ation de leur \u201c\u00catre\u201d adulte.<\/p>\n<p>Qu\u2019est-ce qu\\&rsquo;\u00eatre parent d\u2019un ado en 2020 ? Mettre en garde son enfant des dangers d\u2019internet et des r\u00e9seaux sociaux, m\u00eame si l\u2019on sait pertinemment que nous ne pouvons pas tout contr\u00f4ler ? Limiter l\u2019acc\u00e8s aux r\u00e9seaux sociaux, ce qui nous vaudra les foudres de nos ch\u00e8res t\u00eates blondes ? Quels peuvent \u00eatre les diff\u00e9rents dangers des r\u00e9seaux sociaux ?\u00a0 O\u00f9 tout est dit, tout est vu, tout est partag\u00e9, o\u00f9 est donc la limite ?<\/p>\n<p><a href=\\\"https:\/\/israelmagazine.co.il\/tel-aviv-magazine-le-petit-dernier-des-magazines-en-kiosques\/\\\">https:\/\/israelmagazine.co.il\/tel-aviv-magazine-le-petit-dernier-des-magazines-en-kiosques\/<\/a><\/p>\n<p><strong>Je te like, tu me like, par un petit pouce<\/strong><\/p>\n<p>Une r\u00e9cente \u00e9tude a \u00e9t\u00e9 publi\u00e9e dans le <em>JAMA psychiatry<\/em> (2019) concernant le temps pass\u00e9 sur les r\u00e9seaux sociaux corr\u00e9l\u00e9 aux troubles \u00e9motionnels des jeunes entre 12 et 15 ans. Elle r\u00e9v\u00e8le qu\u2019une consommation massive (de plus de trois heures) des r\u00e9seaux sociaux peut entra\u00eener chez les ados, un mal-\u00eatre, un sentiment d\u2019insatisfaction, de culpabilit\u00e9, voire m\u00eame une tendance \u00e0 la d\u00e9pression. Mais quelles sont les attentes de nos jeunes sur ces diverses plate-formes d\\&rsquo;\u00e9change et de partage ?<\/p>\n<p>&nbsp;<\/p>\n<p>La suite de l\u2019article se trouve dans le prochain num\u00e9ro d\u2019Isra\u00ebl Magazine<\/p>\n<p>D\u00e9couvrez un exemplaire du magazine gratuitement et cliquez ensuite sur le rebord droit du mag<\/p>\n<p><a href=\\\"https:\/\/fr.calameo.com\/read\/001096500c7f116363325\\\">https:\/\/fr.calameo.com\/read\/001096500c7f116363325<\/a><\/p>\n<p>S\u2019abonner au magazine par t\u00e9l\u00e9phone ou<\/p>\n<p>par whats app 00972 (0) 54 254 45 20 ou au 01 86 98 27 27<\/p>\n<p>Par email\u00a0 Andredarmon78@gmail.com<\/p>\n<p>Ou directement sur le site www.israelmagazine.co.il<\/p>\n<p>Ou encore S\u2019abonner au magazine livre chez vous en toute confidentialit\u00e9. Remplir le formulaire<\/p>\n<p>&nbsp;<\/p>\n<p>https:\/\/docs.google.com\/forms\/d\/e\/1FAIpQLSfPYJfb8KjEya-X17w0DGPAuBlCGvqVUdh_Is8EL810Lxw82A\/viewform?entry.1189475001=Recipient_Email<\/p>\n","protected":false},"excerpt":{"rendered":"<p>Ados. \u201cRien n\u2019est plus irritable que l\u2019ind\u00e9pendance de l\u2019adolescent. Si l\u2019on froisse en lui, ce droit, qu\u2019il vient de se d\u00e9couvrir, il se rebiffe et fait, par r\u00e9volte, le contraire de ce qu\u2019on lui commande\u201d (Desmarchais, Le feu int\u00e9rieur, 1933). Accorder de l\u2019ind\u00e9pendance \u00e0 son adolescent, c\u2019est lui accorder sa confiance\u2026<\/p>\n","protected":false},"author":4,"featured_media":54756,"comment_status":"open","ping_status":"open","sticky":false,"template":"","format":"standard","meta":{"site-sidebar-layout":"default","site-content-layout":"default","ast-global-header-display":"","ast-main-header-display":"","ast-hfb-above-header-display":"","ast-hfb-below-header-display":"","ast-hfb-mobile-header-display":"","site-post-title":"","ast-breadcrumbs-content":"","ast-featured-img":"","footer-sml-layout":"","theme-transparent-header-meta":"","adv-header-id-meta":"","stick-header-meta":"","header-above-stick-meta":"","header-main-stick-meta":"","header-below-stick-meta":""},"categories":[84,1613,1615],"tags":[2770,2771,1628],"sujet":[],"_links":{"self":[{"href":"https:\/\/israelmagazine.net\/index.php?rest_route=\/wp\/v2\/posts\/54724"}],"collection":[{"href":"https:\/\/israelmagazine.net\/index.php?rest_route=\/wp\/v2\/posts"}],"about":[{"href":"https:\/\/israelmagazine.net\/index.php?rest_route=\/wp\/v2\/types\/post"}],"author":[{"embeddable":true,"href":"https:\/\/israelmagazine.net\/index.php?rest_route=\/wp\/v2\/users\/4"}],"replies":[{"embeddable":true,"href":"https:\/\/israelmagazine.net\/index.php?rest_route=%2Fwp%2Fv2%2Fcomments&post=54724"}],"version-history":[{"count":0,"href":"https:\/\/israelmagazine.net\/index.php?rest_route=\/wp\/v2\/posts\/54724\/revisions"}],"wp:featuredmedia":[{"embeddable":true,"href":"https:\/\/israelmagazine.net\/index.php?rest_route=\/"}],"wp:attachment":[{"href":"https:\/\/israelmagazine.net\/index.php?rest_route=%2Fwp%2Fv2%2Fmedia&parent=54724"}],"wp:term":[{"taxonomy":"category","embeddable":true,"href":"https:\/\/israelmagazine.net\/index.php?rest_route=%2Fwp%2Fv2%2Fcategories&post=54724"},{"taxonomy":"post_tag","embeddable":true,"href":"https:\/\/israelmagazine.net\/index.php?rest_route=%2Fwp%2Fv2%2Ftags&post=54724"},{"taxonomy":"sujet","embeddable":true,"href":"https:\/\/israelmagazine.net\/index.php?rest_route=%2Fwp%2Fv2%2Fsujet&post=54724"}],"curies":[{"name":"wp","href":"https:\/\/api.w.org\/{rel}","templated":true}]}}