{"id":54729,"date":"2020-09-01T08:08:22","date_gmt":"2020-09-01T05:08:22","guid":{"rendered":"https:\/\/israelmagazine.net\/?p=54729"},"modified":"2020-09-01T08:08:22","modified_gmt":"2020-09-01T05:08:22","slug":"bibi-netanyahou-invite-emirats-arabes-unis-en-israel","status":"publish","type":"post","link":"https:\/\/israelmagazine.net\/?p=54729","title":{"rendered":"Bibi Netanyahou invite les \u00c9mirats arabes unis en Isra\u00ebl"},"content":{"rendered":"<p>Le Premier ministre lance une invitation par l\\&rsquo;interm\u00e9diaire du conseiller \u00e0 la s\u00e9curit\u00e9 nationale, qui dirige un groupe de hauts responsables isra\u00e9liens \u00e0 Abu Dhabi pour finaliser un pacte marquant des relations ouvertes entre les deux pays. L\\&rsquo;invitation, a d\u00e9clar\u00e9 Netanyahou, a \u00e9t\u00e9 lanc\u00e9e par son conseiller \u00e0 la s\u00e9curit\u00e9 nationale, qui dirige un groupe de hauts responsables isra\u00e9liens \u00e0 Abou Dhabi pour finaliser un pacte marquant des relations ouvertes entre Isra\u00ebl et l\\&rsquo;\u00c9tat du Golfe.<\/p>\n<p>\\\u00a0\u00bbNous les accueillerons avec un tapis rouge alors qu\\&rsquo;ils nous ont accueillis\\\u00a0\u00bb, a d\u00e9clar\u00e9 Netanyahu lors d\\&rsquo;une conf\u00e9rence de presse. Netanyahou a \u00e9galement d\u00e9clar\u00e9 que les parties pr\u00e9paraient une c\u00e9r\u00e9monie de signature \u00e0 Washington de l\\&rsquo;accord de normalisation avec les \u00c9mirats arabes unis. \\\u00a0\u00bbJ\\&rsquo;ai tenu une conf\u00e9rence t\u00e9l\u00e9phonique il y a quelques jours avec Donald] Trump et le prince h\u00e9ritier [des EAU] Mohammed ben Zayed et aujourd\\&rsquo;hui nous avons assist\u00e9 au premier vol commercial isra\u00e9lien au-dessus de l\\&rsquo;Arabie saoudite \u00e0 destination d\\&rsquo;Abu Dhabi\\\u00a0\u00bb, a d\u00e9clar\u00e9 Netanyahou. \\\u00a0\u00bbJ\\&rsquo;ai charg\u00e9 notre d\u00e9l\u00e9gation de pr\u00e9parer le plus rapidement possible un accord officiel qui sera sign\u00e9 prochainement \u00e0 Washington.\\\u00a0\u00bb Les \u00c9tats-Unis garantiront l\\&rsquo;avantage militaire d\\&rsquo;Isra\u00ebl dans la r\u00e9gion tout en renfor\u00e7ant ses liens avec les \u00c9mirats arabes unis, a d\u00e9clar\u00e9 lundi un haut responsable de la Maison Blanche, Jared Kushner, alors que les d\u00e9l\u00e9gations isra\u00e9lienne et am\u00e9ricaine arrivaient \u00e0 Abu Dhabi sur le tout premier vol commercial d\\&rsquo;Isra\u00ebl vers l\\&rsquo;\u00c9tat du Golfe. Le vol vers Abou Dhabi est intervenu quelques semaines \u00e0 peine apr\u00e8s l\\&rsquo;annonce de l\\&rsquo;accord de normalisation entre Isra\u00ebl et les \u00c9mirats arabes unis le 13 ao\u00fbt. C\\&rsquo;\u00e9tait le premier accord de ce type entre un pays arabe et Isra\u00ebl en plus de 20 ans et \u00e9tait en grande partie forg\u00e9 par les craintes communes de l\\&rsquo;Iran. Ynet jours plus tard, a r\u00e9v\u00e9l\u00e9 que l\\&rsquo;accord entre Isra\u00ebl et les \u00c9mirats arabes unis, qui avait \u00e9t\u00e9 en partie n\u00e9goci\u00e9 par Washington, comprenait une clause secr\u00e8te d\u00e9taillant la vente d\\&rsquo;avions de combat F-35 aux \u00c9mirats. Les Palestiniens ont \u00e9t\u00e9 constern\u00e9s par la d\u00e9cision des EAU, craignant qu\\&rsquo;elle n\\&rsquo;affaiblisse une position panarabe de longue date qui appelait au retrait isra\u00e9lien de la Cisjordanie et de la bande de Gaza et \u00e0 l\\&rsquo;acceptation du statut d\\&rsquo;\u00c9tat palestinien en \u00e9change de relations normales avec les pays arabes. \\\u00a0\u00bbIls doivent venir \u00e0 la table. La paix sera pr\u00eate pour eux, une opportunit\u00e9 sera pr\u00eate pour eux d\u00e8s qu\\&rsquo;ils seront pr\u00eats \u00e0 l\\&rsquo;accepter\\\u00a0\u00bb, a d\u00e9clar\u00e9 Kushner, une partie de la d\u00e9l\u00e9gation am\u00e9ricaine qui a accompagn\u00e9 les responsables isra\u00e9liens sur le vol de Tel Aviv \u00e0 Abu Dhabi.<\/p>\n<p><a href=\\\"https:\/\/israelmagazine.co.il\/tsahal-achat-dispositif-anti-drone-portable\/\\\">https:\/\/israelmagazine.co.il\/tsahal-achat-dispositif-anti-drone-portable\/<\/a><\/p>\n<h3>Kushner et le conseiller am\u00e9ricain \u00e0 la s\u00e9curit\u00e9 nationale, Robert O\\&rsquo;Brien, dirigeaient la d\u00e9l\u00e9gation am\u00e9ricaine, tandis que l\\&rsquo;\u00e9quipe isra\u00e9lienne \u00e9tait dirig\u00e9e par l\\&rsquo;homologue d\\&rsquo;O\\&rsquo;Brien, Meir Ben Shabbat.<\/h3>\n<p>Isra\u00ebl et les EAU &#8211; deuxi\u00e8me \u00e9conomie du monde arabe et puissance r\u00e9gionale \u00e0 part enti\u00e8re &#8211; devaient discuter de la coop\u00e9ration \u00e9conomique, scientifique, commerciale et culturelle lors de cette visite. Des vols directs entre les deux pays seront \u00e9galement \u00e0 l\\&rsquo;ordre du jour, a d\u00e9clar\u00e9 un porte-parole du minist\u00e8re des Affaires \u00e9trang\u00e8res \u00e0 la t\u00e9l\u00e9vision al Arabiya apr\u00e8s son atterrissage \u00e0 Abu Dhabi. Avant m\u00eame d\\&rsquo;atterrir, les d\u00e9l\u00e9gu\u00e9s ont marqu\u00e9 l\\&rsquo;histoire de l\\&rsquo;aviation lorsque le Boeing 737 d\\&rsquo;El Al a survol\u00e9 le territoire saoudien sur le vol direct de Tel-Aviv \u00e0 la capitale des \u00c9mirats arabes unis.<\/p>\n<h3>\\\u00a0\u00bbVoil\u00e0 \u00e0 quoi ressemble la paix pour la paix\\\u00a0\u00bb,<\/h3>\n<p>a tweet\u00e9 Netanyahou en h\u00e9breu, d\u00e9crivant un accord pour des liens formels avec un \u00c9tat arabe qui n\\&rsquo;implique pas la remise des terres qu\\&rsquo;Isra\u00ebl a conquises lors de la guerre des Six jours de 1967. L\\&rsquo;administration de Donald Trump a tent\u00e9 d\\&rsquo;amener d\\&rsquo;autres pays arabes sunnites pr\u00e9occup\u00e9s par l\\&rsquo;Iran \u00e0 s\\&rsquo;engager avec Isra\u00ebl. Le plus puissant d\\&rsquo;entre eux, l\\&rsquo;Arabie saoudite, tout en ouvrant son espace a\u00e9rien au vol El Al, a signal\u00e9 qu\\&rsquo;elle n\\&rsquo;\u00e9tait pas pr\u00eate.Quelques heures avant l\\&rsquo;atterrissage de l\\&rsquo;avion, trois personnes ont \u00e9t\u00e9 tu\u00e9es et plusieurs autres ont \u00e9t\u00e9 bless\u00e9es dans deux explosions distinctes \u00e0 Abu Dhabi et dans le centre touristique des \u00c9mirats arabes unis \u00e0 Duba\u00ef, ont d\u00e9clar\u00e9 la police et les m\u00e9dias locaux.<\/p>\n<p>Comme tous les 737 El Al, l\\&rsquo;avion \u00e9tait \u00e9quip\u00e9 d\\&rsquo;un syst\u00e8me anti-missile, a d\u00e9clar\u00e9 un porte-parole isra\u00e9lien, et transportait des agents de s\u00e9curit\u00e9 des services secrets am\u00e9ricains et des services de s\u00e9curit\u00e9 int\u00e9rieure du Shin Bet pour garder les d\u00e9l\u00e9gations. \u00c0 bord de l\\&rsquo;avion de ligne bond\u00e9, les passagers ont \u00e9t\u00e9 accueillis en arabe ainsi qu\\&rsquo;en anglais et en h\u00e9breu, un geste marquant le vol historique. \\\u00a0\u00bbNous souhaitons \u00e0 tous, Salaam, paix et shalom, un vol s\u00fbr\\\u00a0\u00bb, a d\u00e9clar\u00e9 le pilote, le capitaine Tal Becker, \u00e0 l\\&rsquo;interphone, en arabe, anglais et h\u00e9breu, utilisant les trois langues pour annoncer \u00e9galement le num\u00e9ro de vol et la destination.<\/p>\n<p>La suite de l\u2019article se trouve dans le prochain num\u00e9ro d\u2019Isra\u00ebl Magazine<br \/>\nD\u00e9couvrez un exemplaire du magazine gratuitement et cliquez ensuite sur le rebord droit du mag<br \/>\n<a href=\\\"https:\/\/fr.calameo.com\/read\/001096500c7f116363325\\\">https:\/\/fr.calameo.com\/read\/001096500c7f116363325<\/a><\/p>\n<p>S\u2019abonner au magazine par t\u00e9l\u00e9phone ou<br \/>\npar whats app 00972 (0) 54 254 45 20 ou au 01 86 98 27 27<br \/>\nPar email Andredarmon78@gmail.com<\/p>\n<p>Ou directement sur le site www.israelmagazine.co.il<br \/>\nOu encore S\u2019abonner au magazine livre chez vous en toute confidentialit\u00e9. Remplir le formulaire<br \/>\nhttps:\/\/docs.google.com\/forms\/d\/e\/1FAIpQLSfPYJfb8KjEya-X17w0DGPAuBlCGvqVUdh_Is8EL810Lxw82A\/viewform?entry.1189475001=Recipient_Email<\/p>\n<p>&nbsp;<\/p>\n","protected":false},"excerpt":{"rendered":"<p>Le Premier ministre lance une invitation par l\u2019interm\u00e9diaire du conseiller \u00e0 la s\u00e9curit\u00e9 nationale, qui dirige un groupe de hauts responsables isra\u00e9liens \u00e0 Abu Dhabi pour finaliser un pacte marquant des relations ouvertes entre les deux pays. L\u2019invitation, a d\u00e9clar\u00e9 Netanyahou, a \u00e9t\u00e9 lanc\u00e9e par son conseiller \u00e0 la s\u00e9curit\u00e9 nationale, qui dirige\u2026<\/p>\n","protected":false},"author":4,"featured_media":54758,"comment_status":"open","ping_status":"open","sticky":false,"template":"","format":"standard","meta":{"site-sidebar-layout":"default","site-content-layout":"default","ast-global-header-display":"","ast-main-header-display":"","ast-hfb-above-header-display":"","ast-hfb-below-header-display":"","ast-hfb-mobile-header-display":"","site-post-title":"","ast-breadcrumbs-content":"","ast-featured-img":"","footer-sml-layout":"","theme-transparent-header-meta":"","adv-header-id-meta":"","stick-header-meta":"","header-above-stick-meta":"","header-main-stick-meta":"","header-below-stick-meta":""},"categories":[84,1612,1617,1614],"tags":[2775,2776,1628,2777,2778],"sujet":[],"_links":{"self":[{"href":"https:\/\/israelmagazine.net\/index.php?rest_route=\/wp\/v2\/posts\/54729"}],"collection":[{"href":"https:\/\/israelmagazine.net\/index.php?rest_route=\/wp\/v2\/posts"}],"about":[{"href":"https:\/\/israelmagazine.net\/index.php?rest_route=\/wp\/v2\/types\/post"}],"author":[{"embeddable":true,"href":"https:\/\/israelmagazine.net\/index.php?rest_route=\/wp\/v2\/users\/4"}],"replies":[{"embeddable":true,"href":"https:\/\/israelmagazine.net\/index.php?rest_route=%2Fwp%2Fv2%2Fcomments&post=54729"}],"version-history":[{"count":0,"href":"https:\/\/israelmagazine.net\/index.php?rest_route=\/wp\/v2\/posts\/54729\/revisions"}],"wp:featuredmedia":[{"embeddable":true,"href":"https:\/\/israelmagazine.net\/index.php?rest_route=\/"}],"wp:attachment":[{"href":"https:\/\/israelmagazine.net\/index.php?rest_route=%2Fwp%2Fv2%2Fmedia&parent=54729"}],"wp:term":[{"taxonomy":"category","embeddable":true,"href":"https:\/\/israelmagazine.net\/index.php?rest_route=%2Fwp%2Fv2%2Fcategories&post=54729"},{"taxonomy":"post_tag","embeddable":true,"href":"https:\/\/israelmagazine.net\/index.php?rest_route=%2Fwp%2Fv2%2Ftags&post=54729"},{"taxonomy":"sujet","embeddable":true,"href":"https:\/\/israelmagazine.net\/index.php?rest_route=%2Fwp%2Fv2%2Fsujet&post=54729"}],"curies":[{"name":"wp","href":"https:\/\/api.w.org\/{rel}","templated":true}]}}