{"id":54847,"date":"2020-10-22T06:59:29","date_gmt":"2020-10-22T03:59:29","guid":{"rendered":"https:\/\/israelmagazine.net\/?p=54847"},"modified":"2020-10-22T06:59:29","modified_gmt":"2020-10-22T03:59:29","slug":"le-phenomene-zemmour","status":"publish","type":"post","link":"https:\/\/israelmagazine.net\/?p=54847","title":{"rendered":"Le Ph\u00e9nom\u00e8ne Zemmour"},"content":{"rendered":"<h3><strong>Le Ph\u00e9nom\u00e8ne Zemmour<\/strong><\/h3>\n<p>par David Reinharc\u00a0 \u00a0 \u00a0exlusif Israel Magazine<\/p>\n<p>Isra\u00ebl Magazine a cherch\u00e9 \u00e0 comprendre le ph\u00e9nom\u00e8ne Zemmour. Comment le petit juif arabe (lui pr\u00e9f\u00e8re dire \\\u00a0\u00bbjuif berb\u00e8re\\\u00a0\u00bb), enfant du d\u00e9cret Cr\u00e9mieux, n\u00e9 le 31 ao\u00fbt 1958 \u00e0 Paris, dont les parents, Roger et Lucette, sont arriv\u00e9s en m\u00e9tropole durant la guerre d\u2019Alg\u00e9rie, est-il devenu le missile antisyst\u00e8me qui sillonne la France et l\\&rsquo;Europe au cours de nombreuses tourn\u00e9es de signatures et conf\u00e9rences ?\u00a0\u00a0 Que repr\u00e9sente pour le pol\u00e9miste son \u00eatre-juif ? Nous sommes all\u00e9s lui poser la question. Bien amicalement, il nous a r\u00e9pondu.<\/p>\n<p><a href=\\\"https:\/\/israelmagazine.co.il\/la-solidarite-made-in-israel\/\\\">https:\/\/israelmagazine.co.il\/la-solidarite-made-in-israel\/<\/a><\/p>\n<p>A la rentr\u00e9e 2006, les t\u00e9l\u00e9spectateurs de France 2 d\u00e9couvrent sur leur \u00e9cran, dans le grand show hebdomadaire de Laurent Ruquier, un nouveau visage\u00a0: \u00c9ric Zemmour. Il a du courage, de l\\&rsquo;audace, du panache, de l\\&rsquo;intelligence. On pourrait r\u00e9sumer ses interventions en dix mots : il dit exactement tout ce qu\\&rsquo;il ne faut pas dire. Or, quand ce qu\\&rsquo;il ne faut pas dire est le destin d\\&rsquo;un peuple, on con\u00e7oit que transgresser l\\&rsquo;interdit fasse \u00e9ternuer le si\u00e8cle, et le d\u00e9coiffe.<\/p>\n<p>Zemmour, jusqu\\&rsquo;alors l\\&rsquo;auteur de biographies politiques sur Chirac et Balladur, allait devenir le pol\u00e9miste qu\\&rsquo;on connait. Cinq ans sur France 2, huit ans sur Paris Premi\u00e8re, neuf ans sur RTL, onze ans sur iT\u00e9l\u00e9 : sa pr\u00e9sence m\u00e9diatique lui assurera l\u2019immense succ\u00e8s de ses livres o\u00f9 il reprend peu ou prou les th\u00e8ses de Renaud Camus : la France a toujours assimil\u00e9 \u00e0 merveille des individus qui d\u00e9siraient l\u2019\u00eatre, elle ne peut pas assimiler des peuples, et encore moins des peuples hostiles, vindicatifs, voire haineux et conqu\u00e9rants. Zemmour parle la langue de l\\&rsquo;ancien ami de Duras et Aragon, sorti de la litt\u00e9rature pour entrer dans le combat politique : l\\&rsquo;immigration est devenue invasion, et l\u2019invasion, submersion migratoire. Car Zemmour est en guerre.<\/p>\n<p><a href=\\\"https:\/\/fr.calameo.com\/read\/001096500c7f116363325\\\">https:\/\/fr.calameo.com\/read\/001096500c7f116363325<\/a><\/p>\n<h3>La suite de l\u2019article se trouve dans le prochain num\u00e9ro d\u2019Isra\u00ebl Magazine<\/h3>\n<p>D\u00e9couvrez un exemplaire du magazine gratuitement et cliquez ensuite sur le rebord droit du mag<\/p>\n<p><a href=\\\"https:\/\/fr.calameo.com\/read\/001096500c7f116363325\\\">https:\/\/fr.calameo.com\/read\/001096500c7f116363325<\/a><\/p>\n<p>S\u2019abonner au magazine par t\u00e9l\u00e9phone ou<\/p>\n<p>par whats app 00972 (0) 54 254 45 20 ou au 01 86 98 27 27<\/p>\n<p>Par email\u00a0 Andredarmon78@gmail.com<\/p>\n<p>Ou directement sur le site www.israelmagazine.co.il<\/p>\n<p>Ou encore S\u2019abonner au magazine livre chez vous en toute confidentialit\u00e9. Remplir le formulaire<\/p>\n<p><a href=\\\"https:\/\/docs.google.com\/forms\/d\/e\/1FAIpQLSfPYJfb8KjEya-X17w0DGPAuBlCGvqVUdh_Is8EL810Lxw82A\/viewform?entry.1189475001=Recipient_Email\\\">https:\/\/docs.google.com\/forms\/d\/e\/1FAIpQLSfPYJfb8KjEya-X17w0DGPAuBlCGvqVUdh_Is8EL810Lxw82A\/viewform?entry.1189475001=Recipient_Email<\/a><\/p>\n<p>&nbsp;<\/p>\n","protected":false},"excerpt":{"rendered":"<p>Isra\u00ebl Magazine a cherch\u00e9 \u00e0 comprendre le ph\u00e9nom\u00e8ne Zemmour. Comment le petit juif arabe (lui pr\u00e9f\u00e8re dire \\\u00a0\u00bbjuif berb\u00e8re\\\u00a0\u00bb), enfant du d\u00e9cret Cr\u00e9mieux, n\u00e9 le 31 ao\u00fbt 1958 \u00e0 Paris, dont les parents, Roger et Lucette, sont arriv\u00e9s en m\u00e9tropole durant la guerre d\u2019Alg\u00e9rie, est-il devenu le missile antisyst\u00e8me qui sillonne la France et l\\&rsquo;Europe au cours de nombreuses tourn\u00e9es de signatures et conf\u00e9rences ?\u00a0\u00a0&#8230;<\/p>\n","protected":false},"author":4,"featured_media":54871,"comment_status":"open","ping_status":"open","sticky":false,"template":"","format":"standard","meta":{"site-sidebar-layout":"default","site-content-layout":"default","ast-global-header-display":"","ast-main-header-display":"","ast-hfb-above-header-display":"","ast-hfb-below-header-display":"","ast-hfb-mobile-header-display":"","site-post-title":"","ast-breadcrumbs-content":"","ast-featured-img":"","footer-sml-layout":"","theme-transparent-header-meta":"","adv-header-id-meta":"","stick-header-meta":"","header-above-stick-meta":"","header-main-stick-meta":"","header-below-stick-meta":""},"categories":[84,2283,1615],"tags":[2821,1628,2822,2823],"sujet":[],"_links":{"self":[{"href":"https:\/\/israelmagazine.net\/index.php?rest_route=\/wp\/v2\/posts\/54847"}],"collection":[{"href":"https:\/\/israelmagazine.net\/index.php?rest_route=\/wp\/v2\/posts"}],"about":[{"href":"https:\/\/israelmagazine.net\/index.php?rest_route=\/wp\/v2\/types\/post"}],"author":[{"embeddable":true,"href":"https:\/\/israelmagazine.net\/index.php?rest_route=\/wp\/v2\/users\/4"}],"replies":[{"embeddable":true,"href":"https:\/\/israelmagazine.net\/index.php?rest_route=%2Fwp%2Fv2%2Fcomments&post=54847"}],"version-history":[{"count":0,"href":"https:\/\/israelmagazine.net\/index.php?rest_route=\/wp\/v2\/posts\/54847\/revisions"}],"wp:featuredmedia":[{"embeddable":true,"href":"https:\/\/israelmagazine.net\/index.php?rest_route=\/"}],"wp:attachment":[{"href":"https:\/\/israelmagazine.net\/index.php?rest_route=%2Fwp%2Fv2%2Fmedia&parent=54847"}],"wp:term":[{"taxonomy":"category","embeddable":true,"href":"https:\/\/israelmagazine.net\/index.php?rest_route=%2Fwp%2Fv2%2Fcategories&post=54847"},{"taxonomy":"post_tag","embeddable":true,"href":"https:\/\/israelmagazine.net\/index.php?rest_route=%2Fwp%2Fv2%2Ftags&post=54847"},{"taxonomy":"sujet","embeddable":true,"href":"https:\/\/israelmagazine.net\/index.php?rest_route=%2Fwp%2Fv2%2Fsujet&post=54847"}],"curies":[{"name":"wp","href":"https:\/\/api.w.org\/{rel}","templated":true}]}}