{"id":54865,"date":"2020-10-27T07:43:47","date_gmt":"2020-10-27T05:43:47","guid":{"rendered":"https:\/\/israelmagazine.net\/?p=54865"},"modified":"2020-10-27T07:43:47","modified_gmt":"2020-10-27T05:43:47","slug":"conference-economique-regionale-israel-grece","status":"publish","type":"post","link":"https:\/\/israelmagazine.net\/?p=54865","title":{"rendered":"Conf\u00e9rence \u00e9conomique r\u00e9gionale Isra\u00ebl-Gr\u00e8ce"},"content":{"rendered":"<p>Isra\u00ebl-Gr\u00e8ce<\/p>\n<p>Le ministre de la coop\u00e9ration r\u00e9gionale, Ophir Akunis, a rencontr\u00e9 son homologue grec, le ministre du d\u00e9veloppement et de l\\&rsquo;investissement, Adonis Georgiadis, dans le cadre de sa visite politique \u00e0 Ath\u00e8nes. Les deux ont d\u00e9cid\u00e9 de tenir une conf\u00e9rence \u00e9conomique r\u00e9gionale dirig\u00e9e par la Gr\u00e8ce et Isra\u00ebl qui se d\u00e9roulera en rotation, d\\&rsquo;abord \u00e0 J\u00e9rusalem, puis \u00e0 Ath\u00e8nes. Le but de la conf\u00e9rence : promouvoir les entreprises \u00e9conomiques au profit de toute la r\u00e9gion et les investissements entre les pays h\u00f4tes. Outre Isra\u00ebl et la Gr\u00e8ce, les \u00c9mirats arabes unis, Bahre\u00efn et Chypre participeront \u00e9galement \u00e0 la conf\u00e9rence.<\/p>\n<p><a href=\\\"https:\/\/israelmagazine.co.il\/lamiral-horty-lhomme-qui-livra-437000-juifs-aux-nazis-en-1944\/\\\">https:\/\/israelmagazine.co.il\/lamiral-horty-lhomme-qui-livra-437000-juifs-aux-nazis-en-1944\/<\/a><\/p>\n<h3>Elle r\u00e9unira des centaines d\\&rsquo;hommes d\\&rsquo;affaires et d\\&rsquo;investisseurs<\/h3>\n<p>des pays participants. La conf\u00e9rence est pr\u00e9vue en mars 2021, sous r\u00e9serve de la morbidit\u00e9 et des directives des minist\u00e8res de la sant\u00e9 des deux pays. La r\u00e9union chaleureuse et amicale qui s\\&rsquo;est tenue aujourd\\&rsquo;hui \u00e0 Ath\u00e8nes a \u00e9galement r\u00e9uni le Vice-ministre des affaires \u00e9trang\u00e8res charg\u00e9 des affaires \u00e9conomiques et de la coop\u00e9ration, Kosta Fragkogiannis.<\/p>\n<p>A l\\&rsquo;issue de la r\u00e9union, Akunis a d\u00e9clar\u00e9 : \\\u00a0\u00bbIsra\u00ebl est en train de devenir un carrefour majeur entre l\\&rsquo;Est, l\\&rsquo;Inde, les Etats du Golfe et l\\&rsquo;Afrique, et l\\&rsquo;Europe, l\\&rsquo;Am\u00e9rique du Nord et le Sud. La Gr\u00e8ce est un alli\u00e9 politique et \u00e9conomique important et les relations entre les deux pays sont \u00e0 un niveau record. \\\u00a0\u00bbJe suis d\\&rsquo;accord avec mon coll\u00e8gue, le ministre grec du D\u00e9veloppement et de l\\&rsquo;Investissement, sur la tenue de conf\u00e9rences \u00e9conomiques r\u00e9gionales parrain\u00e9es par Isra\u00ebl et la Gr\u00e8ce qui accueilleront des investisseurs et des hommes d\\&rsquo;affaires des deux pays, des \u00c9mirats arabes unis, de Bahre\u00efn et de Chypre.\\\u00a0\u00bb.<\/p>\n<p><a href=\\\"https:\/\/israelmagazine.co.il\/israel-exporte-ses-moshavims-et-kibboutzim-en-afrique\/\\\">https:\/\/israelmagazine.co.il\/israel-exporte-ses-moshavims-et-kibboutzim-en-afrique\/<\/a><\/p>\n<p>&nbsp;<\/p>\n<h3>La suite de l\u2019article se trouve dans le prochain num\u00e9ro d\u2019Isra\u00ebl Magazine<\/h3>\n<p>D\u00e9couvrez un exemplaire du magazine gratuitement.\u00a0 cliquez sur Controle et adroite sur la souris\u00a0 ensuite sur le rebord droit du mag<\/p>\n<p><a href=\\\"https:\/\/fr.calameo.com\/read\/001096500c7f116363325\\\">https:\/\/fr.calameo.com\/read\/001096500c7f116363325<\/a><\/p>\n<p>S\u2019abonner au magazine par t\u00e9l\u00e9phone ou<\/p>\n<p>par whats app 00972 (0) 54 254 45 20 ou au 01 86 98 27 27<\/p>\n<p>Par email\u00a0 Andredarmon78@gmail.com<\/p>\n<p>Ou directement sur le site www.israelmagazine.co.il<\/p>\n<p>Ou encore S\u2019abonner au magazine livre chez vous en toute confidentialit\u00e9. Remplir le formulaire<\/p>\n<p><a href=\\\"https:\/\/docs.google.com\/forms\/d\/e\/1FAIpQLSfPYJfb8KjEya-X17w0DGPAuBlCGvqVUdh_Is8EL810Lxw82A\/viewform?entry.1189475001=Recipient_Email\\\">https:\/\/docs.google.com\/forms\/d\/e\/1FAIpQLSfPYJfb8KjEya-X17w0DGPAuBlCGvqVUdh_Is8EL810Lxw82A\/viewform?entry.1189475001=Recipient_Email<\/a><\/p>\n<p>&nbsp;<\/p>\n","protected":false},"excerpt":{"rendered":"<p>Le ministre de la coop\u00e9ration r\u00e9gionale, Ophir Akunis, a rencontr\u00e9 son homologue grec, le ministre du d\u00e9veloppement et de l\\&rsquo;investissement, Adonis Georgiadis, dans le cadre de sa visite politique \u00e0 Ath\u00e8nes&#8230;<\/p>\n","protected":false},"author":4,"featured_media":54866,"comment_status":"open","ping_status":"open","sticky":false,"template":"","format":"standard","meta":{"site-sidebar-layout":"default","site-content-layout":"default","ast-global-header-display":"","ast-main-header-display":"","ast-hfb-above-header-display":"","ast-hfb-below-header-display":"","ast-hfb-mobile-header-display":"","site-post-title":"","ast-breadcrumbs-content":"","ast-featured-img":"","footer-sml-layout":"","theme-transparent-header-meta":"","adv-header-id-meta":"","stick-header-meta":"","header-above-stick-meta":"","header-main-stick-meta":"","header-below-stick-meta":""},"categories":[1612,1617,1613],"tags":[2824,2825,2826,2131,2827,2828],"sujet":[],"_links":{"self":[{"href":"https:\/\/israelmagazine.net\/index.php?rest_route=\/wp\/v2\/posts\/54865"}],"collection":[{"href":"https:\/\/israelmagazine.net\/index.php?rest_route=\/wp\/v2\/posts"}],"about":[{"href":"https:\/\/israelmagazine.net\/index.php?rest_route=\/wp\/v2\/types\/post"}],"author":[{"embeddable":true,"href":"https:\/\/israelmagazine.net\/index.php?rest_route=\/wp\/v2\/users\/4"}],"replies":[{"embeddable":true,"href":"https:\/\/israelmagazine.net\/index.php?rest_route=%2Fwp%2Fv2%2Fcomments&post=54865"}],"version-history":[{"count":0,"href":"https:\/\/israelmagazine.net\/index.php?rest_route=\/wp\/v2\/posts\/54865\/revisions"}],"wp:featuredmedia":[{"embeddable":true,"href":"https:\/\/israelmagazine.net\/index.php?rest_route=\/"}],"wp:attachment":[{"href":"https:\/\/israelmagazine.net\/index.php?rest_route=%2Fwp%2Fv2%2Fmedia&parent=54865"}],"wp:term":[{"taxonomy":"category","embeddable":true,"href":"https:\/\/israelmagazine.net\/index.php?rest_route=%2Fwp%2Fv2%2Fcategories&post=54865"},{"taxonomy":"post_tag","embeddable":true,"href":"https:\/\/israelmagazine.net\/index.php?rest_route=%2Fwp%2Fv2%2Ftags&post=54865"},{"taxonomy":"sujet","embeddable":true,"href":"https:\/\/israelmagazine.net\/index.php?rest_route=%2Fwp%2Fv2%2Fsujet&post=54865"}],"curies":[{"name":"wp","href":"https:\/\/api.w.org\/{rel}","templated":true}]}}