{"id":54950,"date":"2020-11-17T09:18:04","date_gmt":"2020-11-17T07:18:04","guid":{"rendered":"https:\/\/israelmagazine.net\/?p=54950"},"modified":"2020-11-17T09:18:04","modified_gmt":"2020-11-17T07:18:04","slug":"rabbi-lord-jonathan-sachs","status":"publish","type":"post","link":"https:\/\/israelmagazine.net\/?p=54950","title":{"rendered":"Rabbi Lord Jonathan Sachs"},"content":{"rendered":"<p><strong><br \/>\nRabbi Lord Jonathan Sachs,\u00a0 <\/strong><strong>Un proph\u00e8te des temps modernes<\/strong><\/p>\n<p><strong>\u00a0<\/strong>Par Ha\u00efm Ouizemann<\/p>\n<p><a href=\\\"https:\/\/israelmagazine.co.il\/mirit-harari-la-grande-dame-aux-cheveux-courts\/\\\">https:\/\/israelmagazine.co.il\/mirit-harari-la-grande-dame-aux-cheveux-courts\/<\/a><\/p>\n<p>&nbsp;<\/p>\n<p>7 novembre 2020. 20 Heshvan 5781- Le monde apprend avec consternation et surprise que l\\&rsquo;une des plus grandes voix morales de notre temps vient de s\\&rsquo;\u00e9teindre. Rabbi Lord Jonathan Sachs n\\&rsquo;est plus. Jouissant d\\&rsquo;une renomm\u00e9e mondiale, il verra son aura sans cesse cro\u00eetre aussi bien dans le monde juif que non-juif. Il \u00e9tait et restera l\\&rsquo;un des plus grands ma\u00eetres de notre g\u00e9n\u00e9ration, un ma\u00eetre \u00e0 penser dans un monde en recherche de valeurs et de sens.<\/p>\n<h3>Quel est donc le secret du charisme et de l\\&rsquo;influence de ce grand penseur ?<\/h3>\n<h3><strong>Rabbi Lord Jonathan Sachs (1948- 2020)<\/strong><\/h3>\n<p>Trop peu connu en France et dans le monde francophone, Rabbi Lord Jonathan Sachs fut le Grand-Rabbin des Communaut\u00e9s h\u00e9bra\u00efques unifi\u00e9es du Royaume-Uni de 1991 \u00e0 2013. Il d\u00e9cide, en 2013, de d\u00e9missionner de ses hautes fonctions, estimant que l\\&rsquo;institution du Rabbinat, trop fig\u00e9 et d\u00e9tach\u00e9 du monde, ne r\u00e9pond pas suffisamment aux grandes interrogations \u00e9thiques de son temps. Le Rabbin et penseur Lopez Nathan Cardoso, dans son hommage au Rabbi Lord Jonathan Sachs (\u00ab In Memory of Lord Rabbi Jonathan Sacks z.l, A man of faith &amp; defiance \u00bb) \u00e9crit que le Rabbinat \u00ab \u00e9tait cens\u00e9 racheter le Juda\u00efsme du banc de sable dans lequel il \u00e9tait coinc\u00e9 et redevenir une exp\u00e9rience vibrante au niveau mondial. Au lieu de cela, il a ni\u00e9 sa t\u00e2che d\\&rsquo;\u00eatre \u00ab une lumi\u00e8re pour les nations \u00bb et a d\u00e9cid\u00e9 d\\&rsquo;\u00eatre une veilleuse en d\u00e9clin. \u00bb Rabbi Lord Jonathan Sachs, alors seul face \u00e0 l\\&rsquo;institution rabbinique orthodoxe dont il est lui-m\u00eame issu, va relever le flambeau de la Torah et s\\&rsquo;efforcer de r\u00e9pondre aux grandes questions d\\&rsquo;\u00e9thique en s\\&rsquo;inspirant toujours de la Pens\u00e9e juive et de la Tradition h\u00e9bra\u00efque.<\/p>\n<p><a href=\\\"https:\/\/israelmagazine.co.il\/israel-il-y-a-25-ans-lassassinat-dyitzhak-rabin\/\\\">https:\/\/israelmagazine.co.il\/israel-il-y-a-25-ans-lassassinat-dyitzhak-rabin\/<\/a><\/p>\n<p>La suite de l\u2019article se trouve dans le prochain num\u00e9ro d\u2019Isra\u00ebl Magazine<\/p>\n<p>D\u00e9couvrez un exemplaire du magazine gratuitement et cliquez ensuite sur le rebord droit du mag<\/p>\n<p><a href=\\\"https:\/\/fr.calameo.com\/read\/001096500c7f116363325\\\">https:\/\/fr.calameo.com\/read\/001096500c7f116363325<\/a><\/p>\n<p>S\u2019abonner au magazine par t\u00e9l\u00e9phone ou par whats app 00972 (0) 54 254 45 20 ou au 01 86 98 27 27<\/p>\n<p>Par email\u00a0 Andredarmon78@gmail.com<\/p>\n<p>Ou directement sur ce site www.israelmagazine.co.il<\/p>\n<p>Ou encore S\u2019abonner au magazine livre chez vous en toute confidentialit\u00e9. Remplir le formulaire<\/p>\n<p><a href=\\\"https:\/\/docs.google.com\/forms\/d\/e\/1FAIpQLSfPYJfb8KjEya-X17w0DGPAuBlCGvqVUdh_Is8EL810Lxw82A\/viewform?entry.1189475001=Recipient_Email\\\">https:\/\/docs.google.com\/forms\/d\/e\/1FAIpQLSfPYJfb8KjEya-X17w0DGPAuBlCGvqVUdh_Is8EL810Lxw82A\/viewform?entry.1189475001=Recipient_Email<\/a><\/p>\n<p>&nbsp;<\/p>\n<p>&nbsp;<\/p>\n<p>&nbsp;<\/p>\n","protected":false},"excerpt":{"rendered":"<p>7 novembre 2020. 20 Heshvan 5781- Le monde apprend avec consternation et surprise que l\u2019une des plus grandes voix morales de notre temps vient de s\u2019\u00e9teindre. Rabbi Lord Jonathan Sachs n\u2019est plus&#8230;<\/p>\n","protected":false},"author":4,"featured_media":54951,"comment_status":"open","ping_status":"open","sticky":false,"template":"","format":"standard","meta":{"site-sidebar-layout":"default","site-content-layout":"default","ast-global-header-display":"","ast-main-header-display":"","ast-hfb-above-header-display":"","ast-hfb-below-header-display":"","ast-hfb-mobile-header-display":"","site-post-title":"","ast-breadcrumbs-content":"","ast-featured-img":"","footer-sml-layout":"","theme-transparent-header-meta":"","adv-header-id-meta":"","stick-header-meta":"","header-above-stick-meta":"","header-main-stick-meta":"","header-below-stick-meta":""},"categories":[84,1665,1673],"tags":[1628,937,2850],"sujet":[],"_links":{"self":[{"href":"https:\/\/israelmagazine.net\/index.php?rest_route=\/wp\/v2\/posts\/54950"}],"collection":[{"href":"https:\/\/israelmagazine.net\/index.php?rest_route=\/wp\/v2\/posts"}],"about":[{"href":"https:\/\/israelmagazine.net\/index.php?rest_route=\/wp\/v2\/types\/post"}],"author":[{"embeddable":true,"href":"https:\/\/israelmagazine.net\/index.php?rest_route=\/wp\/v2\/users\/4"}],"replies":[{"embeddable":true,"href":"https:\/\/israelmagazine.net\/index.php?rest_route=%2Fwp%2Fv2%2Fcomments&post=54950"}],"version-history":[{"count":0,"href":"https:\/\/israelmagazine.net\/index.php?rest_route=\/wp\/v2\/posts\/54950\/revisions"}],"wp:featuredmedia":[{"embeddable":true,"href":"https:\/\/israelmagazine.net\/index.php?rest_route=\/"}],"wp:attachment":[{"href":"https:\/\/israelmagazine.net\/index.php?rest_route=%2Fwp%2Fv2%2Fmedia&parent=54950"}],"wp:term":[{"taxonomy":"category","embeddable":true,"href":"https:\/\/israelmagazine.net\/index.php?rest_route=%2Fwp%2Fv2%2Fcategories&post=54950"},{"taxonomy":"post_tag","embeddable":true,"href":"https:\/\/israelmagazine.net\/index.php?rest_route=%2Fwp%2Fv2%2Ftags&post=54950"},{"taxonomy":"sujet","embeddable":true,"href":"https:\/\/israelmagazine.net\/index.php?rest_route=%2Fwp%2Fv2%2Fsujet&post=54950"}],"curies":[{"name":"wp","href":"https:\/\/api.w.org\/{rel}","templated":true}]}}