{"id":54966,"date":"2020-11-26T09:41:58","date_gmt":"2020-11-26T07:41:58","guid":{"rendered":"https:\/\/israelmagazine.net\/?p=54966"},"modified":"2020-11-26T09:41:58","modified_gmt":"2020-11-26T07:41:58","slug":"proces-netanyahou-fevrier","status":"publish","type":"post","link":"https:\/\/israelmagazine.net\/?p=54966","title":{"rendered":"Le proc\u00e8s de Netanyahou en f\u00e9vrier"},"content":{"rendered":"<h3>Le proc\u00e8s de Netanyahou en f\u00e9vrier<\/h3>\n<p>En Isra\u00ebl, le Premier ministre Netanyahou ne dispose pas immunit\u00e9 judiciaire mais, \u00e0 la diff\u00e9rence des autres \u00e9lus, il n\\&rsquo;a pas \u00e0 d\u00e9missionner ou \u00e0 se retirer le temps du proc\u00e8s.<\/p>\n<p>La prochaine \u00e9tape dans le proc\u00e8s m\u00e9diatique du Premier ministre Benjamin Netanyahou, la pr\u00e9sentation des preuves, se d\u00e9roulera en f\u00e9vrier\\\u00a0\u00bb. Cela est d\u00fb \u00e0 des contestations sur la pr\u00e9sentation des preuves ainsi qu\\&rsquo;aux limitations anticoronavirus. Bibi Netanyahu a \u00e9t\u00e9 inculp\u00e9 en novembre 2019 pour corruption, fraude et abus de confiance dans trois affaires, une premi\u00e8re pour un chef de gouvernement isra\u00e9lien en cours de mandat. Rappelons des charges sur d\u2019autres dossiers ont d\u00e9j\u00e0 \u00e9t\u00e9 abandonn\u00e9es conte Bibi Netanyahu qui voit dans ces inculpations une fa\u00e7on de le chasser du pouvoir. Il a confirm\u00e9 qu\\&rsquo;il avait compris les charges pesant sur lui. Sa pr\u00e9sence n\\&rsquo;avait ensuite pas \u00e9t\u00e9 requise pour les audiences suivantes. Sa prochaine comparution est pr\u00e9vue le 13 janvier, o\u00f9 il pr\u00e9sentera sa r\u00e9ponse formelle aux accusations.<\/p>\n<p><a href=\\\"https:\/\/israelmagazine.co.il\/exclusif-interview-trump-2015\/\\\">https:\/\/israelmagazine.co.il\/exclusif-interview-trump-2015\/<\/a><\/p>\n<h3>\u00a0Corruption propos\u00e9e et non mat\u00e9rialis\u00e9e par Yediot Aharonot<\/h3>\n<p>En mai, il les avait qualifi\u00e9es de \\\u00a0\u00bbridicules\\\u00a0\u00bb. L\\&rsquo;accusation a rassembl\u00e9 plus de 300 t\u00e9moins pour appuyer ses all\u00e9gations. Benjamin Netanyahou, 71 ans dont 14 au pouvoir, est accus\u00e9 d\\&rsquo;avoir re\u00e7u en 13 ans pour 700.000 shekels (180.000 euros) de cigares, champagne et bijoux de la part de personnalit\u00e9s richissimes. Selon les enqu\u00eateurs, M. Netanyahou aurait \u00e9t\u00e9 tent\u00e9 sur proposition du patron de Yedioth de s\\&rsquo;assurer une couverture favorable par le plus grand quotidien payant d\\&rsquo;Isra\u00ebl, le Yediot Aharonot justement. La justice le soup\u00e7onne enfin d\\&rsquo;avoir accord\u00e9 des faveurs gouvernementales qui pourraient avoir rapport\u00e9 des millions de dollars au patron de Bezeq en \u00e9change d\\&rsquo;une couverture favorable d\\&rsquo;un des m\u00e9dias du groupe, l\\&rsquo;influent site Walla. Le d\u00e9but du proc\u00e8s de M. Netanyahou s\\&rsquo;\u00e9tait tenu peu apr\u00e8s la conclusion d\\&rsquo;un accord sur un gouvernement d\\&rsquo;union avec son ex-rival Benny Gantz.<\/p>\n<p><a href=\\\"https:\/\/israelmagazine.co.il\/israel-il-y-a-25-ans-lassassinat-dyitzhak-rabin\/\\\">https:\/\/israelmagazine.co.il\/israel-il-y-a-25-ans-lassassinat-dyitzhak-rabin\/<\/a><\/p>\n<p>La suite de l\u2019article se trouve dans le prochain num\u00e9ro d\u2019Isra\u00ebl Magazine<\/p>\n<p>D\u00e9couvrez un exemplaire du magazine gratuitement et cliquez ensuite sur le rebord droit du mag<\/p>\n<p><a href=\\\"https:\/\/fr.calameo.com\/read\/001096500c7f116363325\\\">https:\/\/fr.calameo.com\/read\/001096500c7f116363325<\/a><\/p>\n<p>S\u2019abonner au magazine par t\u00e9l\u00e9phone ou<\/p>\n<p>par whats app 00972 (0) 54 254 45 20 ou au 01 86 98 27 27<\/p>\n<p>Par email\u00a0 Andredarmon78@gmail.com\u00a0 Ou directement sur le site www.israelmagazine.co.il<\/p>\n<p>Ou encore S\u2019abonner au magazine livre chez vous en toute confidentialit\u00e9. Remplir le formulaire<\/p>\n<p><a href=\\\"https:\/\/docs.google.com\/forms\/d\/e\/1FAIpQLSfPYJfb8KjEya-X17w0DGPAuBlCGvqVUdh_Is8EL810Lxw82A\/viewform?entry.1189475001=Recipient_Email\\\">https:\/\/docs.google.com\/forms\/d\/e\/1FAIpQLSfPYJfb8KjEya-X17w0DGPAuBlCGvqVUdh_Is8EL810Lxw82A\/viewform?entry.1189475001=Recipient_Email<\/a><\/p>\n","protected":false},"excerpt":{"rendered":"<p>En Isra\u00ebl, le Premier ministre Netanyahou ne dispose pas immunit\u00e9 judiciaire mais, \u00e0 la diff\u00e9rence des autres \u00e9lus, il n\u2019a pas \u00e0 d\u00e9missionner ou \u00e0 se retirer le temps du proc\u00e8s. La prochaine \u00e9tape dans le proc\u00e8s m\u00e9diatique du Premier ministre&#8230;<\/p>\n","protected":false},"author":4,"featured_media":53761,"comment_status":"open","ping_status":"open","sticky":false,"template":"","format":"standard","meta":{"site-sidebar-layout":"default","site-content-layout":"default","ast-global-header-display":"","ast-main-header-display":"","ast-hfb-above-header-display":"","ast-hfb-below-header-display":"","ast-hfb-mobile-header-display":"","site-post-title":"","ast-breadcrumbs-content":"","ast-featured-img":"","footer-sml-layout":"","theme-transparent-header-meta":"","adv-header-id-meta":"","stick-header-meta":"","header-above-stick-meta":"","header-main-stick-meta":"","header-below-stick-meta":""},"categories":[84,1613,1623],"tags":[1063,825,386,1739,2699,1474,1638],"sujet":[],"_links":{"self":[{"href":"https:\/\/israelmagazine.net\/index.php?rest_route=\/wp\/v2\/posts\/54966"}],"collection":[{"href":"https:\/\/israelmagazine.net\/index.php?rest_route=\/wp\/v2\/posts"}],"about":[{"href":"https:\/\/israelmagazine.net\/index.php?rest_route=\/wp\/v2\/types\/post"}],"author":[{"embeddable":true,"href":"https:\/\/israelmagazine.net\/index.php?rest_route=\/wp\/v2\/users\/4"}],"replies":[{"embeddable":true,"href":"https:\/\/israelmagazine.net\/index.php?rest_route=%2Fwp%2Fv2%2Fcomments&post=54966"}],"version-history":[{"count":0,"href":"https:\/\/israelmagazine.net\/index.php?rest_route=\/wp\/v2\/posts\/54966\/revisions"}],"wp:featuredmedia":[{"embeddable":true,"href":"https:\/\/israelmagazine.net\/index.php?rest_route=\/"}],"wp:attachment":[{"href":"https:\/\/israelmagazine.net\/index.php?rest_route=%2Fwp%2Fv2%2Fmedia&parent=54966"}],"wp:term":[{"taxonomy":"category","embeddable":true,"href":"https:\/\/israelmagazine.net\/index.php?rest_route=%2Fwp%2Fv2%2Fcategories&post=54966"},{"taxonomy":"post_tag","embeddable":true,"href":"https:\/\/israelmagazine.net\/index.php?rest_route=%2Fwp%2Fv2%2Ftags&post=54966"},{"taxonomy":"sujet","embeddable":true,"href":"https:\/\/israelmagazine.net\/index.php?rest_route=%2Fwp%2Fv2%2Fsujet&post=54966"}],"curies":[{"name":"wp","href":"https:\/\/api.w.org\/{rel}","templated":true}]}}