{"id":54973,"date":"2020-11-29T10:38:27","date_gmt":"2020-11-29T08:38:27","guid":{"rendered":"https:\/\/israelmagazine.net\/?p=54973"},"modified":"2020-11-29T10:38:27","modified_gmt":"2020-11-29T08:38:27","slug":"1ere-liaison-commerciale-directe-entre-dubai-et-israel","status":"publish","type":"post","link":"https:\/\/israelmagazine.net\/?p=54973","title":{"rendered":"1\u00e8re liaison commerciale directe entre Duba\u00ef et Isra\u00ebl"},"content":{"rendered":"<p>1\u00e8re liaison commerciale directe entre Duba\u00ef et Isra\u00ebl<\/p>\n<p>Flydubai a annonc\u00e9 qu\u2019elle allait op\u00e9rer 14 vols par semaine entre Duba\u00ef et Tel-Aviv afin de favoriser les \u00e9changes commerciaux, et touristiques entre ces deux pays. Flydubai a ainsi lanc\u00e9 jeudi la premi\u00e8re liaison a\u00e9rienne directe entre les \u00c9mirats arabes unis et Isra\u00ebl, deux mois apr\u00e8s la normalisation des relations entre les deux pays sous l\u2019\u00e9gide des \u00c9tats-Unis. EL AL et Israir devraient relier les deux villes le mois prochain.<\/p>\n<p><strong>Le \u00ab Moyen-Orient au centre du monde \u00bb<\/strong><\/p>\n<p>L\u2019avion, qui avait d\u00e9coll\u00e9 de Duba\u00ef, s\u2019est pos\u00e9 jeudi en fin de matin\u00e9e \u00e0 l\u2019a\u00e9roport Ben Gourion de Tel-Aviv, en pr\u00e9sence de Benyamin N\u00e9tanyahou. \u00ab C\u2019est la r\u00e9alisation d\u2019un r\u00eave \u00bb, a d\u00e9clar\u00e9 sur place le chef du gouvernement isra\u00e9lien affirmant que les ressortissants isra\u00e9liens et \u00e9miratis allaient pouvoir sous peu voyager d\u2019un pays \u00e0 l\u2019autre \u00ab sans visa \u00bb.\u00a0 \u00ab Nous changeons l\u2019histoire, et ce non pas en marchant, mais en volant \u00bb, a d\u00e9clar\u00e9 M. N\u00e9tanyahou, affirmant vouloir replacer le \u00ab Moyen-Orient au centre du monde \u00bb et en faire un \u00ab exemple \u00bb pour le reste de l\u2019humanit\u00e9 avec ces accords de normalisation entre Isra\u00ebl et des pays arabes.<\/p>\n<h3><strong>L\u2019Arabie saoudite<\/strong><\/h3>\n<p>Le pr\u00e9sident des \u00c9mirats arabes unis, cheikh Khalifa ben Zayed Al Nahyane, a d\u00e9clar\u00e9 jeudi \u00e0 Abou Dabi que l\u2019accord avec Isra\u00ebl allait r\u00e9pondre aux \u00ab aspirations des peuples de la r\u00e9gion de parvenir \u00e0 la prosp\u00e9rit\u00e9 et au progr\u00e8s \u00bb. \u00ab Nous avons toujours d\u00fb adapter notre politique \u00e0 ce qui permet d\u2019assurer la s\u00e9curit\u00e9 et la stabilit\u00e9 de notre \u00c9tat et de notre r\u00e9gion \u00bb, a d\u00e9clar\u00e9 le chef de l\u2019\u00c9tat, cit\u00e9 par l\u2019agence de presse officielle WAM. M. N\u00e9tanyahou s\u2019est rendu dimanche en Arabie saoudite, selon des sources isra\u00e9liennes, afin de discuter d\u2019une \u00e9ventuelle normalisation avec ce poids lourd de la r\u00e9gion.\u00a0 \u00a0\u00ab Le cercle de la normalisation va s\u2019agrandir et de nombreux pays vont le joindre au cours des prochains mois \u00bb, a d\u00e9clar\u00e9 M. N\u00e9tanyahou interrog\u00e9 \u00e0 l\u2019a\u00e9roport sur la possibilit\u00e9 que les compagnies a\u00e9riennes d\u2019autres pays, \u00ab comme l\u2019Arabie saoudite \u00bb, \u00e9tablissent des liaisons Isra\u00ebl.<\/p>\n<p><a href=\\\"https:\/\/israelmagazine.co.il\/tsahal-inquiet-par-victoire-joe-biden\/\\\">https:\/\/israelmagazine.co.il\/tsahal-inquiet-par-victoire-joe-biden\/<\/a><\/p>\n<p>L\u2019Arabie saoudite a jusqu\u2019\u00e0 pr\u00e9sent refus\u00e9 de normaliser ses relations avec Isra\u00ebl, mais donn\u00e9 son feu vert au survol de son territoire par les vols commerciaux se rendant ou partant d\u2019Isra\u00ebl.<\/p>\n<p>La suite de l\u2019article se trouve dans le prochain num\u00e9ro d\u2019Isra\u00ebl Magazine<\/p>\n<p><a href=\\\"https:\/\/israelmagazine.co.il\/\\\">https:\/\/israelmagazine.co.il\/<\/a><\/p>\n<p>D\u00e9couvrez un exemplaire du magazine gratuitement et cliquez ensuite sur le rebord droit du mag<\/p>\n<p><a href=\\\"https:\/\/fr.calameo.com\/read\/001096500c7f116363325\\\">https:\/\/fr.calameo.com\/read\/001096500c7f116363325<\/a><\/p>\n<p>S\u2019abonner au magazine par t\u00e9l\u00e9phone ou par whats app 00972 (0) 54 254 45 20 ou au 01 86 98 27 27<\/p>\n<p>Par email\u00a0 Andredarmon78@gmail.com<\/p>\n<p>Ou directement sur le site www.israelmagazine.co.il<\/p>\n<p>Ou encore S\u2019abonner au magazine livre chez vous en toute confidentialit\u00e9. Remplir le formulaire<\/p>\n<p><a href=\\\"https:\/\/docs.google.com\/forms\/d\/e\/1FAIpQLSfPYJfb8KjEya-X17w0DGPAuBlCGvqVUdh_Is8EL810Lxw82A\/viewform?entry.1189475001=Recipient_Email\\\">https:\/\/docs.google.com\/forms\/d\/e\/1FAIpQLSfPYJfb8KjEya-X17w0DGPAuBlCGvqVUdh_Is8EL810Lxw82A\/viewform?entry.1189475001=Recipient_Email<\/a><\/p>\n<p>&nbsp;<\/p>\n<p>&nbsp;<\/p>\n","protected":false},"excerpt":{"rendered":"<p>1\u00e8re liaison commerciale directe entre Duba\u00ef et Isra\u00ebl.<br \/>\nFlydubai a annonc\u00e9 qu\u2019elle allait op\u00e9rer 14 vols par semaine entre Duba\u00ef et Tel-Aviv afin de favoriser les \u00e9changes commerciaux,<\/p>\n","protected":false},"author":4,"featured_media":54818,"comment_status":"open","ping_status":"open","sticky":false,"template":"","format":"standard","meta":{"site-sidebar-layout":"default","site-content-layout":"default","ast-global-header-display":"","ast-main-header-display":"","ast-hfb-above-header-display":"","ast-hfb-below-header-display":"","ast-hfb-mobile-header-display":"","site-post-title":"","ast-breadcrumbs-content":"","ast-featured-img":"","footer-sml-layout":"","theme-transparent-header-meta":"","adv-header-id-meta":"","stick-header-meta":"","header-above-stick-meta":"","header-main-stick-meta":"","header-below-stick-meta":""},"categories":[84,1612,1617],"tags":[2854,2855,1628],"sujet":[],"_links":{"self":[{"href":"https:\/\/israelmagazine.net\/index.php?rest_route=\/wp\/v2\/posts\/54973"}],"collection":[{"href":"https:\/\/israelmagazine.net\/index.php?rest_route=\/wp\/v2\/posts"}],"about":[{"href":"https:\/\/israelmagazine.net\/index.php?rest_route=\/wp\/v2\/types\/post"}],"author":[{"embeddable":true,"href":"https:\/\/israelmagazine.net\/index.php?rest_route=\/wp\/v2\/users\/4"}],"replies":[{"embeddable":true,"href":"https:\/\/israelmagazine.net\/index.php?rest_route=%2Fwp%2Fv2%2Fcomments&post=54973"}],"version-history":[{"count":0,"href":"https:\/\/israelmagazine.net\/index.php?rest_route=\/wp\/v2\/posts\/54973\/revisions"}],"wp:featuredmedia":[{"embeddable":true,"href":"https:\/\/israelmagazine.net\/index.php?rest_route=\/"}],"wp:attachment":[{"href":"https:\/\/israelmagazine.net\/index.php?rest_route=%2Fwp%2Fv2%2Fmedia&parent=54973"}],"wp:term":[{"taxonomy":"category","embeddable":true,"href":"https:\/\/israelmagazine.net\/index.php?rest_route=%2Fwp%2Fv2%2Fcategories&post=54973"},{"taxonomy":"post_tag","embeddable":true,"href":"https:\/\/israelmagazine.net\/index.php?rest_route=%2Fwp%2Fv2%2Ftags&post=54973"},{"taxonomy":"sujet","embeddable":true,"href":"https:\/\/israelmagazine.net\/index.php?rest_route=%2Fwp%2Fv2%2Fsujet&post=54973"}],"curies":[{"name":"wp","href":"https:\/\/api.w.org\/{rel}","templated":true}]}}