{"id":55037,"date":"2020-12-21T10:37:16","date_gmt":"2020-12-21T08:37:16","guid":{"rendered":"https:\/\/israelmagazine.net\/?p=55037"},"modified":"2020-12-21T10:37:16","modified_gmt":"2020-12-21T08:37:16","slug":"le-grand-rabbin-de-france-rene-samuel-sirat","status":"publish","type":"post","link":"https:\/\/israelmagazine.net\/?p=55037","title":{"rendered":"Le Grand Rabbin de France Ren\u00e9-Samuel Sirat"},"content":{"rendered":"<p><strong>Le Grand Rabbin de France Ren\u00e9-Samuel Sirat a publi\u00e9 un beau livre, <em>Itin\u00e9raire d\\&rsquo;un enfant juif<\/em><\/strong><\/p>\n<p><strong><em>\u00a0d\\&rsquo;Alg\u00e9rie<\/em>, <\/strong><strong>paru aux \u00e9ditions Albin Michel, \u00e9clips\u00e9 par la pand\u00e9mie de COVID 19. <\/strong><\/p>\n<p><strong>Figure majeure du juda\u00efsme fran\u00e7ais, il a \u00e9t\u00e9 un acteur historique des \u00e9tudes juives contemporaines ainsi que du dialogue interreligieux.\u00a0 <\/strong><strong>Bernanos disait que <em>la foi c\\&rsquo;est vingt-quatre heures de doute moins une minute d\\&rsquo;esp\u00e9rance<\/em>. Cette minute d\\&rsquo;esp\u00e9rance, c\\&rsquo;est avec l\\&rsquo;aide de Ma\u00eetres tel le Grand Rabbin Sirat qu\\&rsquo;on aimerait la chercher. <\/strong><strong>Sentiment de la nostalgie, d\u00e9clin d\u00e9mographique du peuple juif, questions de transmission, Dieu dont on esp\u00e8re qu\\&rsquo;Il a une bonne excuse, <em>Amalek<\/em>, islam et islamisme, quels guides en de sombres temps pour nous permettre de survivre ? : entretien sans tabous avec un Grand Rabbin au service de son peuple, qui a fait son alyah \u00e0 J\u00e9rusalem. <\/strong><\/p>\n<p>Propos recueillis par David Reinharc Avec l\\&rsquo;aide pr\u00e9cieuse de Michel Allouche, \u00e0 J\u00e9rusalem<\/p>\n<h3><strong>&#8211; <\/strong><strong>Monsieur le Grand Rabbin, dans votre livre vous \u00e9voquez l\\&rsquo;image de votre enfance ou celle de vos parents. J\\&rsquo;aimerais savoir sur quoi aujourd\\&rsquo;hui porte votre sentiment de nostalgie. \u00a0<\/strong><\/h3>\n<p>&#8211; <strong>Au plan personnel, j\u2019\u00e9tais le petit dernier bien-aim\u00e9 de mes parents, en quelque sorte leur b\u00e2ton de vieillesse. Leur disparition m\u2019a profond\u00e9ment affect\u00e9 et je ressens leur absence, ainsi que celle de mes fr\u00e8res et s\u0153urs, jusqu\u2019\u00e0 aujourd\u2019hui. Gr\u00e2ce \u00e0 D.ieu, l\u2019affection familiale qui m\u2019entoure, celle de mon \u00e9pouse, de mes enfants et petits-enfants compense cette nostalgie.<\/strong><\/p>\n<p><strong>Au-del\u00e0 de cela, il est certain qu\u2019il y avait une fa\u00e7on d\u2019\u00eatre juif en Alg\u00e9rie, une mani\u00e8re de vivre son juda\u00efsme qui ne se retrouve pas vraiment ni en France, ni en Isra\u00ebl, ce qui m\u00e9riterait d\u2019\u00eatre analys\u00e9 plus en avant. Je suis personnellement rest\u00e9 fid\u00e8le aux valeurs du juda\u00efsme alg\u00e9rien, qui comprend notamment un profond attachement aux membres de la communaut\u00e9.<\/strong><\/p>\n<p><a href=\\\"https:\/\/israelmagazine.co.il\/vaccinations-contre-le-covid-19-a-partir-du-20-decembre\/\\\">https:\/\/israelmagazine.co.il\/vaccinations-contre-le-covid-19-a-partir-du-20-decembre\/<\/a><\/p>\n<p><strong>\u00a0<\/strong><\/p>\n<h3><strong>&#8211; Vous faites partie de cette g\u00e9n\u00e9ration qui a reb\u00e2ti le juda\u00efsme fran\u00e7ais apr\u00e8s la Shoah.<\/strong><\/h3>\n<p><strong>On ne peut pas ne pas s\\&rsquo;interroger aujourd\\&rsquo;hui sur la p\u00e9rennit\u00e9 en particulier d\u00e9mographique du peuple juif. Qu\\&rsquo;est-ce que l\\&rsquo;identit\u00e9 d\\&rsquo;un peuple dont la trace num\u00e9rique dans l\\&rsquo;Histoire dispara\u00eet ?<\/strong><\/p>\n<p>La suite de l\u2019article se trouve dans le prochain num\u00e9ro d\u2019Isra\u00ebl Magazine<\/p>\n<p><a href=\\\"https:\/\/israelmagazine.co.il\/gvaot-un-vignoble-familial-au-coeur-de-la-region-dephraim\/\\\">https:\/\/israelmagazine.co.il\/gvaot-un-vignoble-familial-au-coeur-de-la-region-dephraim\/<\/a><\/p>\n<p>D\u00e9couvrez un exemplaire du magazine gratuitement et cliquez ensuite sur le rebord droit du mag<\/p>\n<p><a href=\\\"https:\/\/issuu.com\/yoch2\/docs\/israelmagazine238\\\">https:\/\/issuu.com\/yoch2\/docs\/israelmagazine238 \u00a0 <\/a>S\u2019abonner au magazine par t\u00e9l\u00e9phone ou<\/p>\n<p>par whats app 00972 (0) 54 254 45 20 ou au 01 86 98 27 27<\/p>\n<p>Par email\u00a0 Andredarmon21@gmail.com<\/p>\n<p>Ou directement sur le site www.israelmagazine.co.il\u00a0 \u00a0 \u00a0 \u00a0https:\/\/israelmagazine.co.il\/sabonner-au-magazine\/<\/p>\n<p>&nbsp;<\/p>\n<p>Ou encore S\u2019abonner au magazine livre chez vous en toute confidentialit\u00e9. Remplir le formulaire<\/p>\n<p><a href=\\\"https:\/\/docs.google.com\/forms\/d\/e\/1FAIpQLSfPYJfb8KjEya-X17w0DGPAuBlCGvqVUdh_Is8EL810Lxw82A\/viewform?entry.1189475001=Recipient_Email\\\">https:\/\/docs.google.com\/forms\/d\/e\/1FAIpQLSfPYJfb8KjEya-X17w0DGPAuBlCGvqVUdh_Is8EL810Lxw82A\/viewform?entry.1189475001=Recipient_Email<\/a><\/p>\n<p>&nbsp;<\/p>\n<p>&nbsp;<\/p>\n","protected":false},"excerpt":{"rendered":"<p>Le Grand Rabbin de France Ren\u00e9-Samuel Sirat a publi\u00e9 un beau livre, Itin\u00e9raire d\\&rsquo;un enfant juif d\\&rsquo;Alg\u00e9rie, paru aux \u00e9ditions Albin Michel, \u00e9clips\u00e9 par la pand\u00e9mie de COVID 19. Figure majeure du juda\u00efsme fran\u00e7ais, il a \u00e9t\u00e9 un acteur historique des \u00e9tudes juives contemporaines ainsi que du dialogue interreligieux&#8230;<\/p>\n","protected":false},"author":4,"featured_media":55038,"comment_status":"open","ping_status":"open","sticky":false,"template":"","format":"standard","meta":{"site-sidebar-layout":"default","site-content-layout":"default","ast-global-header-display":"","ast-main-header-display":"","ast-hfb-above-header-display":"","ast-hfb-below-header-display":"","ast-hfb-mobile-header-display":"","site-post-title":"","ast-breadcrumbs-content":"","ast-featured-img":"","footer-sml-layout":"","theme-transparent-header-meta":"","adv-header-id-meta":"","stick-header-meta":"","header-above-stick-meta":"","header-main-stick-meta":"","header-below-stick-meta":""},"categories":[84,814,1673],"tags":[2869,1628,2870],"sujet":[],"_links":{"self":[{"href":"https:\/\/israelmagazine.net\/index.php?rest_route=\/wp\/v2\/posts\/55037"}],"collection":[{"href":"https:\/\/israelmagazine.net\/index.php?rest_route=\/wp\/v2\/posts"}],"about":[{"href":"https:\/\/israelmagazine.net\/index.php?rest_route=\/wp\/v2\/types\/post"}],"author":[{"embeddable":true,"href":"https:\/\/israelmagazine.net\/index.php?rest_route=\/wp\/v2\/users\/4"}],"replies":[{"embeddable":true,"href":"https:\/\/israelmagazine.net\/index.php?rest_route=%2Fwp%2Fv2%2Fcomments&post=55037"}],"version-history":[{"count":0,"href":"https:\/\/israelmagazine.net\/index.php?rest_route=\/wp\/v2\/posts\/55037\/revisions"}],"wp:featuredmedia":[{"embeddable":true,"href":"https:\/\/israelmagazine.net\/index.php?rest_route=\/"}],"wp:attachment":[{"href":"https:\/\/israelmagazine.net\/index.php?rest_route=%2Fwp%2Fv2%2Fmedia&parent=55037"}],"wp:term":[{"taxonomy":"category","embeddable":true,"href":"https:\/\/israelmagazine.net\/index.php?rest_route=%2Fwp%2Fv2%2Fcategories&post=55037"},{"taxonomy":"post_tag","embeddable":true,"href":"https:\/\/israelmagazine.net\/index.php?rest_route=%2Fwp%2Fv2%2Ftags&post=55037"},{"taxonomy":"sujet","embeddable":true,"href":"https:\/\/israelmagazine.net\/index.php?rest_route=%2Fwp%2Fv2%2Fsujet&post=55037"}],"curies":[{"name":"wp","href":"https:\/\/api.w.org\/{rel}","templated":true}]}}