{"id":55241,"date":"2021-01-31T08:36:19","date_gmt":"2021-01-31T06:36:19","guid":{"rendered":"https:\/\/israelmagazine.net\/?p=55241"},"modified":"2021-01-31T08:36:19","modified_gmt":"2021-01-31T06:36:19","slug":"entretien-avec-patrick-zylberman","status":"publish","type":"post","link":"https:\/\/israelmagazine.net\/?p=55241","title":{"rendered":"ENTRETIEN avec PATRICK ZYLBERMAN"},"content":{"rendered":"<p><strong>ENTRETIEN avec PATRICK ZYLBERMAN<\/strong><\/p>\n<h3><strong>Tout ce que vous avez toujours voulu savoir sur la Covid sans jamais oser le demander.<\/strong><\/h3>\n<p><strong>Propos recueillis par David Reinharc<\/strong><\/p>\n<p>Patrick Zylberman est historien de la sant\u00e9, professeur \u00e9m\u00e9rite d\u2019histoire de la sant\u00e9 \u00e0 l\u2019\u00c9cole des hautes \u00e9tudes en sant\u00e9 publique. Il est cofondateur du S\u00e9minaire du Val-de-Gr\u00e2ce sur les maladies infectieuses \u00e9mergentes. Il a \u00e9t\u00e9 membre de la commission sp\u00e9cialis\u00e9e des maladies transmissibles du Haut Conseil de la sant\u00e9 publique. Son dernier ouvrage est consacr\u00e9 \u00e0 \\\u00a0\u00bbLa guerre des vaccins\\\u00a0\u00bb, aux \u00e9ditions Odile Jacob.<\/p>\n<p>Tandis que les yeux du monde sont riv\u00e9s vers Isra\u00ebl, nous sommes all\u00e9s lui demander quelle sortie de crise attendre en regard des crises pr\u00e9c\u00e9dentes, si l\u2019\u00e9tat d\u2019exception sanitaire pourrait devenir le nouvel ordinaire d\u2019un monde o\u00f9 l\u2019on s\u2019accoutumerait au pire, et en quoi la vaccination est vitale.<\/p>\n<p><a href=\\\"https:\/\/israelmagazine.co.il\/au-service-peuple-disrael-lespionnage\/\\\">https:\/\/israelmagazine.co.il\/au-service-peuple-disrael-lespionnage\/<\/a><\/p>\n<h3><strong>Est-ce bien la premi\u00e8re fois dans l\\&rsquo;histoire des grandes \u00e9pid\u00e9mies que la politique a pris le risque de figer l\\&rsquo;\u00e9conomie car des vies \u00e9taient en jeu ?<\/strong><\/h3>\n<p>&nbsp;<\/p>\n<p>D\u00e9j\u00e0 pour Thucydide, la \\\u00a0\u00bbpeste\\\u00a0\u00bb d\u2019Ath\u00e8nes (430 et 427-26 av. J.-C.) ne fut pas seulement une crise sanitaire, elle fut encore une crise morale de grande ampleur.<\/p>\n<p>Mais c\\&rsquo;est effectivement la premi\u00e8re fois dans l\\&rsquo;histoire qu\\&rsquo;on choisit la sant\u00e9 au d\u00e9triment de l\\&rsquo;\u00e9conomie. On a pris le risque de mettre les \u00e9conomies en panne momentan\u00e9ment pour venir au secours de la sant\u00e9 collective. Il n\\&rsquo;y a pas d\\&rsquo;autre exemple.<\/p>\n<p><strong>Vous avez dit qu\\&rsquo;il est impossible de faire barrage avec des douaniers \u00e0 une \u00e9pid\u00e9mie d\\&rsquo;infection respiratoire. Mais Isra\u00ebl n\\&rsquo;a t-il pas justement r\u00e9ussi \u00e0 bloquer l\\&rsquo;importation du coronavirus en emp\u00eachant les citoyens \u00e9trangers d\\&rsquo;entrer en Isra\u00ebl ?<\/strong><\/p>\n<p><strong>\u00a0<\/strong>Ce n\\&rsquo;est pas la seule mesure&#8230; Les mesures ont concern\u00e9 en premier lieu la population isra\u00e9lienne. Ensuite il y a eu filtrage des arriv\u00e9es dans le pays. Mais ce qui a ralenti la contamination, et ce qui a prot\u00e9g\u00e9 l\\&rsquo;h\u00f4pital, pour qu\\&rsquo;il soit en mesure de prendre en charge les formes graves de la maladie, ce sont les confinements \u00e0 r\u00e9p\u00e9tition. Il est impossible de fermer herm\u00e9tiquement les fronti\u00e8res.<\/p>\n<p>&nbsp;<\/p>\n<p>La suite de l\u2019article se trouve dans le prochain num\u00e9ro d\u2019Isra\u00ebl Magazine<\/p>\n<p>D\u00e9couvrez un exemplaire du magazine gratuitement et cliquez ensuite sur le rebord droit d<\/p>\n<p><iframe title=\"ISRAEL MAGAZINE 239 - DECEMBRE 2020\" src=\"https:\/\/e.issuu.com\/embed.html?u=yoch2&#038;d=israelmag239\" style=\"border:none; width: 500px; height: 383px;\" allow=\"clipboard-write,allow-top-navigation,allow-top-navigation-by-user-activation,allow-downloads,allow-scripts,allow-same-origin,allow-popups,allow-modals,allow-popups-to-escape-sandbox,allow-forms\"  allowfullscreen=\"true\"><\/iframe><\/p>\n<p>magazine livr\u00e9 chez vous en toute confidentialit\u00e9 S\u2019abonner au magazine par t\u00e9l\u00e9phone ou par whats app 00972 (0) 54 254 45 20 ou au 01 86 98 27 27<\/p>\n<p>Par email\u00a0 Andredarmon21@gmail.com<\/p>\n<p>directement sur le site https:\/\/israelmagazine.co.il\/sabonner-au-magazine\/<\/p>\n<p>Ou encore S\u2019abonner au magazine livr\u00e9 chez vous en toute confidentialit\u00e9. Remplir le formulaire<\/p>\n<p><a href=\\\"https:\/\/docs.google.com\/forms\/d\/e\/1FAIpQLSfPYJfb8KjEya-X17w0DGPAuBlCGvqVUdh_Is8EL810Lxw82A\/viewform?entry.1189475001=Recipient_Email\\\">https:\/\/docs.google.com\/forms\/d\/e\/1FAIpQLSfPYJfb8KjEya-X17w0DGPAuBlCGvqVUdh_Is8EL810Lxw82A\/viewform?entry.1189475001=Recipient_Email<\/a><\/p>\n<p>&nbsp;<\/p>\n<p>&nbsp;<\/p>\n","protected":false},"excerpt":{"rendered":"<p>ENTRETIEN avec PATRICK ZYLBERMAN Tout ce que vous avez toujours voulu savoir sur la Covid sans jamais oser le demander. Propos recueillis par David Reinharc Patrick Zylberman est historien de la sant\u00e9, professeur \u00e9m\u00e9rite d\u2019histoire de la sant\u00e9 \u00e0 l\u2019\u00c9cole des hautes \u00e9tudes en sant\u00e9 publique. Il est cofondateur du S\u00e9minaire du Val-de-Gr\u00e2ce sur les &hellip;<\/p>\n<p class=\"read-more\"> <a class=\"\" href=\"https:\/\/israelmagazine.net\/?p=55241\"> <span class=\"screen-reader-text\">ENTRETIEN avec PATRICK ZYLBERMAN<\/span> Lire la suite \u00bb<\/a><\/p>\n","protected":false},"author":4,"featured_media":55242,"comment_status":"open","ping_status":"open","sticky":false,"template":"","format":"standard","meta":{"site-sidebar-layout":"default","site-content-layout":"default","ast-global-header-display":"","ast-main-header-display":"","ast-hfb-above-header-display":"","ast-hfb-below-header-display":"","ast-hfb-mobile-header-display":"","site-post-title":"","ast-breadcrumbs-content":"","ast-featured-img":"","footer-sml-layout":"","theme-transparent-header-meta":"","adv-header-id-meta":"","stick-header-meta":"","header-above-stick-meta":"","header-main-stick-meta":"","header-below-stick-meta":""},"categories":[84,1618],"tags":[1739,2346,2119,289,2130,2131,2124,2393,2133],"sujet":[],"_links":{"self":[{"href":"https:\/\/israelmagazine.net\/index.php?rest_route=\/wp\/v2\/posts\/55241"}],"collection":[{"href":"https:\/\/israelmagazine.net\/index.php?rest_route=\/wp\/v2\/posts"}],"about":[{"href":"https:\/\/israelmagazine.net\/index.php?rest_route=\/wp\/v2\/types\/post"}],"author":[{"embeddable":true,"href":"https:\/\/israelmagazine.net\/index.php?rest_route=\/wp\/v2\/users\/4"}],"replies":[{"embeddable":true,"href":"https:\/\/israelmagazine.net\/index.php?rest_route=%2Fwp%2Fv2%2Fcomments&post=55241"}],"version-history":[{"count":0,"href":"https:\/\/israelmagazine.net\/index.php?rest_route=\/wp\/v2\/posts\/55241\/revisions"}],"wp:featuredmedia":[{"embeddable":true,"href":"https:\/\/israelmagazine.net\/index.php?rest_route=\/"}],"wp:attachment":[{"href":"https:\/\/israelmagazine.net\/index.php?rest_route=%2Fwp%2Fv2%2Fmedia&parent=55241"}],"wp:term":[{"taxonomy":"category","embeddable":true,"href":"https:\/\/israelmagazine.net\/index.php?rest_route=%2Fwp%2Fv2%2Fcategories&post=55241"},{"taxonomy":"post_tag","embeddable":true,"href":"https:\/\/israelmagazine.net\/index.php?rest_route=%2Fwp%2Fv2%2Ftags&post=55241"},{"taxonomy":"sujet","embeddable":true,"href":"https:\/\/israelmagazine.net\/index.php?rest_route=%2Fwp%2Fv2%2Fsujet&post=55241"}],"curies":[{"name":"wp","href":"https:\/\/api.w.org\/{rel}","templated":true}]}}