{"id":55268,"date":"2021-02-07T12:38:21","date_gmt":"2021-02-07T10:38:21","guid":{"rendered":"https:\/\/israelmagazine.net\/?p=55268"},"modified":"2021-02-07T12:38:21","modified_gmt":"2021-02-07T10:38:21","slug":"quand-fatou-bensouda-couvrait-les-mefaits-du-dictateur-gambien-jarawa","status":"publish","type":"post","link":"https:\/\/israelmagazine.net\/?p=55268","title":{"rendered":"Quand Fatou Bensouda couvrait les m\u00e9faits du dictateur gambien Jarawa"},"content":{"rendered":"<p>par Richard Darmon pour Israel Magazine tous droits r<strong>\u00e9<\/strong>serv<strong>\u00e9<\/strong>s<\/p>\n<p><strong><em>\u00a0<\/em><\/strong><strong>Quand Fatou Bensouda couvrait les m\u00e9faits du dictateur gambien Jarawa<\/strong><\/p>\n<p><strong>Alors que, drap\u00e9e dans sa dignit\u00e9 de Procureure g\u00e9n\u00e9rale de la Cour internationale de Justice p\u00e9nale de la Haye (CIJP), Fatou Bensouda dit vouloir\u00a0<em>\\\u00a0\u00bbd\u00e9fendre<\/em><\/strong><em>\u00a0<\/em><strong><em>les int\u00e9r\u00eats de la Justice\\\u00a0\u00bb<\/em><\/strong><strong>\u00a0<\/strong><strong>en ouvrant une enqu\u00eate contre Isra\u00ebl \u2013 un pays qui, selon elle, aurait \\\u00a0\u00bbviol\u00e9\\\u00a0\u00bb \u00e0 plusieurs niveaux les droits de l\\&rsquo;homme dans sa confrontation avec les Palestiniens -, il est int\u00e9ressant de se pencher sur son pass\u00e9 pas si lointain et peu reluisant de conseiller juridique et vice-procureure \u00e0 l\\&rsquo;\u00e9poque du despote brutal que devint, apr\u00e8s son coup d\\&rsquo;Etat militaire de 1994, le jeune officier gambien Yahya Jammeh\u2026<\/strong><\/p>\n<p>N\u00e9e en 1961 \u00e0 Banjul, la capitale gambienne, dans une famille tr\u00e8s modeste de petits fonctionnaires, Fatou Bom parvient \u00e0 faire de brillantes \u00e9tudes secondaires et universitaires pour devenir greffi\u00e8re au tribunal de Banjul. Puis, b\u00e9n\u00e9ficiant d\u2019une bourse, elle fait des \u00e9tudes de droit maritime au Nig\u00e9ria et obtient sa maitrise de Droit. Apr\u00e8s trois ann\u00e9es d\u2019activit\u00e9 professionnelle, elle s\u2019inscrit en 1990 \u00e0 l\\&rsquo;International Maritime Law Institute bas\u00e9 \u00e0 Malte et g\u00e9r\u00e9 par l\\&rsquo;ONU o\u00f9 elle obtient un dipl\u00f4me de droit maritime en 1994 devenant ainsi le 1<sup>er<\/sup>\u00a0 expert de son pays dans cette sp\u00e9cialit\u00e9. Apr\u00e8s d\\&rsquo;autres dipl\u00f4mes obtenus \u00e0 New York, en France et au Nig\u00e9ria, elle\u00a0est admise en 1987 au barreau gambien. Elle sera nomm\u00e9e la m\u00eame ann\u00e9e conseill\u00e8re aupr\u00e8s du gouvernement et fera son entr\u00e9e au minist\u00e8re de la Justice o\u00f9 elle finira par gravir tous les \u00e9chelons : substitut du Procureur, avocate g\u00e9n\u00e9rale, secr\u00e9taire juridique de la R\u00e9publique, puis procureure en f\u00e9vrier 1994. \\\u00a0\u00bbCerise sur le g\u00e2teau\\\u00a0\u00bb de ce prestigieux itin\u00e9raire : apr\u00e8s le coup d\u2019\u00c9tat de juillet 1994 qui porte Yahya Jammeh au pouvoir, elle devient sa conseill\u00e8re juridique.<\/p>\n<p><a href=\\\"https:\/\/israelmagazine.co.il\/entretien-avec-patrick-zylberman\/\\\">https:\/\/israelmagazine.co.il\/entretien-avec-patrick-zylberman\/<\/a><\/p>\n<p>C\\&rsquo;est alors que, sans se soucier en rien de ce que le nouveau ma\u00eetre de la Gambie soit arriv\u00e9 au pouvoir ill\u00e9galement par la voie des armes,\u00a0elle est promue en 1996 procureur principal. Et ce, jusqu\u2019en 1998 o\u00f9 elle devient procureur g\u00e9n\u00e9ral de Banjul et ministre de la Justice &#8211; un poste qu\\&rsquo;elle occupera jusqu\u2019en 2000. Elle ouvre ensuite un cabinet d\u2019avocat et prend deux ans durant la direction de la banque de son \u00e9poux, Philippe Bensouda, un financier marocain d\\&rsquo;origine juive, devenu ensuite Isra\u00e9lien qui a fait fortune dans la p\u00eache puis dans l\\&rsquo;industrie\u2026 Elle fut en outre membre de la d\u00e9l\u00e9gation de Gambie aux r\u00e9unions de la Commission pr\u00e9paratoire de la CIJP.<\/p>\n<p>En mai 2002, Bensouda, qui est rest\u00e9e une musulmane pratiquante, devient conseill\u00e8re juridique et substitut du procureur au Tribunal p\u00e9nal international pour le Rwanda \u00e0 Arusha (Tanzanie) et depuis 2004, elle est en poste \u00e0 la CIJP de La Haye. D\u2019abord procureure-adjointe, elle est nomm\u00e9e procureure g\u00e9n\u00e9rale en d\u00e9cembre 2011. Aboutissement grandiose : elle figure en 2012 sur la liste des\u00a0<em>\\\u00a0\u00bbCent personnes les plus influentes au monde\\\u00a0\u00bb\u00a0<\/em>du magazine\u00a0<em>Time<\/em>, puis en 2014 et 2015, elle fait partie du palmar\u00e8s du journal\u00a0<em>Jeune Afrique<\/em>\u00a0classant\u00a0<em>\u00ab 50 femmes africaines qui, de par leurs actions et leurs initiatives dans le cadre de leurs fonctions respectives, font avancer le continent<\/em>\u00a0<em>africain \u00bb.<\/em><\/p>\n<h3><strong>Bensouda couvrait les horreurs de Jammeh\u2026<\/strong><\/h3>\n<p><em>\u00a0<\/em>Alors qu\\&rsquo;apr\u00e8s son coup d\\&rsquo;Etat militaire, le despote Jammeh prit le contr\u00f4le du pays en menant un style de vie tr\u00e8s d\u00e9pensier et d\u00e9cadent, \u00e9crasant dans le sang toute opposition (il supprima la communaut\u00e9 LGBT gambienne et tous les droits des femmes), on a \u00e0 juste titre reproch\u00e9 \u00e0 Bensouda d\\&rsquo;avoir, par pur arrivisme, ferm\u00e9 les yeux sur ces agissements de cette junte et m\u00eame d\\&rsquo;avoir couvert les pratiques de tortures exerc\u00e9es, des semaines durant, contre une s\u00e9rie de civils arr\u00eat\u00e9s \u00e0 qui on reprochait \u00e0 tort d\\&rsquo;avoir voulu comploter contre la dictature\u2026<\/p>\n<p>Un dossier fort compromettant pour la Procureure g\u00e9n\u00e9rale de la CIJP qui a \u00e9t\u00e9 expos\u00e9 au grand jour \u00e0 la cr\u00e9ation en octobre 2018 et lors des premi\u00e8res audiences de\u00a0<em>la \\\u00a0\u00bbCommission V\u00e9rit\u00e9, R\u00e9conciliation et R\u00e9parations\\\u00a0\u00bb<\/em>\u00a0(CVRR) mise en place apr\u00e8s la chute de Jammeh en janvier 2017 et devant\u00a0rendre compte \u2013 jusqu\\&rsquo;aujourd\\&rsquo;hui &#8211; des graves violations des droits de l\u2019homme perp\u00e9tr\u00e9es sous son r\u00e9gime entre juillet 1994 et janvier 2017.<\/p>\n<p><a href=\\\"https:\/\/israelmagazine.co.il\/haine-disrael-sur-internet-1ere-partie\/\\\">https:\/\/israelmagazine.co.il\/haine-disrael-sur-internet-1ere-partie\/<\/a><\/p>\n<p>C\\&rsquo;est ainsi que d\\&rsquo;anciens \\\u00a0\u00bbhommes de main\\\u00a0\u00bb de Jammeh et de sa sinistre Agence Nationale des Renseignements (ANR) &#8211; tous surnomm\u00e9s les\u00a0<em>\u00ab Junglers\u00a0\u00bb<\/em>\u00a0&#8211; y ont\u00a0\u00e9t\u00e9 entendus, certains d\\&rsquo;entre eux ayant vite avou\u00e9 avoir particip\u00e9 \u00e0 des assassinats politiques.<\/p>\n<p>En fait, au moins\u00a0deux t\u00e9moins &#8211;\u00a0Batch Samba Jallow et Sainey Faye\u00a0&#8211; ont publiquement mis en cause Bensouda devant cette Commission en d\u00e9taillant son r\u00f4le de \\\u00a0\u00bbvalet du r\u00e9gime\\\u00a0\u00bb. Ainsi, a-t-elle aggrav\u00e9 \u00e0 tous les stades de la proc\u00e9dure les fausses charges retenues contre eux \u00e0 la demande du pouvoir, en avalisant une terrible d\u00e9t\u00e9rioration de leurs conditions de d\u00e9tention et en ignorant le terrible r\u00e9gime de tortures auquel ils furent soumis des jours durant (<em>voir le Dossier sp\u00e9cial \\\u00a0\u00bbL\\&rsquo;Heure de v\u00e9rit\u00e9\\\u00a0\u00bb publi\u00e9 sur le site\u00a0<a href=\\\"http:\/\/justiceinfo.net\/\\\" data-saferedirecturl=\\\"https:\/\/www.google.com\/url?q=http:\/\/justiceinfo.net&amp;source=gmail&amp;ust=1612780075334000&amp;usg=AFQjCNG4oJAF9epmGwskHuYao2Yb0MFq2A\\\">justiceinfo.net<\/a>\u00a0de la Fondation Hirondelle<\/em>).<\/p>\n<p>&nbsp;<\/p>\n<h3><strong>Hypocrisie \u00e0 son maximum<\/strong><\/h3>\n<p>Pourtant, lors de l\u2019inauguration de la CVRR, le\u00a0<a href=\\\"https:\/\/www.youtube.com\/watch?v=TmTNvR-JI2c\\\" data-saferedirecturl=\\\"https:\/\/www.google.com\/url?q=https:\/\/www.youtube.com\/watch?v%3DTmTNvR-JI2c&amp;source=gmail&amp;ust=1612780075334000&amp;usg=AFQjCNGFBfLeS0gxYtt-5cHfTwkodKhPcw\\\">discours de Fatou Bensouda<\/a>\u00a0semblait plein de clart\u00e9 : elle expliqua ainsi combien le travail de cette Commission serait\u00a0<em>\u00ab\u00a0crucial pour l\u2019avenir de la Gambie et pour le renforcement de l\u2019Etat de droit dans lequel cet avenir peut \u00eatre garanti\u00a0\u00bb.\u00a0<\/em>Et de pr\u00e9ciser que cet acte de justice ne devrait pas se limiter<em>\u00a0\u00ab\u00a0uniquement \u00e0 des mots mais \u00e0 de v\u00e9ritables actes\u00a0\u00bb,\u00a0<\/em>en concluant &#8211; sans penser que cet adage devrait s\\&rsquo;appliquer d\\&rsquo;abord \u00e0 elle-m\u00eame<em>\u00a0: \u00ab\u00a0Le devoir de rendre des comptes commence chez soi !\u00a0\u00bb\u2026<\/em><\/p>\n<p>Pourtant, nombreux sont ceux, dans l\u2019assistance, qui furent indispos\u00e9s, voire choqu\u00e9s par sa propre pr\u00e9sence ! C\\&rsquo;est qu\\&rsquo;ils avaient en t\u00eate son sinistre pass\u00e9 gambien, alors qu\\&rsquo;elle \u00e9tait devenue depuis une haute figure de la sc\u00e8ne judiciaire internationale. Ne devait-elle pas incarner, depuis 15 ans en tant que procureure-adjointe puis procureure g\u00e9n\u00e9rale de la CIJP, la plus haute droiture morale et le souci imp\u00e9rieux des victimes !? Et ce, alors qu\\&rsquo;elle a jadis fid\u00e8lement servi et d\u00e9fendu, des ann\u00e9es durant et aux plus hautes fonctions judiciaires, la dictature Jammeh d\u00e9sormais mise \u00e0 nu par la CVRR\u2026<\/p>\n<p>Pendant que certains de ses supporters au sein de groupes internationaux de d\u00e9fense des droits de l\\&rsquo;homme ne cessent de vanter ses vertus de\u00a0<em>\\\u00a0\u00bbjustici\u00e8re travaillant inlassablement pour pr\u00e9server les droits des victimes des dictatures\\\u00a0\u00bb,\u00a0<\/em>de nombreux Gambiens et Africains ont avanc\u00e9 qu\\&rsquo;en raison de ce moment si sombre de sa vie, elle n\\&rsquo;aurait jamais d\u00fb \u00eatre autoris\u00e9e \u00e0 pr\u00e9senter sa candidature pour entrer \u00e0 la CIJP de La Haye ! Et encore moins \u00e0 oser vouloir donner aujourd\\&rsquo;hui des le\u00e7ons de \\\u00a0\u00bbconduite \u00e9thique\\\u00a0\u00bb \u00e0 Isra\u00ebl !\u2026<\/p>\n<p>La suite de l\u2019article se trouve dans le prochain num\u00e9ro d\u2019Isra\u00ebl Magazine<\/p>\n<p>D\u00e9couvrez un exemplaire du magazine gratuitement et cliquez ensuite sur le rebord droit d<\/p>\n<p><iframe title=\"ISRAEL MAGAZINE 239 - DECEMBRE 2020\" src=\"https:\/\/e.issuu.com\/embed.html?u=yoch2&#038;d=israelmag239\" style=\"border:none; width: 500px; height: 383px;\" allow=\"clipboard-write,allow-top-navigation,allow-top-navigation-by-user-activation,allow-downloads,allow-scripts,allow-same-origin,allow-popups,allow-modals,allow-popups-to-escape-sandbox,allow-forms\"  allowfullscreen=\"true\"><\/iframe><\/p>\n<p>magazine livr\u00e9 chez vous en toute confidentialit\u00e9 S\u2019abonner au magazine par t\u00e9l\u00e9phone ou par whats app 00972 (0) 54 254 45 20 ou au 01 86 98 27 27<\/p>\n<p>Par email\u00a0 Andredarmon21@gmail.com<\/p>\n<p>directement sur le site <a href=\\\"https:\/\/israelmagazine.co.il\/sabonner-au-magazine\/\\\">https:\/\/israelmagazine.co.il\/sabonner-au-magazine\/<\/a><\/p>\n<p>Ou encore S\u2019abonner au magazine livr\u00e9 chez vous en toute confidentialit\u00e9. Remplir le formulaire<\/p>\n<p><a href=\\\"https:\/\/docs.google.com\/forms\/d\/e\/1FAIpQLSfPYJfb8KjEya-X17w0DGPAuBlCGvqVUdh_Is8EL810Lxw82A\/viewform?entry.1189475001=Recipient_Email\\\">https:\/\/docs.google.com\/forms\/d\/e\/1FAIpQLSfPYJfb8KjEya-X17w0DGPAuBlCGvqVUdh_Is8EL810Lxw82A\/viewform?entry.1189475001=Recipient_Email<\/a><\/p>\n<p>&nbsp;<\/p>\n<p>&nbsp;<\/p>\n<p>&nbsp;<\/p>\n","protected":false},"excerpt":{"rendered":"<p>par Richard Darmon pour Israel Magazine tous droits r\u00e9serv\u00e9s \u00a0Quand Fatou Bensouda couvrait les m\u00e9faits du dictateur gambien Jarawa Alors que, drap\u00e9e dans sa dignit\u00e9 de Procureure g\u00e9n\u00e9rale de la Cour internationale de Justice p\u00e9nale de la Haye (CIJP), Fatou Bensouda dit vouloir\u00a0\\\u00a0\u00bbd\u00e9fendre\u00a0les int\u00e9r\u00eats de la Justice\\\u00a0\u00bb\u00a0en ouvrant une enqu\u00eate contre Isra\u00ebl \u2013 un pays &hellip;<\/p>\n<p class=\"read-more\"> <a class=\"\" href=\"https:\/\/israelmagazine.net\/?p=55268\"> <span class=\"screen-reader-text\">Quand Fatou Bensouda couvrait les m\u00e9faits du dictateur gambien Jarawa<\/span> Lire la suite \u00bb<\/a><\/p>\n","protected":false},"author":4,"featured_media":55269,"comment_status":"open","ping_status":"open","sticky":false,"template":"","format":"standard","meta":{"site-sidebar-layout":"default","site-content-layout":"default","ast-global-header-display":"","ast-main-header-display":"","ast-hfb-above-header-display":"","ast-hfb-below-header-display":"","ast-hfb-mobile-header-display":"","site-post-title":"","ast-breadcrumbs-content":"","ast-featured-img":"","footer-sml-layout":"","theme-transparent-header-meta":"","adv-header-id-meta":"","stick-header-meta":"","header-above-stick-meta":"","header-main-stick-meta":"","header-below-stick-meta":""},"categories":[84,1612,1613,1615],"tags":[825,1635,2886,1700,383,2657,2658],"sujet":[],"_links":{"self":[{"href":"https:\/\/israelmagazine.net\/index.php?rest_route=\/wp\/v2\/posts\/55268"}],"collection":[{"href":"https:\/\/israelmagazine.net\/index.php?rest_route=\/wp\/v2\/posts"}],"about":[{"href":"https:\/\/israelmagazine.net\/index.php?rest_route=\/wp\/v2\/types\/post"}],"author":[{"embeddable":true,"href":"https:\/\/israelmagazine.net\/index.php?rest_route=\/wp\/v2\/users\/4"}],"replies":[{"embeddable":true,"href":"https:\/\/israelmagazine.net\/index.php?rest_route=%2Fwp%2Fv2%2Fcomments&post=55268"}],"version-history":[{"count":0,"href":"https:\/\/israelmagazine.net\/index.php?rest_route=\/wp\/v2\/posts\/55268\/revisions"}],"wp:featuredmedia":[{"embeddable":true,"href":"https:\/\/israelmagazine.net\/index.php?rest_route=\/"}],"wp:attachment":[{"href":"https:\/\/israelmagazine.net\/index.php?rest_route=%2Fwp%2Fv2%2Fmedia&parent=55268"}],"wp:term":[{"taxonomy":"category","embeddable":true,"href":"https:\/\/israelmagazine.net\/index.php?rest_route=%2Fwp%2Fv2%2Fcategories&post=55268"},{"taxonomy":"post_tag","embeddable":true,"href":"https:\/\/israelmagazine.net\/index.php?rest_route=%2Fwp%2Fv2%2Ftags&post=55268"},{"taxonomy":"sujet","embeddable":true,"href":"https:\/\/israelmagazine.net\/index.php?rest_route=%2Fwp%2Fv2%2Fsujet&post=55268"}],"curies":[{"name":"wp","href":"https:\/\/api.w.org\/{rel}","templated":true}]}}