{"id":55274,"date":"2021-02-11T08:45:27","date_gmt":"2021-02-11T06:45:27","guid":{"rendered":"https:\/\/israelmagazine.net\/?p=55274"},"modified":"2021-02-11T08:45:27","modified_gmt":"2021-02-11T06:45:27","slug":"entretien-avec-paul-francois-paoli","status":"publish","type":"post","link":"https:\/\/israelmagazine.net\/?p=55274","title":{"rendered":"ENTRETIEN avec PAUL-FRANCOIS PAOLI"},"content":{"rendered":"<h3><strong>ENTRETIEN avec PAUL-FRANCOIS PAOLI<\/strong><\/h3>\n<p>Propos recueillis par David Reinharc<\/p>\n<p>Et si la France devait proposer autre chose aux immigr\u00e9s que ses propres valeurs \u2013 le mot de valeur n\u2019ayant pas grand sens : si la France ce sont des \\\u00a0\u00bbvaleurs\\\u00a0\u00bb, des \\\u00a0\u00bbid\u00e9es\\\u00a0\u00bb, quid de la langue, du territoire, des m\u0153urs et des traditions ? \u2013 mais des choses : des paysages, une civilisation, des monuments. Or aujourd\u2019hui, la France, mais tout aussi bien l\\&rsquo;Europe, qui s\\&rsquo;envisage toujours comme une construction, croit pouvoir se faire accepter en s\u2019effa\u00e7ant toujours plus.<\/p>\n<p>La conjonction d\u2019une affirmation religieuse islamique conqu\u00e9rante et cette esp\u00e8ce d\u2019humilit\u00e9 inclusive n\\&rsquo;\u00e9vite pas le choc des civilisations : il l\\&rsquo;exacerbe. Dans un texte tr\u00e8s original, \\\u00a0\u00bbAux sources du malaise identitaire fran\u00e7ais\\\u00a0\u00bb (L\\&rsquo;artilleur), Paul-Fran\u00e7ois Paoli, journaliste, \u00e9crivain, ouvre la voie au retour de l\\&rsquo;identit\u00e9 paisible, ce sentiment d\\&rsquo;\u00eatre soi et pas un autre.<\/p>\n<p>Nous sommes all\u00e9s l\\&rsquo;interroger \u00e0 propos de l\\&rsquo;antijuda\u00efsme contemporain, l\\&rsquo;islamisation des cit\u00e9s fran\u00e7aises, la responsabilit\u00e9 d\\&rsquo;une certaine intelligentsia juive dans le malheur qui frappe leur communaut\u00e9, l\\&rsquo;alliance entre Juifs et Chr\u00e9tiens, ou encore sur la haine qu\\&rsquo;Isra\u00ebl suscite en Europe.<\/p>\n<p><a href=\\\"https:\/\/israelmagazine.co.il\/revelations\/\\\">https:\/\/israelmagazine.co.il\/revelations\/<\/a><\/p>\n<h3>\u00a0<strong>Sur la nouvelle et inattendue solidarit\u00e9 de destin des Fran\u00e7ais (au sens traditionnel du terme) et des Juifs : est-ce la premi\u00e8re fois dans l\\&rsquo;Histoire de France que les Juifs sont objet d\\&rsquo;une haine qui vise aussi la France ?<\/strong><\/h3>\n<p>PAOLI:\u00a0 Cette forme de haine est \u00e0 mon sens in\u00e9dite m\u00eame si elle n\\&rsquo;est pas sans rappeler, par certains aspects, la haine que les partisans de la Grande Europe Allemande ont \u00e9prouv\u00e9e \u00e0 l\\&rsquo;\u00e9gard de la France, pays consid\u00e9r\u00e9 comme \\\u00a0\u00bbenjuiv\u00e9\\\u00a0\u00bb en 1940. On rencontre ce genre de d\u00e9lire chez C\u00e9line ou Drieu la Rochelle. Drieu associe l\\&rsquo;intellectualisme des Lumi\u00e8res \u00e0 la Jud\u00e9it\u00e9. Les d\u00e9lires nazis exploiteront ce leitmotiv en voyant dans le juda\u00efsme un potentiel r\u00e9volutionnaire qui aboutit au \\\u00a0\u00bbjud\u00e9o-bolchevisme\\\u00a0\u00bb. Pour autant l\\&rsquo;antijuda\u00efsme contemporain a son identit\u00e9 propre. Dans un reportage que j\\&rsquo;ai r\u00e9alis\u00e9 l\\&rsquo;an dernier pour le <em>Figaro Magazine <\/em>dans les quartiers nord de Marseille sur le narcotrafic, j\\&rsquo;ai rencontr\u00e9 des voyous magr\u00e9bins qui accusaient Macron d\\&rsquo;\u00eatre \\\u00a0\u00bbdans la main des Juifs et d\\&rsquo;Isra\u00ebl\\\u00a0\u00bb. On est l\u00e0 dans une autre forme de d\u00e9lire. Les Juifs sont identifi\u00e9s \u00e0 Isra\u00ebl et ce sont eux qui dominent la politique fran\u00e7aise. Je pense que la dimension complotiste y est pour beaucoup.<\/p>\n<p><a href=\\\"https:\/\/israelmagazine.co.il\/symptomes-coronavirus-personne-ne-parle\/\\\">https:\/\/israelmagazine.co.il\/symptomes-coronavirus-personne-ne-parle\/<\/a><\/p>\n<p>La suite de l\u2019article se trouve dans le prochain num\u00e9ro d\u2019Isra\u00ebl Magazine<\/p>\n<p>D\u00e9couvrez un exemplaire du magazine gratuitement et cliquez ensuite sur le rebord droit d<\/p>\n<p><iframe title=\"ISRAEL MAGAZINE 239 - DECEMBRE 2020\" src=\"https:\/\/e.issuu.com\/embed.html?u=yoch2&#038;d=israelmag239\" style=\"border:none; width: 500px; height: 383px;\" allow=\"clipboard-write,allow-top-navigation,allow-top-navigation-by-user-activation,allow-downloads,allow-scripts,allow-same-origin,allow-popups,allow-modals,allow-popups-to-escape-sandbox,allow-forms\"  allowfullscreen=\"true\"><\/iframe><\/p>\n<p>magazine livr\u00e9 chez vous en toute confidentialit\u00e9 S\u2019abonner au magazine par t\u00e9l\u00e9phone ou par whats app 00972 (0) 54 254 45 20 ou au 01 86 98 27 27<\/p>\n<p>Par email\u00a0 Andredarmon21@gmail.com<\/p>\n<p>directement sur le site https:\/\/israelmagazine.co.il\/sabonner-au-magazine\/<\/p>\n<p>Ou encore S\u2019abonner au magazine livr\u00e9 chez vous en toute confidentialit\u00e9. Remplir le formulaire<\/p>\n<p><a href=\\\"https:\/\/docs.google.com\/forms\/d\/e\/1FAIpQLSfPYJfb8KjEya-X17w0DGPAuBlCGvqVUdh_Is8EL810Lxw82A\/viewform?entry.1189475001=Recipient_Email\\\">https:\/\/docs.google.com\/forms\/d\/e\/1FAIpQLSfPYJfb8KjEya-X17w0DGPAuBlCGvqVUdh_Is8EL810Lxw82A\/viewform?entry.1189475001=Recipient_Email<\/a><\/p>\n","protected":false},"excerpt":{"rendered":"<p>ENTRETIEN avec PAUL-FRANCOIS PAOLI Propos recueillis par David Reinharc Et si la France devait proposer autre chose aux immigr\u00e9s que ses propres valeurs \u2013 le mot de valeur n\u2019ayant pas grand sens : si la France ce sont des \\\u00a0\u00bbvaleurs\\\u00a0\u00bb, des \\\u00a0\u00bbid\u00e9es\\\u00a0\u00bb, quid de la langue, du territoire, des m\u0153urs et des traditions ? \u2013 &hellip;<\/p>\n<p class=\"read-more\"> <a class=\"\" href=\"https:\/\/israelmagazine.net\/?p=55274\"> <span class=\"screen-reader-text\">ENTRETIEN avec PAUL-FRANCOIS PAOLI<\/span> Lire la suite \u00bb<\/a><\/p>\n","protected":false},"author":4,"featured_media":53802,"comment_status":"open","ping_status":"open","sticky":false,"template":"","format":"standard","meta":{"site-sidebar-layout":"default","site-content-layout":"default","ast-global-header-display":"","ast-main-header-display":"","ast-hfb-above-header-display":"","ast-hfb-below-header-display":"","ast-hfb-mobile-header-display":"","site-post-title":"","ast-breadcrumbs-content":"","ast-featured-img":"","footer-sml-layout":"","theme-transparent-header-meta":"","adv-header-id-meta":"","stick-header-meta":"","header-above-stick-meta":"","header-main-stick-meta":"","header-below-stick-meta":""},"categories":[84,1613,2283,1615],"tags":[1063,810,2699,1001,815,1989,877,1761,742],"sujet":[],"_links":{"self":[{"href":"https:\/\/israelmagazine.net\/index.php?rest_route=\/wp\/v2\/posts\/55274"}],"collection":[{"href":"https:\/\/israelmagazine.net\/index.php?rest_route=\/wp\/v2\/posts"}],"about":[{"href":"https:\/\/israelmagazine.net\/index.php?rest_route=\/wp\/v2\/types\/post"}],"author":[{"embeddable":true,"href":"https:\/\/israelmagazine.net\/index.php?rest_route=\/wp\/v2\/users\/4"}],"replies":[{"embeddable":true,"href":"https:\/\/israelmagazine.net\/index.php?rest_route=%2Fwp%2Fv2%2Fcomments&post=55274"}],"version-history":[{"count":0,"href":"https:\/\/israelmagazine.net\/index.php?rest_route=\/wp\/v2\/posts\/55274\/revisions"}],"wp:featuredmedia":[{"embeddable":true,"href":"https:\/\/israelmagazine.net\/index.php?rest_route=\/"}],"wp:attachment":[{"href":"https:\/\/israelmagazine.net\/index.php?rest_route=%2Fwp%2Fv2%2Fmedia&parent=55274"}],"wp:term":[{"taxonomy":"category","embeddable":true,"href":"https:\/\/israelmagazine.net\/index.php?rest_route=%2Fwp%2Fv2%2Fcategories&post=55274"},{"taxonomy":"post_tag","embeddable":true,"href":"https:\/\/israelmagazine.net\/index.php?rest_route=%2Fwp%2Fv2%2Ftags&post=55274"},{"taxonomy":"sujet","embeddable":true,"href":"https:\/\/israelmagazine.net\/index.php?rest_route=%2Fwp%2Fv2%2Fsujet&post=55274"}],"curies":[{"name":"wp","href":"https:\/\/api.w.org\/{rel}","templated":true}]}}