{"id":55375,"date":"2021-04-04T08:27:34","date_gmt":"2021-04-04T05:27:34","guid":{"rendered":"https:\/\/israelmagazine.net\/?p=55375"},"modified":"2021-04-04T08:27:34","modified_gmt":"2021-04-04T05:27:34","slug":"maroc-israel-les-affaires-reprennent","status":"publish","type":"post","link":"https:\/\/israelmagazine.net\/?p=55375","title":{"rendered":"Maroc-Isra\u00ebl : Les affaires reprennent"},"content":{"rendered":"<h3>Maroc-Isra\u00ebl : Les affaires reprennent<\/h3>\n<p>Le Maroc et Isra\u00ebl seront pr\u00e9sents lors de la journ\u00e9e \u00e9conomique d\u2019Essaouira qui se d\u00e9roulera les 26 et 27 octobre 2021. \u00a0La Chambre fran\u00e7aise de commerce et d\u2019industrie du Maroc est l\u2019h\u00f4te de cet \u00e9v\u00e8nement. \u00ab Nous voulons associer les op\u00e9rateurs fran\u00e7ais et marocains mais \u00e9galement isra\u00e9liens\u00bb, pr\u00e9cise Khalid Idrissi Kaitouni, directeur des relations institutionnelles de la CFCIM.<\/p>\n<p>Cet \u00e9v\u00e9nement sera aussi l\u2019occasion de mettre en avant les possibilit\u00e9s d\u2019investissement qu\u2019offre la province d\u2019Essaouira.<\/p>\n<p><a href=\\\"https:\/\/israelmagazine.co.il\/la-transformation-du-paysage-politique-israelien\/\\\">https:\/\/israelmagazine.co.il\/la-transformation-du-paysage-politique-israelien\/<\/a><\/p>\n<h3><strong>Une province aux \u00e9normes atouts<\/strong><\/h3>\n<p>Andr\u00e9 Azoulay, pr\u00e9sident d\u2019honneur de la Fondation Essaouira Mogador, conseiller de Sa Majest\u00e9 le Roi Mohammed VI, a rappel\u00e9 qu\u2019Essaouira ce qui permet \u00e0 la ville de pr\u00e9tendre \u00e0 d\u00e9velopper son activit\u00e9 \u00e9conomique dans le futur proche. \u00abEssaouira est l\u2019un des noms marocains auquel on associe le plus ce qui manque le plus dans le monde, \u00e0 la fois cette qualit\u00e9 dans l\u2019art de vivre ensemble et la culture de la diversit\u00e9\u00bb, explique le pr\u00e9sident d\u2019honneur de la Fondation d\u2019Essaouira Mogador ajoutant par ailleurs qu\u2019un peu plus d\u2019un si\u00e8cle la moiti\u00e9 des flux \u00e9conomiques que le Maroc g\u00e9n\u00e9rait passait par Essaouira (flux financiers, flux commerciaux, et flux transactionnel de toute nature). Au niveau de son environnement, la province dispose d\u2019un \u00e9cosyst\u00e8me et d\u2019une \u00e9cologie qui l\u2019inscrit dans la dynamique des industries du futur.<\/p>\n<p><a href=\\\"https:\/\/israelmagazine.co.il\/acquisition-de-terres-en-judee-samarie-par-le-kkl\/\\\">https:\/\/israelmagazine.co.il\/acquisition-de-terres-en-judee-samarie-par-le-kkl\/<\/a><\/p>\n<h3>La suite de l\u2019article se trouve dans le prochain num\u00e9ro d\u2019Isra\u00ebl Magazine<\/h3>\n<p>D\u00e9couvrez un exemplaire du magazine gratuitement et cliquez ensuite sur le rebord droit d<\/p>\n<p><iframe title=\"ISRAEL MAGAZINE 239 - DECEMBRE 2020\" src=\"https:\/\/e.issuu.com\/embed.html?u=yoch2&#038;d=israelmag239\" style=\"border:none; width: 500px; height: 383px;\" allow=\"clipboard-write,allow-top-navigation,allow-top-navigation-by-user-activation,allow-downloads,allow-scripts,allow-same-origin,allow-popups,allow-modals,allow-popups-to-escape-sandbox,allow-forms\"  allowfullscreen=\"true\"><\/iframe><\/p>\n<p>magazine livr\u00e9 chez vous en toute confidentialit\u00e9 S\u2019abonner au magazine par t\u00e9l\u00e9phone ou par whats app 00972 (0) 54 254 45 20 ou au 01 86 98 27 27<\/p>\n<h3>Par email\u00a0 Andredarmon21@gmail.com<\/h3>\n<p>directement sur le site https:\/\/israelmagazine.co.il\/sabonner-au-magazine\/<\/p>\n<p>Ou encore S\u2019abonner au magazine livr\u00e9 chez vous en toute confidentialit\u00e9. Remplir le formulaire<\/p>\n<p><a href=\\\"https:\/\/docs.google.com\/forms\/d\/e\/1FAIpQLSfPYJfb8KjEya-X17w0DGPAuBlCGvqVUdh_Is8EL810Lxw82A\/viewform?entry.1189475001=Recipient_Email\\\">https:\/\/docs.google.com\/forms\/d\/e\/1FAIpQLSfPYJfb8KjEya-X17w0DGPAuBlCGvqVUdh_Is8EL810Lxw82A\/viewform?entry.1189475001=Recipient_Email<\/a><\/p>\n<p>&nbsp;<\/p>\n<p>&nbsp;<\/p>\n<p>&nbsp;<\/p>\n","protected":false},"excerpt":{"rendered":"<p>Maroc-Isra\u00ebl : Les affaires reprennent Le Maroc et Isra\u00ebl seront pr\u00e9sents lors de la journ\u00e9e \u00e9conomique d\u2019Essaouira qui se d\u00e9roulera les 26 et 27 octobre 2021. \u00a0La Chambre fran\u00e7aise de commerce et d\u2019industrie du Maroc est l\u2019h\u00f4te de cet \u00e9v\u00e8nement. \u00ab Nous voulons associer les op\u00e9rateurs fran\u00e7ais et marocains mais \u00e9galement isra\u00e9liens\u00bb, pr\u00e9cise Khalid Idrissi &hellip;<\/p>\n<p class=\"read-more\"> <a class=\"\" href=\"https:\/\/israelmagazine.net\/?p=55375\"> <span class=\"screen-reader-text\">Maroc-Isra\u00ebl : Les affaires reprennent<\/span> Lire la suite \u00bb<\/a><\/p>\n","protected":false},"author":4,"featured_media":55194,"comment_status":"open","ping_status":"open","sticky":false,"template":"","format":"standard","meta":{"site-sidebar-layout":"default","site-content-layout":"default","ast-global-header-display":"","ast-main-header-display":"","ast-hfb-above-header-display":"","ast-hfb-below-header-display":"","ast-hfb-mobile-header-display":"","site-post-title":"","ast-breadcrumbs-content":"","ast-featured-img":"","footer-sml-layout":"","theme-transparent-header-meta":"","adv-header-id-meta":"","stick-header-meta":"","header-above-stick-meta":"","header-main-stick-meta":"","header-below-stick-meta":""},"categories":[84,1617],"tags":[1739,2131,810,845,1628,815,937,2901,2133],"sujet":[],"_links":{"self":[{"href":"https:\/\/israelmagazine.net\/index.php?rest_route=\/wp\/v2\/posts\/55375"}],"collection":[{"href":"https:\/\/israelmagazine.net\/index.php?rest_route=\/wp\/v2\/posts"}],"about":[{"href":"https:\/\/israelmagazine.net\/index.php?rest_route=\/wp\/v2\/types\/post"}],"author":[{"embeddable":true,"href":"https:\/\/israelmagazine.net\/index.php?rest_route=\/wp\/v2\/users\/4"}],"replies":[{"embeddable":true,"href":"https:\/\/israelmagazine.net\/index.php?rest_route=%2Fwp%2Fv2%2Fcomments&post=55375"}],"version-history":[{"count":0,"href":"https:\/\/israelmagazine.net\/index.php?rest_route=\/wp\/v2\/posts\/55375\/revisions"}],"wp:featuredmedia":[{"embeddable":true,"href":"https:\/\/israelmagazine.net\/index.php?rest_route=\/"}],"wp:attachment":[{"href":"https:\/\/israelmagazine.net\/index.php?rest_route=%2Fwp%2Fv2%2Fmedia&parent=55375"}],"wp:term":[{"taxonomy":"category","embeddable":true,"href":"https:\/\/israelmagazine.net\/index.php?rest_route=%2Fwp%2Fv2%2Fcategories&post=55375"},{"taxonomy":"post_tag","embeddable":true,"href":"https:\/\/israelmagazine.net\/index.php?rest_route=%2Fwp%2Fv2%2Ftags&post=55375"},{"taxonomy":"sujet","embeddable":true,"href":"https:\/\/israelmagazine.net\/index.php?rest_route=%2Fwp%2Fv2%2Fsujet&post=55375"}],"curies":[{"name":"wp","href":"https:\/\/api.w.org\/{rel}","templated":true}]}}