{"id":55382,"date":"2021-04-05T08:25:46","date_gmt":"2021-04-05T05:25:46","guid":{"rendered":"https:\/\/israelmagazine.net\/?p=55382"},"modified":"2021-04-05T08:25:46","modified_gmt":"2021-04-05T05:25:46","slug":"le-changement-climatique-affecte-aussi-israel","status":"publish","type":"post","link":"https:\/\/israelmagazine.net\/?p=55382","title":{"rendered":"Le changement climatique affecte aussi Isra\u00ebl"},"content":{"rendered":"<h3><strong>Le Changement climatique <\/strong><strong>affecte aussi Isra\u00ebl<\/strong><\/h3>\n<p>PAR MICKAEL LAUSTRIAT<\/p>\n<p><strong>Dan Rabinowitz, professeur de sociologie \u00e0 l\\&rsquo;Universit\u00e9 de Tel-Aviv, est pr\u00e9sident de l\\&rsquo;Association pour la justice environnementale en Isra\u00ebl. Il a \u00e9t\u00e9 directeur de la Porter School d\u2019\u00c9tudes environnementales et pr\u00e9sident de Greenpeace M\u00e9diterran\u00e9e. Il a re\u00e7u le prix Pratt pour le journalisme environnemental (2012) et le prix Green Globe pour le leadership environnemental (2016). Les id\u00e9es d\u00e9velopp\u00e9es dans son dernier ouvrage (<em>The Power of Deserts<\/em>) ne sauraient laisser personne indiff\u00e9rent. <\/strong><\/p>\n<p><strong>\u00a0<a href=\\\"https:\/\/israelmagazine.co.il\/le-mystere-du-rapt-des-enfants-yemenites\/\\\">https:\/\/israelmagazine.co.il\/le-mystere-du-rapt-des-enfants-yemenites\/<\/a><\/strong><\/p>\n<h3><strong>Au Moyen-Orient, a-t-on r\u00e9ellement pris conscience des enjeux du climat?<\/strong><\/h3>\n<p>Pour faire face aux incertitudes de l\u2019avenir, les pays les plus d\u00e9velopp\u00e9s de la r\u00e9gion \u2013 le Qatar, les \u00c9mirats arabes unis, l\u2019Arabie Saoudite, Isra\u00ebl et certaines r\u00e9gions de la Turquie \u2013 ont pris l\u2019habitude de faire confiance \u00e0 leur savoir-faire technologique et aux richesses qu\u2019ils ont accumul\u00e9. Nombre de responsables dans le monde sont persuad\u00e9s que, quel que soit le d\u00e9fi, la solution sera technologique. Pour convaincre l\u2019opinion mondiale de l\u2019urgence du probl\u00e8me, il a fallu en septembre 2019, qu\u2019une adolescente de 16 ans, Greta Thunberg, face une apparition m\u00e9morable devant l\u2019Assembl\u00e9e g\u00e9n\u00e9rale des Nations Unies. Elle aura au moins r\u00e9ussi \u00e0 convaincre la jeune g\u00e9n\u00e9ration que nos vieux parents doivent faire quelque chose pour \u00e9viter le chaos.<\/p>\n<p><a href=\\\"https:\/\/israelmagazine.co.il\/joe-biden-est-il-un-ami-disrael\/\\\">https:\/\/israelmagazine.co.il\/joe-biden-est-il-un-ami-disrael\/<\/a><\/p>\n<p>La suite de l\u2019article se trouve dans le prochain num\u00e9ro d\u2019Isra\u00ebl Magazine<\/p>\n<p>D\u00e9couvrez un exemplaire du magazine gratuitement et cliquez ensuite sur le rebord droit d<\/p>\n<p><a href=\\\"https:\/\/fr.calameo.com\/read\/001096500c7f116363325\\\">https:\/\/fr.calameo.com\/read\/001096500c7f116363325<\/a><\/p>\n<p>&nbsp;<\/p>\n<p>Magazine livr\u00e9 chez vous en toute confidentialit\u00e9 S\u2019abonner au magazine par t\u00e9l\u00e9phone ou par whats app 00972 (0) 54 254 45 20 ou au 01 86 98 27 27<\/p>\n<p>Par email\u00a0 Andredarmon21@gmail.com<\/p>\n<p>directement sur le site https:\/\/israelmagazine.co.il\/sabonner-au-magazine\/<\/p>\n<p>Ou encore S\u2019abonner au magazine livr\u00e9 chez vous en toute confidentialit\u00e9. Remplir le formulaire<\/p>\n<p><a href=\\\"https:\/\/docs.google.com\/forms\/d\/e\/1FAIpQLSfPYJfb8KjEya-X17w0DGPAuBlCGvqVUdh_Is8EL810Lxw82A\/viewform?entry.1189475001=Recipient_Email\\\">https:\/\/docs.google.com\/forms\/d\/e\/1FAIpQLSfPYJfb8KjEya-X17w0DGPAuBlCGvqVUdh_Is8EL810Lxw82A\/viewform?entry.1189475001=Recipient_Email<\/a><\/p>\n<p>&nbsp;<\/p>\n","protected":false},"excerpt":{"rendered":"<p>Le Changement climatique affecte aussi Isra\u00ebl PAR MICKAEL LAUSTRIAT Dan Rabinowitz, professeur de sociologie \u00e0 l\\&rsquo;Universit\u00e9 de Tel-Aviv, est pr\u00e9sident de l\\&rsquo;Association pour la justice environnementale en Isra\u00ebl. Il a \u00e9t\u00e9 directeur de la Porter School d\u2019\u00c9tudes environnementales et pr\u00e9sident de Greenpeace M\u00e9diterran\u00e9e. Il a re\u00e7u le prix Pratt pour le journalisme environnemental (2012) et &hellip;<\/p>\n<p class=\"read-more\"> <a class=\"\" href=\"https:\/\/israelmagazine.net\/?p=55382\"> <span class=\"screen-reader-text\">Le changement climatique affecte aussi Isra\u00ebl<\/span> Lire la suite \u00bb<\/a><\/p>\n","protected":false},"author":4,"featured_media":55383,"comment_status":"open","ping_status":"open","sticky":false,"template":"","format":"standard","meta":{"site-sidebar-layout":"default","site-content-layout":"default","ast-global-header-display":"","ast-main-header-display":"","ast-hfb-above-header-display":"","ast-hfb-below-header-display":"","ast-hfb-mobile-header-display":"","site-post-title":"","ast-breadcrumbs-content":"","ast-featured-img":"","footer-sml-layout":"","theme-transparent-header-meta":"","adv-header-id-meta":"","stick-header-meta":"","header-above-stick-meta":"","header-main-stick-meta":"","header-below-stick-meta":""},"categories":[84,1609,1617,1613,1619],"tags":[1063,2549,386,1739,1030,2699,937,2569,1636,877,742],"sujet":[],"_links":{"self":[{"href":"https:\/\/israelmagazine.net\/index.php?rest_route=\/wp\/v2\/posts\/55382"}],"collection":[{"href":"https:\/\/israelmagazine.net\/index.php?rest_route=\/wp\/v2\/posts"}],"about":[{"href":"https:\/\/israelmagazine.net\/index.php?rest_route=\/wp\/v2\/types\/post"}],"author":[{"embeddable":true,"href":"https:\/\/israelmagazine.net\/index.php?rest_route=\/wp\/v2\/users\/4"}],"replies":[{"embeddable":true,"href":"https:\/\/israelmagazine.net\/index.php?rest_route=%2Fwp%2Fv2%2Fcomments&post=55382"}],"version-history":[{"count":0,"href":"https:\/\/israelmagazine.net\/index.php?rest_route=\/wp\/v2\/posts\/55382\/revisions"}],"wp:featuredmedia":[{"embeddable":true,"href":"https:\/\/israelmagazine.net\/index.php?rest_route=\/"}],"wp:attachment":[{"href":"https:\/\/israelmagazine.net\/index.php?rest_route=%2Fwp%2Fv2%2Fmedia&parent=55382"}],"wp:term":[{"taxonomy":"category","embeddable":true,"href":"https:\/\/israelmagazine.net\/index.php?rest_route=%2Fwp%2Fv2%2Fcategories&post=55382"},{"taxonomy":"post_tag","embeddable":true,"href":"https:\/\/israelmagazine.net\/index.php?rest_route=%2Fwp%2Fv2%2Ftags&post=55382"},{"taxonomy":"sujet","embeddable":true,"href":"https:\/\/israelmagazine.net\/index.php?rest_route=%2Fwp%2Fv2%2Fsujet&post=55382"}],"curies":[{"name":"wp","href":"https:\/\/api.w.org\/{rel}","templated":true}]}}