{"id":55394,"date":"2021-04-06T08:51:43","date_gmt":"2021-04-06T05:51:43","guid":{"rendered":"https:\/\/israelmagazine.net\/?p=55394"},"modified":"2021-04-06T08:51:43","modified_gmt":"2021-04-06T05:51:43","slug":"paris-le-covid-je-reviens-de-lenfer","status":"publish","type":"post","link":"https:\/\/israelmagazine.net\/?p=55394","title":{"rendered":"Paris le Covid : Je reviens de l\u2019enfer"},"content":{"rendered":"<h3><strong>Paris le Covid : Je reviens de l\u2019Enfer<\/strong><\/h3>\n<p><strong>Par Andre Darmon<\/strong><\/p>\n<p>Tout commence par un coup de t\u00e9l\u00e9phone, une photo Whaps app envoy\u00e9 \u00e0 mes fr\u00e8res, qui vivent confin\u00e9s \u00e0 Paris depuis la nuit des temps, un coup de fil afin de les moquer gentiment, tout cela de la plage de Tel-Aviv r\u00e9ouverte et exub\u00e9rante. C\u2019est un r\u00e2le qui finalement me r\u00e9pond, celui de l\u2019un de mes fr\u00e8res atteint du Covid depuis 6 jours. Quelques jours longs se passent et j\u2019apprends qu\u2019il a \u00e9t\u00e9 hospitalis\u00e9 d\u2019urgence \u00e0 l\u2019h\u00f4pital Delafontaine \u00e0 St Denis, ses poumons ne fonctionnant plus tr\u00e8s bien. On nous rassure, Delafontaine serait un bon h\u00f4pital. Il est difficile de r\u00e9agir lorsque l\u2019on vous apprend qu\u2019un h\u00f4pital est un bon h\u00f4pital, qu\u2019un autre pourrait \u00eatre meilleur, qu\u2019un autre est excellent, qu\u2019un dernier pourrait \u00eatre mauvais. Les h\u00f4pitaux ne sont -ils pas tous astreints aux m\u00eames r\u00e8gles, n\u2019ont-ils pas les m\u00eames appareils, les m\u00eames machines. Je consulte des m\u00e9decins isra\u00e9liens qui tous me conseill\u00e8rent d\u2019acheter des antibiotiques de la 3eme g\u00e9n\u00e9rations et de les prendre avec moi en France. Je suis perplexe, la France n\u2019at-elle plus d\u2019antibiotiques ? Bien s\u00fbr que la France a des antibiotiques tout comme elle avait, il y a un an, des masques mais qu\u2019elle refusait de distribuer ; des pharmaciens intelligents et compatissants s\u2019\u00e9taient retrouv\u00e9s en prison pour en avoir distribu\u00e9. \u00a0J\u2019apprendrais \u00e0 Paris qu\u2019il y existe des protocoles m\u00e9dicaux, comme dans le monde entier d\u2019ailleurs mais que les protocoles tout comme la bureaucratie fran\u00e7aise et la l\u00e9g\u00e8ret\u00e9 du pr\u00e9sident ont tu\u00e9 d\u00e9j\u00e0 100000 personnes. \u00a0Eberlu\u00e9, j\u2019entendrais Emmanuel Macron affirmer : Nous avons manqu\u00e9 d\u2019ambition pour les vaccins :\u00a0 tr\u00e8s respectueusement, je dirais qu\u2019il a surtout manqu\u00e9 d\u2019intelligence.<\/p>\n<h3>La suite de l\u2019article se trouve dans le prochain num\u00e9ro d\u2019Isra\u00ebl Magazine<\/h3>\n<p>D\u00e9couvrez un exemplaire du magazine gratuitement et cliquez ensuite sur le rebord droit d<\/p>\n<p><a href=\\\"https:\/\/fr.calameo.com\/read\/001096500c7f116363325\\\">https:\/\/fr.calameo.com\/read\/001096500c7f116363325<\/a><\/p>\n<p>&nbsp;<\/p>\n<p>magazine livr\u00e9 chez vous en toute confidentialit\u00e9\u00a0 \u00a0 \u00a0 \u00a0S\u2019abonner au magazine par t\u00e9l\u00e9phone ou par whats app 00972 (0) 54 254 45 20 ou au 01 86 98 27 27<\/p>\n<p>Par email\u00a0 Andredarmon21@gmail.com<\/p>\n<p>directement sur le site https:\/\/israelmagazine.co.il\/sabonner-au-magazine\/<\/p>\n<p>Ou encore S\u2019abonner au magazine livr\u00e9 chez vous en toute confidentialit\u00e9. Remplir le formulaire<\/p>\n<p><a href=\\\"https:\/\/docs.google.com\/forms\/d\/e\/1FAIpQLSfPYJfb8KjEya-X17w0DGPAuBlCGvqVUdh_Is8EL810Lxw82A\/viewform?entry.1189475001=Recipient_Email\\\">https:\/\/docs.google.com\/forms\/d\/e\/1FAIpQLSfPYJfb8KjEya-X17w0DGPAuBlCGvqVUdh_Is8EL810Lxw82A\/viewform?entry.1189475001=Recipient_Email<\/a><\/p>\n","protected":false},"excerpt":{"rendered":"<p>Paris le Covid : Je reviens de l\u2019Enfer Par Andre Darmon Tout commence par un coup de t\u00e9l\u00e9phone, une photo Whaps app envoy\u00e9 \u00e0 mes fr\u00e8res, qui vivent confin\u00e9s \u00e0 Paris depuis la nuit des temps, un coup de fil afin de les moquer gentiment, tout cela de la plage de Tel-Aviv r\u00e9ouverte et exub\u00e9rante. &hellip;<\/p>\n<p class=\"read-more\"> <a class=\"\" href=\"https:\/\/israelmagazine.net\/?p=55394\"> <span class=\"screen-reader-text\">Paris le Covid : Je reviens de l\u2019enfer<\/span> Lire la suite \u00bb<\/a><\/p>\n","protected":false},"author":4,"featured_media":55395,"comment_status":"open","ping_status":"open","sticky":false,"template":"","format":"standard","meta":{"site-sidebar-layout":"default","site-content-layout":"default","ast-global-header-display":"","ast-main-header-display":"","ast-hfb-above-header-display":"","ast-hfb-below-header-display":"","ast-hfb-mobile-header-display":"","site-post-title":"","ast-breadcrumbs-content":"","ast-featured-img":"","footer-sml-layout":"","theme-transparent-header-meta":"","adv-header-id-meta":"","stick-header-meta":"","header-above-stick-meta":"","header-main-stick-meta":"","header-below-stick-meta":""},"categories":[84,1612,2283,1191,1618,1615],"tags":[2346,2119,2904,937,1105,1636,2124,2393,2133],"sujet":[],"_links":{"self":[{"href":"https:\/\/israelmagazine.net\/index.php?rest_route=\/wp\/v2\/posts\/55394"}],"collection":[{"href":"https:\/\/israelmagazine.net\/index.php?rest_route=\/wp\/v2\/posts"}],"about":[{"href":"https:\/\/israelmagazine.net\/index.php?rest_route=\/wp\/v2\/types\/post"}],"author":[{"embeddable":true,"href":"https:\/\/israelmagazine.net\/index.php?rest_route=\/wp\/v2\/users\/4"}],"replies":[{"embeddable":true,"href":"https:\/\/israelmagazine.net\/index.php?rest_route=%2Fwp%2Fv2%2Fcomments&post=55394"}],"version-history":[{"count":0,"href":"https:\/\/israelmagazine.net\/index.php?rest_route=\/wp\/v2\/posts\/55394\/revisions"}],"wp:featuredmedia":[{"embeddable":true,"href":"https:\/\/israelmagazine.net\/index.php?rest_route=\/"}],"wp:attachment":[{"href":"https:\/\/israelmagazine.net\/index.php?rest_route=%2Fwp%2Fv2%2Fmedia&parent=55394"}],"wp:term":[{"taxonomy":"category","embeddable":true,"href":"https:\/\/israelmagazine.net\/index.php?rest_route=%2Fwp%2Fv2%2Fcategories&post=55394"},{"taxonomy":"post_tag","embeddable":true,"href":"https:\/\/israelmagazine.net\/index.php?rest_route=%2Fwp%2Fv2%2Ftags&post=55394"},{"taxonomy":"sujet","embeddable":true,"href":"https:\/\/israelmagazine.net\/index.php?rest_route=%2Fwp%2Fv2%2Fsujet&post=55394"}],"curies":[{"name":"wp","href":"https:\/\/api.w.org\/{rel}","templated":true}]}}