{"id":55515,"date":"2021-05-12T09:19:58","date_gmt":"2021-05-12T06:19:58","guid":{"rendered":"https:\/\/israelmagazine.net\/?p=55515"},"modified":"2021-05-12T09:19:58","modified_gmt":"2021-05-12T06:19:58","slug":"shoah-un-pretre-catholique-livre-volontairement-52-000-juifs-aux-nazis","status":"publish","type":"post","link":"https:\/\/israelmagazine.net\/?p=55515","title":{"rendered":"SHOAH: Un Pr\u00eatre catholique livre volontairement 52 000 Juifs aux nazis.*"},"content":{"rendered":"<ol start=\\\"1942\\\">\n<li>Mars-juin.<\/li>\n<\/ol>\n<p>&nbsp;<\/p>\n<img class=\\\"size-medium wp-image-55516\\\" src=\\\"https:\/\/israelmagazine.co.il\/wp-content\/uploads\/2021\/05\/220px-Bundesarchiv_Bild_146-2010-0049_Josef_Tiso-212x300.jpg\\\" alt=\\\"SHOAH\\\" width=\\\"212\\\" height=\\\"300\\\" \/>\n<h3><strong>Un Pr\u00eatre catholique livre volontairement 52 000 Juifs aux nazis.*<\/strong><\/h3>\n<p>Un comble, en trois mois, le pr\u00e9sident de la Slovaquie Mgr Tiso envoie 60% des Juifs du pays \u00e0 la mort alors que son pays n\u2019est pas occup\u00e9 par les nazis. Au lieu de l\u2019excommunier, le Pape se contente de remontrances !<\/p>\n<p>Copyright Marc-Andr\u00e9 Chargu\u00e9raud. Gen\u00e8ve. 2021.et Isra\u00ebl Magazine<\/p>\n<p>Marc-Andr\u00e9 Chargu\u00e9raud<\/p>\n<h3>la Slovaquie, pays qui n\u2019est pas occup\u00e9 par la Wehmach<\/h3>\n<p><a href=\\\"https:\/\/israelmagazine.co.il\/interview-francis-exclusive-lalanne\/\\\">https:\/\/israelmagazine.co.il\/interview-francis-exclusive-lalanne\/<\/a><\/p>\n<p>De mars \u00e0 juin 1942, la Slovaquie, pays qui n\u2019est pas occup\u00e9 par la Wehmacht, a livr\u00e9 aux Allemands 60% des Juifs qui vivent sur son territoire, soit 52 000 sur 87 000. \u00ab Le premier pays apr\u00e8s le Reich \u00e0 d\u00e9porter des Juifs \u00bb vers les camps de la mort en Pologne. Si nombreux, si t\u00f4t, pendant les premi\u00e8res semaines de la Shoah, si rapidement, en trois mois, un triple record qui condamne les dirigeants politiques du pays et au premier rang son pr\u00e9sident, un pr\u00eatre catholique, Mgr. Josef Tiso.<\/p>\n<p>Les t\u00e9moins ne se font aucune illusion sur le sort de ces Juifs. Mgr. Guiseppe Burzio, le charg\u00e9 d\u2019affaires du Vatican \u00e0 Bratislava, t\u00e9l\u00e9graphie \u00e0 Rome le 9 mars 1942 que le Premier ministre Vojtekh Tuka lui a confirm\u00e9 que \u00ab la d\u00e9portation de 80 000 personnes en Pologne \u00e0 la merci des Allemands \u00e9quivaut \u00e0 en condamner une grande partie \u00e0 une mort certaine \u00bb Simultan\u00e9ment Mgr. Angelo Rotta, nonce \u00e0 Budapest, \u00e9crit \u00e0 Pie XII : (les d\u00e9port\u00e9s) sont promis \u00ab \u00e0 une destruction certaine et \u00e0 la mort. Ils placent leurs espoirs et leur confiance dans sa Saintet\u00e9. \u00bb Peu apr\u00e8s le d\u00e9but des d\u00e9portations, le Vatican r\u00e9agit. Deux notes d\u2019une port\u00e9e limit\u00e9e sont remises \u00e0 Tuka. Rome y explique que c\u2019est une erreur de croire que l\u2019on envoie les Juifs dans le gouvernement central pour le service du travail : ils y sont extermin\u00e9s.<\/p>\n<p>La suite de l\u2019article se trouve dans le prochain num\u00e9ro d\u2019Isra\u00ebl Magazine<\/p>\n<p><a href=\\\"https:\/\/israelmagazine.co.il\/acquisition-de-terres-en-judee-samarie-par-le-kkl\/\\\">https:\/\/israelmagazine.co.il\/acquisition-de-terres-en-judee-samarie-par-le-kkl\/<\/a><\/p>\n<p>D\u00e9couvrez un exemplaire du magazine gratuitement et cliquez ensuite sur le rebord droit d<\/p>\n<p><a href=\\\"https:\/\/fr.calameo.com\/read\/001096500c7f116363325\\\">https:\/\/fr.calameo.com\/read\/001096500c7f116363325<\/a><\/p>\n<p>&nbsp;<\/p>\n<p>magazine livr\u00e9 chez vous en toute confidentialit\u00e9 S\u2019abonner au magazine par t\u00e9l\u00e9phone ou par whats app 00972 (0) 54 254 45 20 ou au 01 86 98 27 27<\/p>\n<p>Par email\u00a0 Andredarmon21@gmail.com<\/p>\n<p>directement sur le site https:\/\/israelmagazine.co.il\/sabonner-au-magazine\/<\/p>\n<p>Ou encore S\u2019abonner au magazine livr\u00e9 chez vous en toute confidentialit\u00e9. Remplir le formulaire<\/p>\n<p><a href=\\\"https:\/\/docs.google.com\/forms\/d\/e\/1FAIpQLSfPYJfb8KjEya-X17w0DGPAuBlCGvqVUdh_Is8EL810Lxw82A\/viewform?entry.1189475001=Recipient_Email\\\">https:\/\/docs.google.com\/forms\/d\/e\/1FAIpQLSfPYJfb8KjEya-X17w0DGPAuBlCGvqVUdh_Is8EL810Lxw82A\/viewform?entry.1189475001=Recipient_Email<\/a><\/p>\n<p>&nbsp;<\/p>\n","protected":false},"excerpt":{"rendered":"<p>Mars-juin. &nbsp; Un Pr\u00eatre catholique livre volontairement 52 000 Juifs aux nazis.* Un comble, en trois mois, le pr\u00e9sident de la Slovaquie Mgr Tiso envoie 60% des Juifs du pays \u00e0 la mort alors que son pays n\u2019est pas occup\u00e9 par les nazis. Au lieu de l\u2019excommunier, le Pape se contente de remontrances ! Copyright &hellip;<\/p>\n<p class=\"read-more\"> <a class=\"\" href=\"https:\/\/israelmagazine.net\/?p=55515\"> <span class=\"screen-reader-text\">SHOAH: Un Pr\u00eatre catholique livre volontairement 52 000 Juifs aux nazis.*<\/span> Lire la suite \u00bb<\/a><\/p>\n","protected":false},"author":4,"featured_media":55516,"comment_status":"open","ping_status":"open","sticky":false,"template":"","format":"standard","meta":{"site-sidebar-layout":"default","site-content-layout":"default","ast-global-header-display":"","ast-main-header-display":"","ast-hfb-above-header-display":"","ast-hfb-below-header-display":"","ast-hfb-mobile-header-display":"","site-post-title":"","ast-breadcrumbs-content":"","ast-featured-img":"","footer-sml-layout":"","theme-transparent-header-meta":"","adv-header-id-meta":"","stick-header-meta":"","header-above-stick-meta":"","header-main-stick-meta":"","header-below-stick-meta":""},"categories":[84,814,1609,1613],"tags":[1635,2699,815,1700,937],"sujet":[],"_links":{"self":[{"href":"https:\/\/israelmagazine.net\/index.php?rest_route=\/wp\/v2\/posts\/55515"}],"collection":[{"href":"https:\/\/israelmagazine.net\/index.php?rest_route=\/wp\/v2\/posts"}],"about":[{"href":"https:\/\/israelmagazine.net\/index.php?rest_route=\/wp\/v2\/types\/post"}],"author":[{"embeddable":true,"href":"https:\/\/israelmagazine.net\/index.php?rest_route=\/wp\/v2\/users\/4"}],"replies":[{"embeddable":true,"href":"https:\/\/israelmagazine.net\/index.php?rest_route=%2Fwp%2Fv2%2Fcomments&post=55515"}],"version-history":[{"count":0,"href":"https:\/\/israelmagazine.net\/index.php?rest_route=\/wp\/v2\/posts\/55515\/revisions"}],"wp:featuredmedia":[{"embeddable":true,"href":"https:\/\/israelmagazine.net\/index.php?rest_route=\/"}],"wp:attachment":[{"href":"https:\/\/israelmagazine.net\/index.php?rest_route=%2Fwp%2Fv2%2Fmedia&parent=55515"}],"wp:term":[{"taxonomy":"category","embeddable":true,"href":"https:\/\/israelmagazine.net\/index.php?rest_route=%2Fwp%2Fv2%2Fcategories&post=55515"},{"taxonomy":"post_tag","embeddable":true,"href":"https:\/\/israelmagazine.net\/index.php?rest_route=%2Fwp%2Fv2%2Ftags&post=55515"},{"taxonomy":"sujet","embeddable":true,"href":"https:\/\/israelmagazine.net\/index.php?rest_route=%2Fwp%2Fv2%2Fsujet&post=55515"}],"curies":[{"name":"wp","href":"https:\/\/api.w.org\/{rel}","templated":true}]}}