{"id":55525,"date":"2021-05-20T09:31:56","date_gmt":"2021-05-20T06:31:56","guid":{"rendered":"https:\/\/israelmagazine.net\/?p=55525"},"modified":"2021-05-20T09:31:56","modified_gmt":"2021-05-20T06:31:56","slug":"entretien-exclusif-avec-gilbert-collard","status":"publish","type":"post","link":"https:\/\/israelmagazine.net\/?p=55525","title":{"rendered":"ENTRETIEN EXCLUSIF avec GILBERT COLLARD"},"content":{"rendered":"<h3><strong><u>ENTRETIEN EXCLUSIF Avec \u00a0GILBERT COLLARD<\/u><\/strong><\/h3>\n<p>tous droits r\u00e9serv\u00e9s Isra\u00ebl Magazine<\/p>\n<p><strong><em>France \/ Isra\u00ebl : Il y a aujourd\\&rsquo;hui une internationale de l\\&rsquo;islamisme radical <\/em><\/strong><\/p>\n<h4>Gilbert Collard a un parcours hors-norme : ancien trotskiste, soutien de\u00a0<a href=\\\"https:\/\/www.lepoint.fr\/tags\/francois-mitterrand\\\">Fran\u00e7ois Mitterrand<\/a>\u00a0et militant du MRAP, il a fait son entr\u00e9e en 2012 \u00e0 l\u2019Assembl\u00e9e nationale en tant que d\u00e9put\u00e9 Rassemblement Bleu Marine du Gard.<\/h4>\n<p><a href=\\\"https:\/\/israelmagazine.co.il\/le-debut-de-la-fin-pour-le-regne-de-binyamin-netanyahou\/\\\">https:\/\/israelmagazine.co.il\/le-debut-de-la-fin-pour-le-regne-de-binyamin-netanyahou\/<\/a><\/p>\n<p>Le 28 novembre 2014, \u00e0 la tribune de l\\&rsquo;Assembl\u00e9e, dans une intervention forte, \u00e9mouvante et courageuse, l\\&rsquo;avocat marseillais, dont les joutes oratoires sont bien connues des pr\u00e9toires, d\u00e9clara : \\\u00a0\u00bbSi vous reconnaissez aujourd\u2019hui l\u2019Etat de Palestine, vous embrassez le Hamas, le terrorisme, la haine, vous embrassez la mort.\\\u00a0\u00bb<\/p>\n<p>Le 26 mai 2019, il fut \u00e9lu d\u00e9put\u00e9 europ\u00e9en sur la liste du Rassemblement national (RN)<strong><em>. <\/em><\/strong><\/p>\n<p>C\\&rsquo;est un fait : l\\&rsquo;homme, avocat de parties civiles dans le proc\u00e8s Barbie, et d\u00e9fenseur des familles dans le proc\u00e8s de la profanation des tombes de Carpentras, est aussi un ami du peuple juif et un v\u00e9ritable d\u00e9fenseur de l\\&rsquo;Etat h\u00e9breu. Mais cette hirondelle, autobaptis\u00e9e orchidoclaste (litt\u00e9ralement, \\\u00a0\u00bbcasse-couilles\\\u00a0\u00bb) d\u00e9mocratique, fait-elle le printemps philos\u00e9mite au Rassemblement National ?<\/p>\n<p><a href=\\\"https:\/\/israelmagazine.co.il\/mirit-harari-la-grande-dame-aux-cheveux-courts\/\\\">https:\/\/israelmagazine.co.il\/mirit-harari-la-grande-dame-aux-cheveux-courts\/<\/a><\/p>\n<h3>Il a r\u00e9pondu \u00e0 nos questions avec bienveillance. Entretien sans tabous ni faux-fuyants.<\/h3>\n<h3><strong>Si Marine Le Pen est \u00e9lue, l\\&rsquo;Ambassade de France sera transf\u00e9r\u00e9e \u00e0 J\u00e9rusalem.<\/strong><\/h3>\n<p><strong><em>\u00a0&#8211; En Isra\u00ebl comme en Europe, n\\&rsquo;est-ce pas le m\u00eame et unique combat : l\\&rsquo;islamisation et la djihadisation de la g\u00e9opolitique ?<\/em><\/strong><\/p>\n<p>&#8211; Tout \u00e0 fait. J\\&rsquo;avais dit au Parlement fran\u00e7ais qu\\&rsquo;Isra\u00ebl est le dernier bastion de l\\&rsquo;Occident au Proche-Orient. Et c\\&rsquo;est ce bastion occidental que l\\&rsquo;on veut d\u00e9raciner. J\\&rsquo;observe que le conflit maintenant se d\u00e9place sur deux fronts : le front ext\u00e9rieur d\\&rsquo;une part, le front int\u00e9rieur d\\&rsquo;autre part, une guerre urbaine que nous appellerions en France \\\u00a0\u00bbla guerre des banlieues\\\u00a0\u00bb, et que vous pourriez appeler \\\u00a0\u00bbla guerre des quartiers\\\u00a0\u00bb &#8211; cette trouvaille de l\\&rsquo;extr\u00e9misme islamo-gauchiste qui est parvenue \u00e0 transporter le conflit sur les territoires o\u00f9 il a pu s\\&rsquo;installer.<\/p>\n<p>Je fais un lien \u00e9vident entre la volont\u00e9 de l\\&rsquo;islamisation radicale en France et ce qui se passe en Isra\u00ebl.<\/p>\n<p>La suite de l\u2019article se trouve dans le prochain num\u00e9ro d\u2019Isra\u00ebl Magazine<\/p>\n<p>D\u00e9couvrez un exemplaire du magazine gratuitement et cliquez ensuite sur le rebord droit d<\/p>\n<p><a href=\\\"https:\/\/fr.calameo.com\/read\/001096500c7f116363325\\\">https:\/\/fr.calameo.com\/read\/001096500c7f116363325<\/a><\/p>\n<p>magazine livr\u00e9 chez vous en toute confidentialit\u00e9 S\u2019abonner au magazine par t\u00e9l\u00e9phone ou par whats app 00972 (0) 54 254 45 20 ou au 01 86 98 27 27<\/p>\n<p>Par email\u00a0 Andredarmon21@gmail.com<\/p>\n<p>directement sur le site https:\/\/israelmagazine.co.il\/sabonner-au-magazine\/<\/p>\n<p>Ou encore S\u2019abonner au magazine livr\u00e9 chez vous en toute confidentialit\u00e9. Remplir le formulaire<\/p>\n<p><a href=\\\"https:\/\/docs.google.com\/forms\/d\/e\/1FAIpQLSfPYJfb8KjEya-X17w0DGPAuBlCGvqVUdh_Is8EL810Lxw82A\/viewform?entry.1189475001=Recipient_Email\\\">https:\/\/docs.google.com\/forms\/d\/e\/1FAIpQLSfPYJfb8KjEya-X17w0DGPAuBlCGvqVUdh_Is8EL810Lxw82A\/viewform?entry.1189475001=Recipient_Email<\/a><\/p>\n<p>&nbsp;<\/p>\n<p>&nbsp;<\/p>\n","protected":false},"excerpt":{"rendered":"<p>ENTRETIEN EXCLUSIF Avec \u00a0GILBERT COLLARD tous droits r\u00e9serv\u00e9s Isra\u00ebl Magazine France \/ Isra\u00ebl : Il y a aujourd\\&rsquo;hui une internationale de l\\&rsquo;islamisme radical Gilbert Collard a un parcours hors-norme : ancien trotskiste, soutien de\u00a0Fran\u00e7ois Mitterrand\u00a0et militant du MRAP, il a fait son entr\u00e9e en 2012 \u00e0 l\u2019Assembl\u00e9e nationale en tant que d\u00e9put\u00e9 Rassemblement Bleu Marine &hellip;<\/p>\n<p class=\"read-more\"> <a class=\"\" href=\"https:\/\/israelmagazine.net\/?p=55525\"> <span class=\"screen-reader-text\">ENTRETIEN EXCLUSIF avec GILBERT COLLARD<\/span> Lire la suite \u00bb<\/a><\/p>\n","protected":false},"author":4,"featured_media":55526,"comment_status":"open","ping_status":"open","sticky":false,"template":"","format":"standard","meta":{"site-sidebar-layout":"default","site-content-layout":"default","ast-global-header-display":"","ast-main-header-display":"","ast-hfb-above-header-display":"","ast-hfb-below-header-display":"","ast-hfb-mobile-header-display":"","site-post-title":"","ast-breadcrumbs-content":"","ast-featured-img":"","footer-sml-layout":"","theme-transparent-header-meta":"","adv-header-id-meta":"","stick-header-meta":"","header-above-stick-meta":"","header-main-stick-meta":"","header-below-stick-meta":""},"categories":[84,1821,2283],"tags":[1063,825,2909,1635,845,2699,1474,955,1700],"sujet":[],"_links":{"self":[{"href":"https:\/\/israelmagazine.net\/index.php?rest_route=\/wp\/v2\/posts\/55525"}],"collection":[{"href":"https:\/\/israelmagazine.net\/index.php?rest_route=\/wp\/v2\/posts"}],"about":[{"href":"https:\/\/israelmagazine.net\/index.php?rest_route=\/wp\/v2\/types\/post"}],"author":[{"embeddable":true,"href":"https:\/\/israelmagazine.net\/index.php?rest_route=\/wp\/v2\/users\/4"}],"replies":[{"embeddable":true,"href":"https:\/\/israelmagazine.net\/index.php?rest_route=%2Fwp%2Fv2%2Fcomments&post=55525"}],"version-history":[{"count":0,"href":"https:\/\/israelmagazine.net\/index.php?rest_route=\/wp\/v2\/posts\/55525\/revisions"}],"wp:featuredmedia":[{"embeddable":true,"href":"https:\/\/israelmagazine.net\/index.php?rest_route=\/"}],"wp:attachment":[{"href":"https:\/\/israelmagazine.net\/index.php?rest_route=%2Fwp%2Fv2%2Fmedia&parent=55525"}],"wp:term":[{"taxonomy":"category","embeddable":true,"href":"https:\/\/israelmagazine.net\/index.php?rest_route=%2Fwp%2Fv2%2Fcategories&post=55525"},{"taxonomy":"post_tag","embeddable":true,"href":"https:\/\/israelmagazine.net\/index.php?rest_route=%2Fwp%2Fv2%2Ftags&post=55525"},{"taxonomy":"sujet","embeddable":true,"href":"https:\/\/israelmagazine.net\/index.php?rest_route=%2Fwp%2Fv2%2Fsujet&post=55525"}],"curies":[{"name":"wp","href":"https:\/\/api.w.org\/{rel}","templated":true}]}}