{"id":55560,"date":"2021-05-27T14:38:23","date_gmt":"2021-05-27T11:38:23","guid":{"rendered":"https:\/\/israelmagazine.net\/?p=55560"},"modified":"2021-05-27T14:38:23","modified_gmt":"2021-05-27T11:38:23","slug":"gaby-ashkenazi-convoque-lambassadeur-de-france-pour-reprimande","status":"publish","type":"post","link":"https:\/\/israelmagazine.net\/?p=55560","title":{"rendered":"Gaby Ashkenazi convoque l\\&rsquo;ambassadeur de France pour r\u00e9primande"},"content":{"rendered":"<div id=\\\"m_4498257933840407229gmail-article-header\\\">\n<img class=\\\"size-medium wp-image-54901\\\" src=\\\"https:\/\/israelmagazine.co.il\/wp-content\/uploads\/2020\/11\/IsraMag239-e1608806320930-300x284.jpg\\\" alt=\\\"Elections\\\" width=\\\"300\\\" height=\\\"284\\\" \/>\n<p>Le ministre des Affaires \u00e9trang\u00e8res, Gaby Ashkenazi a convoqu\u00e9 l\\&rsquo;ambassadeur de France \u00e0 son bureau ce matin (jeudi) pour une r\u00e9primande. C\\&rsquo;est dans le contexte des propos du ministre fran\u00e7ais des Affaires \u00e9trang\u00e8res, Jean-Yves Le Drian, qui a affirm\u00e9 qu\\&rsquo;\u00abIsra\u00ebl est en passe de devenir un \u00c9tat d\\&rsquo;apartheid\u00bb. Ashkenazi a pr\u00e9cis\u00e9 \u00e0 l\\&rsquo;ambassadeur que les paroles de Drian sont inacceptables, infond\u00e9es et loin de la r\u00e9alit\u00e9 et qu\\&rsquo;Isra\u00ebl les rejette cat\u00e9goriquement. Il a en outre \u00e9t\u00e9 soulign\u00e9 que \\\u00a0\u00bbIsra\u00ebl attend de ses amis qu\\&rsquo;ils ne s\\&rsquo;expriment pas d\\&rsquo;une mani\u00e8re irresponsable qui donne lieu \u00e0 des \u00e9l\u00e9ments extr\u00e9mistes et \u00e0 des activit\u00e9s anti-isra\u00e9liennes\\\u00a0\u00bb. Apr\u00e8s que le ministre fran\u00e7ais des Affaires \u00e9trang\u00e8res ait d\u00e9clar\u00e9 qu \\&rsquo;\\\u00a0\u00bbIsra\u00ebl est en passe de devenir un \u00c9tat d\\&rsquo;apartheid\\\u00a0\u00bb. Isra\u00ebl est un \u00c9tat d\u00e9mocratique respectueux des lois &#8211; ces declarations fantaisistes choses r\u00e9compensent les organisations terroristes\\\u00a0\u00bb.\u00a0 Ne parlons de Jean Castex qui, parait-il, est Premier ministre en France.( NDLR).<\/p>\n<p>La suite de l\u2019article se trouve dans le prochain num\u00e9ro d\u2019Isra\u00ebl Magazine<\/p>\n<p>D\u00e9couvrez un exemplaire du magazine gratuitement et cliquez ensuite sur le rebord droit d<\/p>\n<p><a href=\\\"https:\/\/fr.calameo.com\/read\/001096500c7f116363325\\\">https:\/\/fr.calameo.com\/read\/001096500c7f116363325<\/a><\/p>\n<p>&nbsp;<\/p>\n<p>magazine livr\u00e9 chez vous en toute confidentialit\u00e9 S\u2019abonner au magazine par t\u00e9l\u00e9phone ou par whats app 00972 (0) 54 254 45 20 ou au 01 86 98 27 27<\/p>\n<p>Par email\u00a0 Andredarmon21@gmail.com<\/p>\n<p>directement sur le site https:\/\/israelmagazine.co.il\/sabonner-au-magazine\/<\/p>\n<p>Ou encore S\u2019abonner au magazine livr\u00e9 chez vous en toute confidentialit\u00e9. Remplir le formulaire<\/p>\n<p><a href=\\\"https:\/\/docs.google.com\/forms\/d\/e\/1FAIpQLSfPYJfb8KjEya-X17w0DGPAuBlCGvqVUdh_Is8EL810Lxw82A\/viewform?entry.1189475001=Recipient_Email\\\">https:\/\/docs.google.com\/forms\/d\/e\/1FAIpQLSfPYJfb8KjEya-X17w0DGPAuBlCGvqVUdh_Is8EL810Lxw82A\/viewform?entry.1189475001=Recipient_Email<\/a><\/p>\n<p>&nbsp;<\/p>\n<p>&nbsp;<\/p>\n<div>\n<div id=\\\"m_4498257933840407229gmail-author-and-date\\\"><\/div>\n<\/div>\n<\/div>\n<div>\n<div class=\\\"yj6qo\\\"><\/div>\n<div class=\\\"adL\\\">\n<div>\n<div id=\\\"m_4498257933840407229gmail-div-gpt-ad-1520239573471-4\\\"><\/div>\n<\/div>\n<\/div>\n<\/div>\n","protected":false},"excerpt":{"rendered":"<p>Le ministre des Affaires \u00e9trang\u00e8res, Gaby Ashkenazi a convoqu\u00e9 l\\&rsquo;ambassadeur de France \u00e0 son bureau ce matin (jeudi) pour une r\u00e9primande. C\\&rsquo;est dans le contexte des propos du ministre fran\u00e7ais des Affaires \u00e9trang\u00e8res, Jean-Yves Le Drian, qui a affirm\u00e9 qu\\&rsquo;\u00abIsra\u00ebl est en passe de devenir un \u00c9tat d\\&rsquo;apartheid\u00bb. Ashkenazi a pr\u00e9cis\u00e9 \u00e0 l\\&rsquo;ambassadeur que les &hellip;<\/p>\n<p class=\"read-more\"> <a class=\"\" href=\"https:\/\/israelmagazine.net\/?p=55560\"> <span class=\"screen-reader-text\">Gaby Ashkenazi convoque l\\&rsquo;ambassadeur de France pour r\u00e9primande<\/span> Lire la suite \u00bb<\/a><\/p>\n","protected":false},"author":4,"featured_media":54848,"comment_status":"open","ping_status":"open","sticky":false,"template":"","format":"standard","meta":{"site-sidebar-layout":"default","site-content-layout":"default","ast-global-header-display":"","ast-main-header-display":"","ast-hfb-above-header-display":"","ast-hfb-below-header-display":"","ast-hfb-mobile-header-display":"","site-post-title":"","ast-breadcrumbs-content":"","ast-featured-img":"","footer-sml-layout":"","theme-transparent-header-meta":"","adv-header-id-meta":"","stick-header-meta":"","header-above-stick-meta":"","header-main-stick-meta":"","header-below-stick-meta":""},"categories":[41],"tags":[1063,825,1739,2346,2699,881,1001,955,815,1700,2569],"sujet":[],"_links":{"self":[{"href":"https:\/\/israelmagazine.net\/index.php?rest_route=\/wp\/v2\/posts\/55560"}],"collection":[{"href":"https:\/\/israelmagazine.net\/index.php?rest_route=\/wp\/v2\/posts"}],"about":[{"href":"https:\/\/israelmagazine.net\/index.php?rest_route=\/wp\/v2\/types\/post"}],"author":[{"embeddable":true,"href":"https:\/\/israelmagazine.net\/index.php?rest_route=\/wp\/v2\/users\/4"}],"replies":[{"embeddable":true,"href":"https:\/\/israelmagazine.net\/index.php?rest_route=%2Fwp%2Fv2%2Fcomments&post=55560"}],"version-history":[{"count":0,"href":"https:\/\/israelmagazine.net\/index.php?rest_route=\/wp\/v2\/posts\/55560\/revisions"}],"wp:featuredmedia":[{"embeddable":true,"href":"https:\/\/israelmagazine.net\/index.php?rest_route=\/"}],"wp:attachment":[{"href":"https:\/\/israelmagazine.net\/index.php?rest_route=%2Fwp%2Fv2%2Fmedia&parent=55560"}],"wp:term":[{"taxonomy":"category","embeddable":true,"href":"https:\/\/israelmagazine.net\/index.php?rest_route=%2Fwp%2Fv2%2Fcategories&post=55560"},{"taxonomy":"post_tag","embeddable":true,"href":"https:\/\/israelmagazine.net\/index.php?rest_route=%2Fwp%2Fv2%2Ftags&post=55560"},{"taxonomy":"sujet","embeddable":true,"href":"https:\/\/israelmagazine.net\/index.php?rest_route=%2Fwp%2Fv2%2Fsujet&post=55560"}],"curies":[{"name":"wp","href":"https:\/\/api.w.org\/{rel}","templated":true}]}}