{"id":55566,"date":"2021-05-30T06:54:07","date_gmt":"2021-05-30T03:54:07","guid":{"rendered":"https:\/\/israelmagazine.net\/?p=55566"},"modified":"2021-05-30T06:54:07","modified_gmt":"2021-05-30T03:54:07","slug":"naftali-bennet-premier-ministre","status":"publish","type":"post","link":"https:\/\/israelmagazine.net\/?p=55566","title":{"rendered":"Naftali Bennet Premier ministre\u00a0?"},"content":{"rendered":"<p><strong>Derni\u00e8re minute<\/strong><\/p>\n<img class=\\\"size-medium wp-image-55567\\\" src=\\\"https:\/\/israelmagazine.co.il\/wp-content\/uploads\/2021\/05\/couv-246-233x300.jpg\\\" alt=\\\"Ben GVIR\\\" width=\\\"233\\\" height=\\\"300\\\" \/>\n<h3>Naftali Bennet Premier ministre\u00a0?<\/h3>\n<p>Ce Samedi 29 mai 2021, 22h20\u00a0; le magazine est achev\u00e9, pr\u00eat \u00e0 \u00eatre envoy\u00e9 \u00e0 l\u2019imprimerie, mais voil\u00e0 que les agences de presse annoncent qu\u2019un accord de gouvernement est imminent et que Naftali Bennet est sur le point de d\u00e9clarer qu\u2019il a r\u00e9ussi avec Yair Lapid \u00e0 constituer un gouvernement. Ce n\u2019est pas tout \u00e0 fait le sc\u00e9nario auquel nous nous \u00e9tions pr\u00e9par\u00e9s et il n\u2019est pas certain non plus qu\u2019il s\u2019accomplisse. Que s\u2019est -il donc pass\u00e9\u00a0? D\u2019abord il est \u00e0 remarquer que Naftali Bennet a chang\u00e9 compl\u00e9tement d\u2019opinion et de strat\u00e9gie et cela deux fois en moins de 15 jours. Et il est revenu piteusement n\u00e9gocier avec Lapid, alors que pendant le conflit avec le Hamas, il avait dit qu\u2019il abandonnait cette id\u00e9e sous la pression parait-il, d\u2019Ayelet Shaked mais surtout \u00e0 cause renoncement de l\u2019un des membres de Yamina, Chikli, \u00e0 soutenir un gouvernement de gauche. Je ne sais si Naftali Bennet sera d\u00e9sign\u00e9 comme prochain Premier ministre mais je dois avouer qu\u2019est dangereuse pour le pays cette instabilit\u00e9 de jugement, cet abandon des valeurs de droite pour lesquelles il a \u00e9t\u00e9 \u00e9lu afin d\u2019aller pactiser avec des partis qui pr\u00e9conisent exactement le contraire de tout ce qu\u2019il pr\u00f4ne depuis toujours. Comment Bennet fera-t-il pour se d\u00e9faire-t-il d\u2019Avoda ou de Merets en cas de volont\u00e9 de construction juive en Jud\u00e9e Samarie, ces deux partis \u00e9tant depuis toujours partisans de rec\u00e9der cette r\u00e9gion aux Palestiniens. Comment Bennet fera-t-il pour conserver une majorit\u00e9 et \u00e0 la Knesset et au gouvernement en cas d\u2019autre conflit avec les Palestiniens car il n\u2019aura plus alors le soutien m\u00eame de l\u2019ext\u00e9rieur des d\u00e9put\u00e9s arabes qui sont cens\u00e9s entrer dans la coalition. Comment fera-t-il pour faire \u00e9voluer la Cour supr\u00eame pour plus d\u2019\u00e9quilibre si la pr\u00e9sidente d\u2019Avoda, Meirav Micgaeli fait partie de la commission de nomination des juges et que Benny Gants selon certaines rumeurs aurait un doit de veto comme il l\u2019avait avec Netanyahou.<\/p>\n<h3>La suite de l\u2019article se trouve dans le prochain num\u00e9ro d\u2019Isra\u00ebl Magazine<\/h3>\n<p>D\u00e9couvrez un exemplaire du magazine gratuitement et cliquez ensuite sur le rebord droit d<\/p>\n<p>&nbsp;<\/p>\n<p><a href=\\\"https:\/\/fr.calameo.com\/read\/001096500c7f116363325\\\">https:\/\/fr.calameo.com\/read\/001096500c7f116363325<\/a><\/p>\n<p><a href=\\\"https:\/\/fr.calameo.com\/read\/001096500c7f116363325\\\">https:\/\/fr.calameo.com\/read\/001096500c7f116363325<\/a><\/p>\n<p>&nbsp;<\/p>\n<p>magazine livr\u00e9 chez vous en toute confidentialit\u00e9 S\u2019abonner au magazine par t\u00e9l\u00e9phone ou par whats app 00972 (0) 54 254 45 20 ou au 01 86 98 27 27<\/p>\n<p>Par email\u00a0 Andredarmon21@gmail.com<\/p>\n<p>directement sur le site https:\/\/israelmagazine.co.il\/sabonner-au-magazine\/<\/p>\n<p>Ou encore S\u2019abonner au magazine livr\u00e9 chez vous en toute confidentialit\u00e9. Remplir le formulaire<\/p>\n<p><a href=\\\"https:\/\/docs.google.com\/forms\/d\/e\/1FAIpQLSfPYJfb8KjEya-X17w0DGPAuBlCGvqVUdh_Is8EL810Lxw82A\/viewform?entry.1189475001=Recipient_Email\\\">https:\/\/docs.google.com\/forms\/d\/e\/1FAIpQLSfPYJfb8KjEya-X17w0DGPAuBlCGvqVUdh_Is8EL810Lxw82A\/viewform?entry.1189475001=Recipient_Email<\/a><\/p>\n<p>&nbsp;<\/p>\n<p>&nbsp;<\/p>\n<p>&nbsp;<\/p>\n<p>&nbsp;<\/p>\n","protected":false},"excerpt":{"rendered":"<p>Derni\u00e8re minute Naftali Bennet Premier ministre\u00a0? Ce Samedi 29 mai 2021, 22h20\u00a0; le magazine est achev\u00e9, pr\u00eat \u00e0 \u00eatre envoy\u00e9 \u00e0 l\u2019imprimerie, mais voil\u00e0 que les agences de presse annoncent qu\u2019un accord de gouvernement est imminent et que Naftali Bennet est sur le point de d\u00e9clarer qu\u2019il a r\u00e9ussi avec Yair Lapid \u00e0 constituer un &hellip;<\/p>\n<p class=\"read-more\"> <a class=\"\" href=\"https:\/\/israelmagazine.net\/?p=55566\"> <span class=\"screen-reader-text\">Naftali Bennet Premier ministre\u00a0?<\/span> Lire la suite \u00bb<\/a><\/p>\n","protected":false},"author":4,"featured_media":55567,"comment_status":"open","ping_status":"open","sticky":false,"template":"","format":"standard","meta":{"site-sidebar-layout":"default","site-content-layout":"default","ast-global-header-display":"","ast-main-header-display":"","ast-hfb-above-header-display":"","ast-hfb-below-header-display":"","ast-hfb-mobile-header-display":"","site-post-title":"","ast-breadcrumbs-content":"","ast-featured-img":"","footer-sml-layout":"","theme-transparent-header-meta":"","adv-header-id-meta":"","stick-header-meta":"","header-above-stick-meta":"","header-main-stick-meta":"","header-below-stick-meta":""},"categories":[84,1612,1611,1673],"tags":[2914,1739,2346,1635,810,2699,1628,937,383],"sujet":[],"_links":{"self":[{"href":"https:\/\/israelmagazine.net\/index.php?rest_route=\/wp\/v2\/posts\/55566"}],"collection":[{"href":"https:\/\/israelmagazine.net\/index.php?rest_route=\/wp\/v2\/posts"}],"about":[{"href":"https:\/\/israelmagazine.net\/index.php?rest_route=\/wp\/v2\/types\/post"}],"author":[{"embeddable":true,"href":"https:\/\/israelmagazine.net\/index.php?rest_route=\/wp\/v2\/users\/4"}],"replies":[{"embeddable":true,"href":"https:\/\/israelmagazine.net\/index.php?rest_route=%2Fwp%2Fv2%2Fcomments&post=55566"}],"version-history":[{"count":0,"href":"https:\/\/israelmagazine.net\/index.php?rest_route=\/wp\/v2\/posts\/55566\/revisions"}],"wp:featuredmedia":[{"embeddable":true,"href":"https:\/\/israelmagazine.net\/index.php?rest_route=\/"}],"wp:attachment":[{"href":"https:\/\/israelmagazine.net\/index.php?rest_route=%2Fwp%2Fv2%2Fmedia&parent=55566"}],"wp:term":[{"taxonomy":"category","embeddable":true,"href":"https:\/\/israelmagazine.net\/index.php?rest_route=%2Fwp%2Fv2%2Fcategories&post=55566"},{"taxonomy":"post_tag","embeddable":true,"href":"https:\/\/israelmagazine.net\/index.php?rest_route=%2Fwp%2Fv2%2Ftags&post=55566"},{"taxonomy":"sujet","embeddable":true,"href":"https:\/\/israelmagazine.net\/index.php?rest_route=%2Fwp%2Fv2%2Fsujet&post=55566"}],"curies":[{"name":"wp","href":"https:\/\/api.w.org\/{rel}","templated":true}]}}