{"id":55575,"date":"2021-06-03T01:28:00","date_gmt":"2021-06-02T22:28:00","guid":{"rendered":"https:\/\/israelmagazine.net\/?p=55575"},"modified":"2021-06-03T01:28:00","modified_gmt":"2021-06-02T22:28:00","slug":"juifs-et-arabes-reconstruire-la-confiance-et-la-coexistence","status":"publish","type":"post","link":"https:\/\/israelmagazine.net\/?p=55575","title":{"rendered":"Juifs et Arabes\u00a0: Reconstruire la confiance et la coexistence\u00a0?"},"content":{"rendered":"<h3><strong>Juifs et Arabes\u00a0: Reconstruire la confiance et la coexistence\u00a0?<\/strong><\/h3>\n<img class=\\\"size-medium wp-image-55576\\\" src=\\\"https:\/\/israelmagazine.co.il\/wp-content\/uploads\/2021\/06\/IMG-20210523-WA0044-300x225.jpg\\\" alt=\\\"Arabes\\\" width=\\\"300\\\" height=\\\"225\\\" \/>\n<p><strong>Apr\u00e8s les semaines de violences qui ont \u00e9clat\u00e9 dans les villes pluriethniques, peut-on esp\u00e9rer un retour \u00e0 la coexistence\u00a0? A Akko (St Jean d\u2019Acre), durement frapp\u00e9 par les \u00e9meutes, conscients qu\u2019une ligne rouge a \u00e9t\u00e9 franchie, les responsables se veulent optimistes en d\u00e9pit de tout.<\/strong><\/p>\n<p><a href=\\\"https:\/\/israelmagazine.co.il\/gaz-les-enjeux-economico-energetiques-de-la-dispute-maritime-israelo-libanaise\/\\\">https:\/\/israelmagazine.co.il\/gaz-les-enjeux-economico-energetiques-de-la-dispute-maritime-israelo-libanaise\/<\/a><\/p>\n<p>Le 22\u00a0mai au soir, deux jours apr\u00e8s le cessez-le-feu marquant la fin de l\u2019op\u00e9ration Gardien des Murs, quelques milliers de Juifs et d\u2019Arabes ont \u00ab\u00a0spontan\u00e9ment\u00a0\u00bb manifest\u00e9 \u00e0 Tel-Aviv pour le retour de la paix. Parmi la foule qui d\u00e9fila depuis la place Rabin jusqu\u2019\u00e0 la place Habima, on reconnaissait la d\u00e9put\u00e9e Tamar Zandberg (Meretz) et le d\u00e9put\u00e9 Ayman Odeh (Liste arabe unie). Pr\u00e9sent sur les lieux, l\u2019\u00e9crivain David Grossman a d\u00e9clar\u00e9\u00a0: \u00ab\u00a0Maintenant la question br\u00fblante est de savoir ce qui va se passer en Isra\u00ebl dans les relations entre Juifs et Arabes. On sait comment les politiciens vont utiliser ces \u00e9v\u00e9nements. Si les racistes fixent les r\u00e8gles, nous savons tous quelle sera la r\u00e9alit\u00e9. La lutte aujourd\u2019hui est entre ceux qui cherchent \u00e0 vivre en paix et ceux qui se nourrissent de haine et de violence. J\u2019esp\u00e8re que nous pourrons \u00e0 nouveau coexister, en pleine \u00e9galit\u00e9, Arabes et Juifs, comme des \u00eatres humains.\u00a0\u00bb Certes, cette d\u00e9claration de bons sentiments s\u2019imposait, mais ayant pour cadre Tel-Aviv \u2013 ville ethniquement homog\u00e8ne \u2013 sa repr\u00e9sentativit\u00e9 reste sujette \u00e0 caution. C\u2019est dans les villes connues pour leur mixit\u00e9 ethnique (Lod, Yaffo, Akko) qu\u2019on aurait aim\u00e9 voir de semblables rassemblements.<\/p>\n<p>La suite de l\u2019article se trouve dans le prochain num\u00e9ro d\u2019Isra\u00ebl Magazine<\/p>\n<p>D\u00e9couvrez un exemplaire du magazine gratuitement et cliquez ensuite sur le rebord droit d<\/p>\n<p><a href=\\\"https:\/\/fr.calameo.com\/read\/001096500c7f116363325\\\">https:\/\/fr.calameo.com\/read\/001096500c7f116363325<\/a><\/p>\n<p>&nbsp;<\/p>\n<p>magazine livr\u00e9 chez vous en toute confidentialit\u00e9 S\u2019abonner au magazine par t\u00e9l\u00e9phone ou par whats app 00972 (0) 54 254 45 20 ou au 01 86 98 27 27<\/p>\n<p>Par email\u00a0 Andredarmon21@gmail.com<\/p>\n<p>directement sur le site https:\/\/israelmagazine.co.il\/sabonner-au-magazine\/<\/p>\n<p>Ou encore S\u2019abonner au magazine livr\u00e9 chez vous en toute confidentialit\u00e9. Remplir le formulaire<\/p>\n<p><a href=\\\"https:\/\/docs.google.com\/forms\/d\/e\/1FAIpQLSfPYJfb8KjEya-X17w0DGPAuBlCGvqVUdh_Is8EL810Lxw82A\/viewform?entry.1189475001=Recipient_Email\\\">https:\/\/docs.google.com\/forms\/d\/e\/1FAIpQLSfPYJfb8KjEya-X17w0DGPAuBlCGvqVUdh_Is8EL810Lxw82A\/viewform?entry.1189475001=Recipient_Email<\/a><\/p>\n<p>&nbsp;<\/p>\n<p>&nbsp;<\/p>\n","protected":false},"excerpt":{"rendered":"<p>Juifs et Arabes\u00a0: Reconstruire la confiance et la coexistence\u00a0? Apr\u00e8s les semaines de violences qui ont \u00e9clat\u00e9 dans les villes pluriethniques, peut-on esp\u00e9rer un retour \u00e0 la coexistence\u00a0? A Akko (St Jean d\u2019Acre), durement frapp\u00e9 par les \u00e9meutes, conscients qu\u2019une ligne rouge a \u00e9t\u00e9 franchie, les responsables se veulent optimistes en d\u00e9pit de tout. https:\/\/israelmagazine.co.il\/gaz-les-enjeux-economico-energetiques-de-la-dispute-maritime-israelo-libanaise\/ &hellip;<\/p>\n<p class=\"read-more\"> <a class=\"\" href=\"https:\/\/israelmagazine.net\/?p=55575\"> <span class=\"screen-reader-text\">Juifs et Arabes\u00a0: Reconstruire la confiance et la coexistence\u00a0?<\/span> Lire la suite \u00bb<\/a><\/p>\n","protected":false},"author":4,"featured_media":55576,"comment_status":"open","ping_status":"open","sticky":false,"template":"","format":"standard","meta":{"site-sidebar-layout":"default","site-content-layout":"default","ast-global-header-display":"","ast-main-header-display":"","ast-hfb-above-header-display":"","ast-hfb-below-header-display":"","ast-hfb-mobile-header-display":"","site-post-title":"","ast-breadcrumbs-content":"","ast-featured-img":"","footer-sml-layout":"","theme-transparent-header-meta":"","adv-header-id-meta":"","stick-header-meta":"","header-above-stick-meta":"","header-main-stick-meta":"","header-below-stick-meta":""},"categories":[84,814,1612,1623],"tags":[825,1739,2346,823,955,815,742,2916],"sujet":[],"_links":{"self":[{"href":"https:\/\/israelmagazine.net\/index.php?rest_route=\/wp\/v2\/posts\/55575"}],"collection":[{"href":"https:\/\/israelmagazine.net\/index.php?rest_route=\/wp\/v2\/posts"}],"about":[{"href":"https:\/\/israelmagazine.net\/index.php?rest_route=\/wp\/v2\/types\/post"}],"author":[{"embeddable":true,"href":"https:\/\/israelmagazine.net\/index.php?rest_route=\/wp\/v2\/users\/4"}],"replies":[{"embeddable":true,"href":"https:\/\/israelmagazine.net\/index.php?rest_route=%2Fwp%2Fv2%2Fcomments&post=55575"}],"version-history":[{"count":0,"href":"https:\/\/israelmagazine.net\/index.php?rest_route=\/wp\/v2\/posts\/55575\/revisions"}],"wp:featuredmedia":[{"embeddable":true,"href":"https:\/\/israelmagazine.net\/index.php?rest_route=\/"}],"wp:attachment":[{"href":"https:\/\/israelmagazine.net\/index.php?rest_route=%2Fwp%2Fv2%2Fmedia&parent=55575"}],"wp:term":[{"taxonomy":"category","embeddable":true,"href":"https:\/\/israelmagazine.net\/index.php?rest_route=%2Fwp%2Fv2%2Fcategories&post=55575"},{"taxonomy":"post_tag","embeddable":true,"href":"https:\/\/israelmagazine.net\/index.php?rest_route=%2Fwp%2Fv2%2Ftags&post=55575"},{"taxonomy":"sujet","embeddable":true,"href":"https:\/\/israelmagazine.net\/index.php?rest_route=%2Fwp%2Fv2%2Fsujet&post=55575"}],"curies":[{"name":"wp","href":"https:\/\/api.w.org\/{rel}","templated":true}]}}