{"id":55615,"date":"2021-06-15T10:14:23","date_gmt":"2021-06-15T07:14:23","guid":{"rendered":"https:\/\/israelmagazine.net\/?p=55615"},"modified":"2021-06-15T10:14:23","modified_gmt":"2021-06-15T07:14:23","slug":"1943-1944-pour-secourir-les-juifs-de-drancy-il-y-eut-des-traitres-mais-aussi-des-heros","status":"publish","type":"post","link":"https:\/\/israelmagazine.net\/?p=55615","title":{"rendered":"1943-1944. Pour secourir les Juifs de Drancy, il y eut des traitres mais aussi des h\u00e9ros ?\u00a0"},"content":{"rendered":"<p>Copyright Marc-Andr\u00e9 Chargu\u00e9raud et Isra\u00ebl Magazine. Gen\u00e8ve. 2021<\/p>\n<h3>\u00a0 1943-1944. Pour secourir les Juifs de Drancy, il y eut des traitres mais aussi des h\u00e9ros ?<\/h3>\n<img class=\\\"size-medium wp-image-55616\\\" src=\\\"https:\/\/israelmagazine.co.il\/wp-content\/uploads\/2021\/06\/Leon_Kubowitzki-188x300.jpg\\\" alt=\\\"Drancy\\\" width=\\\"188\\\" height=\\\"300\\\" \/>\n<p><strong>Pouvait-on les laisser mourir de faim sachant que personne ne viendrait \u00e0 leur sauvetage ? Comment reprocher aux membres de l\u2019UGIF de secourir les intern\u00e9s de Drancy, alors que les plus hautes instances juives d\u2019outre Atlantique adjurent le CICR d\u2019intervenir dans les camps ?<\/strong><\/p>\n<p>Un historien am\u00e9ricain, \u00e9voquant l\u2019arrestation \u00e0 la Lib\u00e9ration de Georges Edinger, pr\u00e9sident de l\u2019Union G\u00e9n\u00e9rale des Isra\u00e9lites de France pour la zone nord (UGIF-Nord), conclut sans m\u00e9nagement que cela mit \u00ab un point final \u00e0 deux ann\u00e9es et demie d\u2019ignominie de l\u2019UGIF au service du camp allemand (de Drancy) \u00bb.[1] Ignominie : d\u00e9shonneur extr\u00eame caus\u00e9 par un outrage public, action infamante, honteuse d\u2019apr\u00e8s le Petit Robert. Le mot est lourd de sens.[2] Fallait-il laisser mourir de faim les Juifs de Drancy, sachant que personne ne viendrait \u00e0 leur secours ? Fallait-il refuser aux malades tout m\u00e9dicament, aux d\u00e9sesp\u00e9r\u00e9s tout r\u00e9confort moral ? Le plus grand nombre des prisonniers pense encore que les convois partent vers des camps de travaux forc\u00e9s en Pologne.\u00a0 Ils se r\u00e9v\u00e9leront \u00eatre des camps de la mort, mais cela, ils ne le savent pas. Ne fallait-il pas maintenir cette vaillante lueur d\u2019espoir ?[3]<\/p>\n<p>La suite de l\u2019article se trouve dans le prochain num\u00e9ro d\u2019Isra\u00ebl Magazine<\/p>\n<p>D\u00e9couvrez un exemplaire du magazine gratuitement et cliquez ensuite sur le rebord droit<\/p>\n<p><a href=\\\"https:\/\/online.fliphtml5.com\/rjspi\/mxre\/\\\">https:\/\/online.fliphtml5.com\/rjspi\/mxre\/<\/a><\/p>\n<p>Votre magazine livr\u00e9 chez vous en toute confidentialit\u00e9 S\u2019abonner au magazine par t\u00e9l\u00e9phone ou par whats app 00972 (0) 54 254 45 20 ou au 01 86 98 27 27<\/p>\n<p>Par email\u00a0 Andredarmon21@gmail.com<\/p>\n<p>directement sur le site https:\/\/israelmagazine.co.il\/sabonner-au-magazine\/<\/p>\n<p>Ou encore S\u2019abonner au magazine livr\u00e9 chez vous en toute confidentialit\u00e9. Remplir le formulaire<\/p>\n<p><a href=\\\"https:\/\/docs.google.com\/forms\/d\/e\/1FAIpQLSfPYJfb8KjEya-X17w0DGPAuBlCGvqVUdh_Is8EL810Lxw82A\/viewform?entry.1189475001=Recipient_Email\\\">https:\/\/docs.google.com\/forms\/d\/e\/1FAIpQLSfPYJfb8KjEya-X17w0DGPAuBlCGvqVUdh_Is8EL810Lxw82A\/viewform?entry.1189475001=Recipient_Email<\/a><\/p>\n<p>&nbsp;<\/p>\n<p>D\u00e9but juillet 1943, les Allemands imposent \u00e0 l\u2019UGIF la responsabilit\u00e9 pour le camp de Drancy des approvisionnements, du service de colis, des soins m\u00e9dicaux et de l\u2019\u00e9quipement de ceux qui sont d\u00e9port\u00e9s vers l\u2019Est. L\u2019UGIF accepte la t\u00e2che et Drancy devient sa principale pr\u00e9occupation.[4] Cette \u00abcollaboration \u00bb de l\u2019UGIF a \u00e9t\u00e9 d\u00e9nonc\u00e9e. Nourrir, habiller, soigner les intern\u00e9s, c\u2019est faire le jeu des Allemands pour qu\u2019ils puissent conduire les d\u00e9portations dans le calme, sans interf\u00e9rences, tel est l\u2019un des reproches adress\u00e9s par des historiens.[5] De quelle interf\u00e9rence, de quelle opposition, de quelle r\u00e9sistance parle-t-on ? Ceux qui ont \u00e9t\u00e9 emprisonn\u00e9s \u00e0 Drancy, des Juifs affam\u00e9s, malades, ou psychologiquement \u00e0 bout de forces, ne pouvaient pas envisager de se soulever contre leurs tortionnaires SS. Et pour ceux qui doutent, qu\u2019ils relisent le t\u00e9moignage accablant d\u2019Odette Daltroff-Baticle sur les enfants de Drancy.[6]<\/p>\n","protected":false},"excerpt":{"rendered":"<p>Copyright Marc-Andr\u00e9 Chargu\u00e9raud et Isra\u00ebl Magazine. Gen\u00e8ve. 2021 \u00a0 1943-1944. Pour secourir les Juifs de Drancy, il y eut des traitres mais aussi des h\u00e9ros ? Pouvait-on les laisser mourir de faim sachant que personne ne viendrait \u00e0 leur sauvetage ? Comment reprocher aux membres de l\u2019UGIF de secourir les intern\u00e9s de Drancy, alors que &hellip;<\/p>\n<p class=\"read-more\"> <a class=\"\" href=\"https:\/\/israelmagazine.net\/?p=55615\"> <span class=\"screen-reader-text\">1943-1944. Pour secourir les Juifs de Drancy, il y eut des traitres mais aussi des h\u00e9ros ?\u00a0<\/span> Lire la suite \u00bb<\/a><\/p>\n","protected":false},"author":4,"featured_media":55616,"comment_status":"open","ping_status":"open","sticky":false,"template":"","format":"standard","meta":{"site-sidebar-layout":"default","site-content-layout":"default","ast-global-header-display":"","ast-main-header-display":"","ast-hfb-above-header-display":"","ast-hfb-below-header-display":"","ast-hfb-mobile-header-display":"","site-post-title":"","ast-breadcrumbs-content":"","ast-featured-img":"","footer-sml-layout":"","theme-transparent-header-meta":"","adv-header-id-meta":"","stick-header-meta":"","header-above-stick-meta":"","header-main-stick-meta":"","header-below-stick-meta":""},"categories":[84,1613,1673,811,1615],"tags":[1063,825,289,2915,937,2569,1761],"sujet":[],"_links":{"self":[{"href":"https:\/\/israelmagazine.net\/index.php?rest_route=\/wp\/v2\/posts\/55615"}],"collection":[{"href":"https:\/\/israelmagazine.net\/index.php?rest_route=\/wp\/v2\/posts"}],"about":[{"href":"https:\/\/israelmagazine.net\/index.php?rest_route=\/wp\/v2\/types\/post"}],"author":[{"embeddable":true,"href":"https:\/\/israelmagazine.net\/index.php?rest_route=\/wp\/v2\/users\/4"}],"replies":[{"embeddable":true,"href":"https:\/\/israelmagazine.net\/index.php?rest_route=%2Fwp%2Fv2%2Fcomments&post=55615"}],"version-history":[{"count":0,"href":"https:\/\/israelmagazine.net\/index.php?rest_route=\/wp\/v2\/posts\/55615\/revisions"}],"wp:featuredmedia":[{"embeddable":true,"href":"https:\/\/israelmagazine.net\/index.php?rest_route=\/"}],"wp:attachment":[{"href":"https:\/\/israelmagazine.net\/index.php?rest_route=%2Fwp%2Fv2%2Fmedia&parent=55615"}],"wp:term":[{"taxonomy":"category","embeddable":true,"href":"https:\/\/israelmagazine.net\/index.php?rest_route=%2Fwp%2Fv2%2Fcategories&post=55615"},{"taxonomy":"post_tag","embeddable":true,"href":"https:\/\/israelmagazine.net\/index.php?rest_route=%2Fwp%2Fv2%2Ftags&post=55615"},{"taxonomy":"sujet","embeddable":true,"href":"https:\/\/israelmagazine.net\/index.php?rest_route=%2Fwp%2Fv2%2Fsujet&post=55615"}],"curies":[{"name":"wp","href":"https:\/\/api.w.org\/{rel}","templated":true}]}}