{"id":55626,"date":"2021-06-22T09:30:38","date_gmt":"2021-06-22T06:30:38","guid":{"rendered":"https:\/\/israelmagazine.net\/?p=55626"},"modified":"2021-06-22T09:30:38","modified_gmt":"2021-06-22T06:30:38","slug":"entretien-avec-samuel-sandler","status":"publish","type":"post","link":"https:\/\/israelmagazine.net\/?p=55626","title":{"rendered":"ENTRETIEN AVEC SAMUEL SANDLER"},"content":{"rendered":"<p><strong>ENTRETIEN AVEC SAMUEL SANDLER<\/strong><\/p>\n<img class=\\\"size-medium wp-image-55630\\\" src=\\\"https:\/\/israelmagazine.co.il\/wp-content\/uploads\/2021\/06\/b3784ac228aaa6dc5406dc83aa86d627-300x169.jpg\\\" alt=\\\"sandler\\\" width=\\\"300\\\" height=\\\"169\\\" \/>\n<h3><strong>\\\u00a0\u00bbJe pensais que plus jamais dans notre pays, on ne tuerait des enfants parce qu\u2019ils sont juifs. Je me trompais. \\\u00a0\u00bb<\/strong><\/h3>\n<p><em>Propos recueillis par David Reinharc <\/em><\/p>\n<p>Le 19 mars 2012, le fils et les petits-fils de Samuel Sandler \u00e9taient assassin\u00e9s devant l\\&rsquo;\u00e9cole Ozar Hatorah. Il leur a consacr\u00e9 un livre bouleversant, \\\u00a0\u00bbSouviens-toi de nos enfants\\\u00a0\u00bb, dans lequel, se demandant quelle fatalit\u00e9 poursuit son peuple, il rend aussi hommage \u00e0 ses parents &#8211; \u00e0 sa m\u00e8re qui avait choisi d\\&rsquo;\u00e9teindre sa m\u00e9moire \\\u00a0\u00bbpour oublier ses cauchemars\\\u00a0\u00bb, et dont l\\&rsquo;esprit errait, en compagnie des siens, \\\u00a0\u00bbdans les cendres glac\u00e9es d\\&rsquo;une for\u00eat de l\\&rsquo;Allemagne nazie\\\u00a0\u00bb.\u00a0 On pense en le lisant, au roman <em>Le Dernier des Justes<\/em>\u00a0d\\&rsquo;Andr\u00e9 Schwarz-Bart, le cousin germain du p\u00e8re de Myriam Sandler, saga tragique d\\&rsquo;une famille victime de l\\&rsquo;<a href=\\\"https:\/\/fr.wikipedia.org\/wiki\/Antis%C3%A9mitisme\\\">antis\u00e9mitisme<\/a>\u00a0europ\u00e9en, qui commence au Moyen \u00c2ge et s\\&rsquo;ach\u00e8ve au\u00a0xx<sup>e<\/sup>\u00a0si\u00e8cle.<\/p>\n<p>Souviens-toi : <em>Zakhor <\/em>! C\\&rsquo;est l\\&rsquo;injonction que tout Juif entend tout au long de sa vie.<\/p>\n<p>Dans le Juda\u00efsme, l\\&rsquo;acte de nomination est un enjeu capital. A la veille du dixi\u00e8me anniversaire des attentats islamiques de Toulouse, \u00e0 rebours de ceux qui cherchent \u00e0 mettre en exergue le nom des assassins, qui d\u00e9claraient ne vouloir vivre que du\u00a0RMI\u00a0et du\u00a0<a href=\\\"https:\/\/fr.wikipedia.org\/wiki\/Coran\\\">Coran<\/a>, au d\u00e9triment de ceux des victimes, nous avons voulu rappeler les noms des disparus.<\/p>\n<h3><em>Propos recueillis par David Reinharc <\/em><\/h3>\n<h3><strong>&#8211; Ce livre, c\\&rsquo;est pour emp\u00eacher les morts de mourir deux fois, une fois morts assassin\u00e9s, une fois morts d\\&rsquo;oubli ?<\/strong><\/h3>\n<p>&#8211; Ma s\u0153ur L\u00e9a m\\&rsquo;a dit : \\\u00a0\u00bbParle, Samy, accepte tous les m\u00e9dias et parle<\/p>\n<p>La suite de l\u2019article se trouve dans le prochain num\u00e9ro d\u2019Isra\u00ebl Magazine<\/p>\n<p>D\u00e9couvrez un exemplaire du magazine gratuitement et cliquez ensuite sur le rebord droit<\/p>\n<p><a href=\\\"https:\/\/online.fliphtml5.com\/rjspi\/mxre\/\\\">https:\/\/online.fliphtml5.com\/rjspi\/mxre\/<\/a><\/p>\n<p>Votre magazine livr\u00e9 chez vous en toute confidentialit\u00e9 S\u2019abonner au magazine par t\u00e9l\u00e9phone ou par whats app 00972 (0) 54 254 45 20 ou au 01 86 98 27 27<\/p>\n<p>Par email\u00a0 Andredarmon21@gmail.com<\/p>\n<p>directement sur le site https:\/\/israelmagazine.co.il\/sabonner-au-magazine\/<\/p>\n<p>Ou encore S\u2019abonner au magazine livr\u00e9 chez vous en toute confidentialit\u00e9. Remplir le formulaire<\/p>\n<p><a href=\\\"https:\/\/docs.google.com\/forms\/d\/e\/1FAIpQLSfPYJfb8KjEya-X17w0DGPAuBlCGvqVUdh_Is8EL810Lxw82A\/viewform?entry.1189475001=Recipient_Email\\\">https:\/\/docs.google.com\/forms\/d\/e\/1FAIpQLSfPYJfb8KjEya-X17w0DGPAuBlCGvqVUdh_Is8EL810Lxw82A\/viewform?entry.1189475001=Recipient_Email<\/a><\/p>\n","protected":false},"excerpt":{"rendered":"<p>ENTRETIEN AVEC SAMUEL SANDLER \\\u00a0\u00bbJe pensais que plus jamais dans notre pays, on ne tuerait des enfants parce qu\u2019ils sont juifs. Je me trompais. \\\u00a0\u00bb Propos recueillis par David Reinharc Le 19 mars 2012, le fils et les petits-fils de Samuel Sandler \u00e9taient assassin\u00e9s devant l\\&rsquo;\u00e9cole Ozar Hatorah. Il leur a consacr\u00e9 un livre bouleversant, &hellip;<\/p>\n<p class=\"read-more\"> <a class=\"\" href=\"https:\/\/israelmagazine.net\/?p=55626\"> <span class=\"screen-reader-text\">ENTRETIEN AVEC SAMUEL SANDLER<\/span> Lire la suite \u00bb<\/a><\/p>\n","protected":false},"author":4,"featured_media":55630,"comment_status":"open","ping_status":"open","sticky":false,"template":"","format":"standard","meta":{"site-sidebar-layout":"default","site-content-layout":"default","ast-global-header-display":"","ast-main-header-display":"","ast-hfb-above-header-display":"","ast-hfb-below-header-display":"","ast-hfb-mobile-header-display":"","site-post-title":"","ast-breadcrumbs-content":"","ast-featured-img":"","footer-sml-layout":"","theme-transparent-header-meta":"","adv-header-id-meta":"","stick-header-meta":"","header-above-stick-meta":"","header-main-stick-meta":"","header-below-stick-meta":""},"categories":[84,814,811,1615],"tags":[1063,825,845,1628,815,1700,937,383,1761],"sujet":[],"_links":{"self":[{"href":"https:\/\/israelmagazine.net\/index.php?rest_route=\/wp\/v2\/posts\/55626"}],"collection":[{"href":"https:\/\/israelmagazine.net\/index.php?rest_route=\/wp\/v2\/posts"}],"about":[{"href":"https:\/\/israelmagazine.net\/index.php?rest_route=\/wp\/v2\/types\/post"}],"author":[{"embeddable":true,"href":"https:\/\/israelmagazine.net\/index.php?rest_route=\/wp\/v2\/users\/4"}],"replies":[{"embeddable":true,"href":"https:\/\/israelmagazine.net\/index.php?rest_route=%2Fwp%2Fv2%2Fcomments&post=55626"}],"version-history":[{"count":0,"href":"https:\/\/israelmagazine.net\/index.php?rest_route=\/wp\/v2\/posts\/55626\/revisions"}],"wp:featuredmedia":[{"embeddable":true,"href":"https:\/\/israelmagazine.net\/index.php?rest_route=\/"}],"wp:attachment":[{"href":"https:\/\/israelmagazine.net\/index.php?rest_route=%2Fwp%2Fv2%2Fmedia&parent=55626"}],"wp:term":[{"taxonomy":"category","embeddable":true,"href":"https:\/\/israelmagazine.net\/index.php?rest_route=%2Fwp%2Fv2%2Fcategories&post=55626"},{"taxonomy":"post_tag","embeddable":true,"href":"https:\/\/israelmagazine.net\/index.php?rest_route=%2Fwp%2Fv2%2Ftags&post=55626"},{"taxonomy":"sujet","embeddable":true,"href":"https:\/\/israelmagazine.net\/index.php?rest_route=%2Fwp%2Fv2%2Fsujet&post=55626"}],"curies":[{"name":"wp","href":"https:\/\/api.w.org\/{rel}","templated":true}]}}