{"id":55639,"date":"2021-06-24T13:29:54","date_gmt":"2021-06-24T10:29:54","guid":{"rendered":"https:\/\/israelmagazine.net\/?p=55639"},"modified":"2021-06-24T13:29:54","modified_gmt":"2021-06-24T10:29:54","slug":"interview-dalexandre-del-valle-a-israel-magazine","status":"publish","type":"post","link":"https:\/\/israelmagazine.net\/?p=55639","title":{"rendered":"Interview d\\&rsquo;Alexandre del Valle* \u00e0 Isra\u00ebl Magazine"},"content":{"rendered":"<div class=\\\"h7 \\\" tabindex=\\\"-1\\\" role=\\\"listitem\\\">\n<div class=\\\"Bk\\\">\n<div class=\\\"G3 G2\\\">\n<div>\n<div id=\\\":ib\\\">\n<div>\n<div class=\\\"adn ads\\\" data-message-id=\\\"#msg-f:1703363994319382822\\\" data-legacy-message-id=\\\"17a390872c98e926\\\">\n<div class=\\\"gs\\\">\n<div class=\\\"\\\">\n<div id=\\\":j1\\\" class=\\\"ii gt\\\">\n<div id=\\\":jm\\\" class=\\\"a3s aiL \\\">\n<div dir=\\\"ltr\\\">\n<div class=\\\"gmail_quote\\\">\n<div>\n<div>\n<div>\n<h1>Interview d\\&rsquo;Alexandre del Valle* \u00e0 Isra\u00ebl Magazine<\/h1>\n<\/div>\n<\/div>\n<div>\n<div>\n<div>\n<div>\n<div>\n<div dir=\\\"ltr\\\">\n<div>\n<div>\n<img class=\\\"size-medium wp-image-54848\\\" src=\\\"https:\/\/israelmagazine.co.il\/wp-content\/uploads\/2020\/10\/unnamed-233x300.jpg\\\" alt=\\\"Zemmour\\\" width=\\\"233\\\" height=\\\"300\\\" \/>\n<p>Entretien\u00a0 fait en 2003.<\/p>\n<p>Interview d\\&rsquo;Alexandre del Valle* \u00e0 Isra\u00ebl Magazine, r\u00e9cemment attaqu\u00e9 \u00e0 la fois par les milieux d\\&rsquo;extr\u00eame-gauche et d\\&rsquo;extr\u00eame-droite et \u00e0 qui nous avons d\u00e9cid\u00e9 de donner la parole dans la mesure o\u00f9 on lui reproche sa \u00ab sionistophilie \u00bb et sa d\u00e9nonciation implacable de l\\&rsquo;islamisme qu\\&rsquo;il consid\u00e8re \u00eatre le principal danger totalitaire, le nouveau \u00ab fascisme vert \u00bb du XXI\u00e8me si\u00e8cle mena\u00e7ant autant les Etats-Unis et l\\&rsquo;Europe que le petit Etat d\\&rsquo;Isra\u00ebl que d\\&rsquo;aucuns envisagent d\u00e9j\u00e0 de l\u00e2cher \u00bb pour calmer les Barbares d\\&rsquo;Allah&#8230;<\/p>\n<\/div>\n<div><\/div>\n<div>Pierre Rehov :<\/div>\n<div>notamment dans les sites internet du GUD (syndicat d\\&rsquo;extr\u00eame-droite pro-palestinien et pro-islamiste s\u00e9vissant \u00e0 ASSAS) et dans de r\u00e9centes livraisons de Faits et Documents, lettre d\\&rsquo;information dirig\u00e9e par l\\&rsquo;un des chefs de file de l\\&rsquo;extr\u00eame-droite antis\u00e9mite fran\u00e7aise, M. Emmanuel Ratier. Dans le m\u00eame temps, l\\&rsquo;extr\u00eame-gauche trotskyste vous tient pour un \u00ab islamophobe \u00bb anti-arabe secr\u00e8tement d\\&rsquo;extr\u00eame-droite (Club de l\\&rsquo;Horloge) faisant la connexion avec l\\&rsquo;extr\u00eame-droite sioniste. Que r\u00e9pondez-vous \u00e0 ces attaques ?<\/div>\n<div><\/div>\n<div>A.d.V : Tout d\\&rsquo;abord, je tiens \u00e0 pr\u00e9ciser que je n\\&rsquo;ai jamais pris position concernant la vie politique isra\u00e9lienne interne et que j\\&rsquo;analyse entre autres le dossier isra\u00e9lo-palestinien d\\&rsquo;un point de vue neutre, et en fonction d\\&rsquo;une m\u00e9thode d\\&rsquo;analyse g\u00e9opolitique de type scientifique. Dans mes diff\u00e9rentes \u00e9tudes sur l\\&rsquo;extr\u00e9misme islamiste et le monde islamique, ainsi que sur mes \u00e9crits relatifs \u00e0 l\\&rsquo;\u00e9chiquier g\u00e9ostrat\u00e9gique mondial de l\\&rsquo;apr\u00e8s Guerre froide, je fais certes allusion \u00e0 Isra\u00ebl et \u00e0 l\\&rsquo;islamisme palestinien, dans la mesure o\u00f9 l\\&rsquo;Islamisme international, qui constitue mon sujet d\\&rsquo;\u00e9tude de pr\u00e9dilection, instrumentalise, fort efficacement d\\&rsquo;ailleurs, le conflit isra\u00e9lo-palestinien dans le cadre d\\&rsquo;une vaste strat\u00e9gie de l\u00e9gitimation et de mobilisation. Il n\\&rsquo;y a l\u00e0 aucune haine islamophobe, aucune rancune anti-arabe ou anti-immigr\u00e9e. Un simple diagnostic, certes apocalyptique, effrayant. Mais ce n\\&rsquo;est pas le pompier qu\\&rsquo;il faut accuser d\\&rsquo;avoir cr\u00e9\u00e9 les flammes. Pour ce qui est des Arabes, j\\&rsquo;ai grandi parmi eux dans des cit\u00e9s o\u00f9 nous, les Pieds-noirs italiens de Tunisie, sommes arriv\u00e9s \u00e0 peu pr\u00e8s en m\u00eame temps qu\\&rsquo;eux. Je n\\&rsquo;avais pratiquement que des amis arabes durant toute mon enfance. Au Liban, j\\&rsquo;ai appris leur langue, et j\\&rsquo;ai appris \u00e0 appr\u00e9cier la civilisation arabe, ses musiques, etc. D\\&rsquo;ailleurs, \u00e0 Tunis, les Italiens vivaient en parfaite harmonie avec eux. Quant \u00e0 l\\&rsquo;Islam, j\\&rsquo;entretiens les meilleures relations du monde avec le Grand Mufti de Marseille, Souheib Bencheikh, ou encore celui de Rome, le cheikh Abdoul Palazzi, sans oublier Rachid Kaci, pr\u00e9sident de l\\&rsquo;association d\\&rsquo;int\u00e9gration D\u00e9mocratie. J\\&rsquo;ai m\u00eame fait des conf\u00e9rences avec Michel Renard, Fran\u00e7ais converti \u00e0 l\\&rsquo;Islam qui anime avec Leila Bab\u00e8s la revue Islam de France. Je salue les efforts de tous ces Musulmans d\u00e9mocrates et tol\u00e9rants et celui de la majorit\u00e9 des Musulmans de France et du monde, dont on oublie qu\\&rsquo;ils sont, \u00e0 commencer par les femmes, les premi\u00e8res victimes de la barbarie islamiste. Quant \u00e0 l\\&rsquo;islamisme et au fondamentalisme en g\u00e9n\u00e9ral, je reconnais que j\\&rsquo;y suis allergique, car je d\u00e9teste l\\&rsquo;intol\u00e9rance, d\\&rsquo;o\u00f9 qu\\&rsquo;elle vienne. Je constate seulement que, depuis le Concile Vatican II, la seule des trois religions monoth\u00e9istes qui pose probl\u00e8me, c\\&rsquo;est l\\&rsquo;Islam, qui n\\&rsquo;a connut ni conciles, ni r\u00e9formes depuis le IX\u00e8me si\u00e8cle, et dont l\\&rsquo;orthodoxie constitue la meilleure source de l\u00e9gitimit\u00e9 et d\\&rsquo;action pour les adeptes de la violence islamiste. Partout dans le monde, ce sont les islamistes qui instrumentalisent le plus terriblement la religion pour justifier la destruction de l\\&rsquo;Autre pour la seule raison qu\\&rsquo;il refuse de se soumettre \u00e0 la \u00ab Vraie foi \u00bb.<\/div>\n<div><\/div>\n<div>Dans le cadre du conflit isra\u00e9lo-palestinien, cette instrumentalisation repose sur le statut particulier de J\u00e9rusalem dans l\\&rsquo;imaginaire identitaire arabo-musulman et sur le th\u00e8me hautement symbolique d\\&rsquo;Al Qods, r\u00e9f\u00e9rence symbolico-religieuse d\\&rsquo;une port\u00e9e consid\u00e9rable non seulement au sein de l\\&rsquo;univers mental du nationalisme arabe et palestinien, mais \u00e9galement dans ce que nous appelons en g\u00e9opolitique les \u00ab repr\u00e9sentations \u00bb historico-religieuses du monde islamique, o\u00f9 Saladin, les Crois\u00e9s, la premi\u00e8re Qibla, Saddam Hussein puis les th\u00e8mes du Hamas, du Hezbollah, du Jihad islamique et de Bin Laden relatifs \u00e0 la guerre sainte contre les \u00ab Jud\u00e9o-crois\u00e9s \u00bb s\\&rsquo;entrem\u00ealent chaque jour de fa\u00e7on plus explosive, de sorte que l\\&rsquo;on constate, depuis la guerre du Golfe, l\\&rsquo;apparition d\\&rsquo;une nouvelle id\u00e9ologie totalitaire que j\\&rsquo;ai nomm\u00e9e la \u00ab synth\u00e8se national-islamiste \u00bb. Une forme nouvelle de \u00ab totalitarisme vert \u00bb qui puise dans la doctrine de l\\&rsquo;Islam orthodoxe, qui s\\&rsquo;inspire de la tradition terroriste palestinienne (ou pro-palestinienne : Brigades rouges, Action directe, Arm\u00e9e rouge japonaise, etc), et qui l\u00e9gitime la haine et le rejet total de l\\&rsquo;Autre par l\\&rsquo;antisionisme, l\\&rsquo;anticolonialisme, le panarabisme et l\\&rsquo;anti-imp\u00e9rialisme. De cette mani\u00e8re, et en vertu d\\&rsquo;une id\u00e9ologie bouc-\u00e9missariste non sans liens avec les textes pr\u00e9-nazis comme les Protocoles des Sages de Sion, fort lus et cit\u00e9s dans le monde musulman, tous comme les \u00e9crits r\u00e9visionnistes, tous les maux du monde arabo-musulman sont suppos\u00e9s \u00eatre imputables \u00e0 l\\&rsquo;Occident, aux Juifs et aux Chr\u00e9tiens, voire aux Ath\u00e9es, aux Pa\u00efens et \u00e0 leurs agents \u00ab apostats \u00bb. Bref, lorsqu\\&rsquo;il pleut, lorsque les probl\u00e8mes \u00e9conomiques augmentent, lorsqu\\&rsquo;une jeune \u00e9gyptienne attrape le Sida, lorsqu\\&rsquo;un intellectuel musulman comme Abou Za\u00efd appelle \u00e0 une r\u00e9forme de l\\&rsquo;islam, il s\\&rsquo;agit forc\u00e9ment du MOSSAD et du \u00ab complot jud\u00e9o-ma\u00e7onnico-crois\u00e9 \u00bb ou \u00ab am\u00e9ricano-sioniste \u00bb&#8230; Cette id\u00e9ologie de haine totale a de surcro\u00eet toujours eu des liens avec toutes les mouvances anti-occidentales, \u00ab antisionistes \u00bb, anti-juives, et \u00ab anti-imp\u00e9rialistes \u00bb, d\\&rsquo;o\u00f9 ce que j\\&rsquo;ai \u00e9galement nomm\u00e9, avec Jacques Tarnero, la connexion paradoxale Rouge-Brun-Vert, qu\\&rsquo;illustre parfaitement bien le cas du n\u00e9o-musulman ex-marxiste-r\u00e9visionniste Roger (Raja) Garaudy, si l\\&rsquo;on se r\u00e9f\u00e8re \u00e0 ses partisans les plus acharn\u00e9s communistes et nazillons, \u00e0 ses succ\u00e8s \u00e9ditoriaux dans le monde islamique, ou encore \u00e0 ceux qui le d\u00e9fendent en France (Jacques Verg\u00e8s, la Vielle Taupe, l\\&rsquo;extr\u00eame-droite n\u00e9o-pa\u00efenne, le GUD, Faurisson, etc). Tout cela vous permet de comprendre \u00e0 la fois pourquoi les \u00ab sionistes \u00bb et ceux qui luttent contre la nouvelle jud\u00e9ophobie islamique s\\&rsquo;int\u00e9ressent \u00e0 mes travaux et pour quelles raisons les milieux id\u00e9ologiques radicalement antisionistes et\/ou jud\u00e9ophobes d\\&rsquo;extr\u00eame-gauche et d\\&rsquo;extr\u00eame-droite me vouent en revanche une haine implacable \u00e0 la hauteur de leur haine antisioniste et anti-occidentale.<\/div>\n<div><\/div>\n<div>P. R : Justement, vous anticipez sur ma question suivante : vous \u00eates accus\u00e9s d\\&rsquo;\u00eatre un \u00ab \u00e9crivain sioniste \u00bb par le g\u00e9opoliticien Aymeric Chauprade (li\u00e9 \u00e0 l\\&rsquo;Action Fran\u00e7aise et \u00e9diteur de l\\&rsquo;\u00e9crivain pro-arabe antisioniste Charles Saint Prot chez Ellipse) sur les ondes de Radio Courtoisie dans les \u00e9missions de Pierre Navarre, lequel a empreint\u00e9 son nom \u00e0 un r\u00e9visionniste des ann\u00e9es 50&#8230; ; Vous \u00eates un \u00ab sionistophile-Kapo (entendu comme collaborateur des Juifs) d\\&rsquo;apr\u00e8s Christian Bouchet, chef de file de l\\&rsquo;extr\u00eame droite n\u00e9o-nazie-r\u00e9visionniste et sataniste (\u00e9galement leader officieux de Nouvelle R\u00e9sistance et du GUD). Vous \u00eates un \u00ab collaborateur du journal d\\&rsquo;extr\u00eame-droite sioniste \u00bb Le Lien-Isra\u00ebl-Diaspora \u00bb de M. Paul Ginevsky, selon M. Bouchet et M. Ratier, ou encore un \u00ab conf\u00e9rencier r\u00e9gulier du centre communautaire juif \u00bb de Paris selon le m\u00eame Emmanuel Ratier, lequel pr\u00e9tend avoir trouv\u00e9 votre vraie identit\u00e9 sous le nom de Marc-Alexandre Dana, et qui vous accuse de faire des conf\u00e9rences pour la soci\u00e9t\u00e9 des amis de Tsahal (ABSI) et pour le Bni\\&rsquo;Brith. Mais au m\u00eame moment, le militant d\\&rsquo;extr\u00eame-gauche converti au juda\u00efsme, Jean Yves Camus, r\u00e9dacteur en cher de Ras\\&rsquo;Lfront, vous accuse d\\&rsquo;avoir particip\u00e9 \u00e0 des colloques organis\u00e9s par des cercles intellectuels d\\&rsquo;extr\u00eame-droite n\u00e9o-pa\u00efens, tels Synergie europ\u00e9enne et m\u00eame de parler \u00e0 Radio Courtoisie, o\u00f9 s\u00e9vissent des propos antis\u00e9mites et antisionistes. Que r\u00e9pondez-vous \u00e0 ceux qui lisent vos textes dans les revues de Synergies europ\u00e9ennes de Robert Steuckers ou autres sites de droite, ce qui semble \u00eatre confirm\u00e9 par Emmanuel Ratier dans son num\u00e9ro de Faits et Documents de d\u00e9cembre 2001 ?<\/div>\n<div><\/div>\n<h3>A. d. V : Premi\u00e8rement, concernant ma pr\u00e9sence \u00e0 des colloques organis\u00e9s par \u00ab la Nouvelle droite n\u00e9o-pa\u00efenne \u00bb, je confirme en effet avoir \u00e9t\u00e9 pr\u00e9sent \u00e0 des colloques de cette mouvance, ce qui m\\&rsquo;a d\\&rsquo;ailleurs permis d\\&rsquo;\u00e9tudier sur le terrain les liaisons paradoxales unissant les milieux islamistes arabo-palestiniens \u00e0 certains milieux de la Nouvelle droite n\u00e9o-pa\u00efenne. Cela ne fait pas pour autant de moi un adepte de l\\&rsquo;id\u00e9ologie Nouvelle droite que j\\&rsquo;ex\u00e8cre ! Pas plus que je ne deviens communiste lorsque j\\&rsquo;ai particip\u00e9 pendant la Guerre du Kosovo \u00e0 des r\u00e9unies pro-serbes organis\u00e9es par des intellectuels communistes ! Concernant Synergies Europ\u00e9ennes, je crois savoir que la Revue de G\u00e9opolitique Vouloir qui est \u00e9dit\u00e9e par cette mouvance n\\&rsquo;a plus aucun lien avec la Nouvelle droite et s\\&rsquo;occupe essentiellement de probl\u00e8mes strat\u00e9giques, militaires et g\u00e9opolitiques, d\\&rsquo;o\u00f9 le fait qu\\&rsquo;ils s\\&rsquo;int\u00e9ressent \u00e0 mes travaux et publient mes textes. N\\&rsquo;est-ce pas leur droit ? Je pense que s\\&rsquo;il faut combattre impitoyablement les id\u00e9ologies, totalitaires et racistes, il convient \u00e9galement d\\&rsquo;\u00eatre p\u00e9dagogue et de dialoguer le plus possible avec les hommes, avec des limites, certes. Pour ma part, je fixe les limites du dialogue l\u00e0 o\u00f9 commence l\\&rsquo;intol\u00e9rance et la haine de l\\&rsquo;Autre. C\\&rsquo;est dans cette double optique de combat contre l\\&rsquo;antis\u00e9mitisme d\\&rsquo;extr\u00eame-droite et de dialogue au nom de la libert\u00e9 d\\&rsquo;expression, que je suis d\\&rsquo;ailleurs all\u00e9 \u00e0 plusieurs reprises m\\&rsquo;exprimer sur les ondes de Radio Courtoisie, comme d\\&rsquo;ailleurs M. Plenel du journal Le Monde, M. Pierre Andr\u00e9 Taguieff, Lucien Isra\u00ebl ou m\u00eame William Goldnadel, pr\u00e9sident de France Isra\u00ebl et d\\&rsquo;Avocats Sans Fronti\u00e8res, afin d\\&rsquo;expliquer aux auditeurs que le th\u00e8me du \u00ab complot juif \u00bb, \u00ab jud\u00e9o-ma\u00e7on \u00bb ou \u00ab am\u00e9ricano-sioniste \u00bb est un mythe ridiculissime facile \u00e0 d\u00e9faire avec des arguments et des faits. Cela m\\&rsquo;a d\\&rsquo;ailleurs valu moult messages infamants de la part d\\&rsquo;antis\u00e9mites, mais \u00e9galement maints remerciements de la part de consciences humanistes et droites qui m\\&rsquo;ont dit que ma posture de confrontation-dialogue critique est plus \u00e0 m\u00eame de combattre l\\&rsquo;antis\u00e9mitisme et l\\&rsquo;intol\u00e9rance que les m\u00e9thodes pseudo-antiracistes stalino-trotskystes.<\/h3>\n<div><\/div>\n<div>Pour revenir au GRECE, j\\&rsquo;ai constat\u00e9 sur place l\\&rsquo;antisionisme radical, le pro-arabisme et le pro-islamisme virulents &#8211; d\\&rsquo;origine anti-chr\u00e9tienne et anti-juive &#8211; de ses leaders et intervenants, \u00e0 commencer par Alain de Benoist et surtout deux de ses jeunes disciples, Arnaud Guillot-Jeannin, adepte du converti \u00e0 l\\&rsquo;Islam Ren\u00e9 Gu\u00e9non et du penseur italien fasciste pro-nazi Julius Evola, et l\\&rsquo;ancien r\u00e9dacteur en chef de la revue du GRECE El\u00e9ments Charles Champetier, adeptes de la doctrine \u00ab Europe-Tiersmonde-monde arabe, m\u00eame combat contre l\\&rsquo;Am\u00e9rique\u00bb. Sur ce point, n\\&rsquo;en d\u00e9plaise \u00e0 l\\&rsquo;ancien chef de file de l\\&rsquo;extr\u00eame-gauche \u00ab antiraciste \u00bb Jean Yves Camus, qui semble avoir perdu son gagne pain \u00e0 la suite de la d\u00e9composition du FN, et qui me qualifia \u00ab d\\&rsquo;intellectuel de la mouvance d\\&rsquo;extr\u00eame-droite n\u00e9o-pa\u00efenne \u00bb dans son livre-documents \u00ab Extr\u00e9misme en Europe \u00bb, je n\\&rsquo;ai jamais t\u00e9moign\u00e9 d\\&rsquo;aucune forme d\\&rsquo;ambigu\u00eft\u00e9, puisque j\\&rsquo;ai toujours \u00e9t\u00e9 vilipend\u00e9 par toutes, je dis bien toutes les revues et organes d\\&rsquo;expression du GRECE et de la Nouvelle Droite n\u00e9o-pa\u00efenne qui me tiennent pour un \u00ab sioniste inv\u00e9t\u00e9r\u00e9 \u00bb, un \u00ab islamophobe-souverainiste \u00bb (revues El\u00e9ments, Krisis, Cartouche du GRECE), un \u00ab souverainiste r\u00e9actionnaire \u00bb, ou m\u00eame un agent du MOSSAD (sites de Nouvelle R\u00e9sistance et d\\&rsquo;Unit\u00e9 radicale ou GUD), et un relais des \u00ab \u00e9ditoriaux anti-islamistes de Jean Daniel \u00bb (site internet <a href=\\\"http:\/\/xn--national-bolchvique-ozb.com\/\\\" target=\\\"_blank\\\" rel=\\\"noopener\\\" data-saferedirecturl=\\\"https:\/\/www.google.com\/url?q=http:\/\/xn--national-bolchvique-ozb.com&amp;source=gmail&amp;ust=1624616007736000&amp;usg=AFQjCNGUXORleyINkEW0_X_jRltzuw1erA\\\">national-bolch\u00e9vique.com<\/a>). On m\\&rsquo;accuse d\\&rsquo;\u00eatre d\\&rsquo;extr\u00eame-droite ou de droite souverainiste, dites-vous. Certes, dans le cadre de mon \u00e9veil politique et intellectuel, j\\&rsquo;ai d\u00e9but\u00e9 dans les milieux conservateurs chr\u00e9tiens de droite qui militaient pour la d\u00e9fense des Chr\u00e9tiens du Liban alors menac\u00e9s par les Islamistes et les Palestiniens. Je ne renie point ce combat qui est toujours le mien. Par contre, je n\\&rsquo;ai rien \u00e0 voir ni avec la nouvelle droite n\u00e9o-pa\u00efenne n\u00e9o-nazie que j\\&rsquo;ai toujours combattue ni avec l\\&rsquo;id\u00e9ologie antis\u00e9mite, fut-elle maurrassienne ou catholique, dans la mesure o\u00f9, pour des raisons personnelles, ethiques et familiales, ce genre d\\&rsquo;id\u00e9ologies fond\u00e9es sur la haine raciale et religieuse m\\&rsquo;est totalement \u00e9tranger et m\\&rsquo;inspire le d\u00e9go\u00fbt. Si j\\&rsquo;assume avoir \u00e9t\u00e9 proche de la droite conservatrice et souverainiste, bien que je sois totalement ind\u00e9pendant de tout parti politique, m\u00eame si Jean Pierre Chev\u00e8nement, et Alain Madelin ne me d\u00e9plaisent point, pour des raisons plus compl\u00e9mentaires que contradictoires, je refuse cat\u00e9goriquement toute assimilation avec l\\&rsquo;extr\u00eame-droite et la dite Nouvelle droite que je consid\u00e8re infamante et insultante. Mieux, dans mes deux livres, dont le premier \u00e9crit en 1997 (Islamisme-Etats-Unis), je d\u00e9nonce sans aucune ambigu\u00eft\u00e9 la connexion antisioniste islamiste-nazis-extr\u00eames-<wbr \/>droites n\u00e9o-pa\u00efennes des principaux repr\u00e9sentants de cette mouvance. Je cite notamment Alain de Benoist et ses revues pr\u00e9cit\u00e9es, ainsi que les fanzines \u00ab nazis-\u00e9sot\u00e9ristes \u00bb gu\u00e9noniens et \u00e9voliens : Centurio, Totalit\u00e9, sans oublier la nouvelle droite r\u00e9visionniste du Nord de l\\&rsquo;Italie :Orion, dont je fus avec Xavier Raufer l\\&rsquo;un des premiers en Europe \u00e0 r\u00e9v\u00e9ler les liens \u00e9troits tiss\u00e9s avec les repr\u00e9sentants de l\\&rsquo;islamisme r\u00e9volutionnaire, puis les \u00e9ditions Barbarossa de ce m\u00eame groupe n\u00e9o-nazi qui \u00e9ditait la revue des Fr\u00e8res musulmans locaux, Il Musulmano !. Dans mes deux livres et dans les prochains, je cite le cas embl\u00e9matique du converti italien Claudio Mutti, alias Omar Amine, ancien leader intellectuel de l\\&rsquo;extr\u00eame-droite gu\u00e9nonienne et \u00e9volienne converti \u00e0 l\\&rsquo;islam sunnite et admirateur de Khaddafi (Terza posizione), Khomeyni et de la Garde de Fer pro-nazie roumaine pendant la seconde guerre mondiale. Aujourd\\&rsquo;hui, cet ancien professeur de latin et de grec, interlocuteur oblig\u00e9 de la Nouvelle droite, traduit des Coran et fait la navette entre l\\&rsquo;Iran, la Libye, et les milieux islamistes radicaux li\u00e9s \u00e0 Ben Laden \u00e0 travers la mouvance islamiste Al Morabiton dont je parle aussi dans Guerre Contre l\\&rsquo;Europe. J\\&rsquo;ai \u00e9galement d\u00e9nonc\u00e9 les contacts de la Nouvelle Droite en Russie que constituent les \u00ab nationaux-bolch\u00e9viques \u00bb Alexandre Douguine et l\\&rsquo;Islamiste Dj\u00e9mal Gue\u00efdar, unis dans un m\u00eame anti-occidentalisme et antis\u00e9mitisme pathologiques.<\/div>\n<div><\/div>\n<div>Concernant le GRECE et la Nouvelle Droite d\\&rsquo;Alain de Benoist, si proche de personnalit\u00e9s de \u00ab gauche \u00bb comme Bruno Etienne, donc se pr\u00e9sentant comme \u00ab progressiste \u00bb, Pierre Andr\u00e9 Taguieff est \u00e0 ma connaissance le seul intellectuel fran\u00e7ais qui a su r\u00e9ellement d\u00e9voiler les stratag\u00e8mes de cette \u00e9cole qui pr\u00e9tend m\u00eame \u00eatre devenue \u00ab antiraciste \u00bb depuis la rupture d\\&rsquo;Alain de Benoist avec Jean marie Lepen au d\u00e9but des ann\u00e9es 80, ce qui permet au GRECE d\\&rsquo;obtenir des subventions du Minist\u00e8re de la Culture et d\\&rsquo;accueillir dans leurs colonnes des intellectuels de Gauche comme Burgat ou Etienne, tout en continuant \u00e0 perp\u00e9tuer des rites initiatiques \u00e9sot\u00e9riques directement h\u00e9rit\u00e9s du nazisme et \u00e0 c\u00e9l\u00e9brer de v\u00e9ritables cultes au Troisi\u00e8me Reich dans les locaux de l\\&rsquo;organisation pr\u00e8s d\\&rsquo;Aix-en-Provence \u00e0 la Domus Europa (solstices germaniques). Ainsi que l\\&rsquo;a bien montr\u00e9 Louis Pauwells dans son ouvrage Le matin des Magiciens, consacr\u00e9 entre autres au origines \u00e9sot\u00e9riques et n\u00e9o-pa\u00efennes du nazisme, les liens historiques de ces milieux avec les ordres proto-nazis \u00e9sot\u00e9riques allemands et est-europ\u00e9ens (Groupe de Malm\u00f6, n\u00e9o-Ordre Noir, Golden Dawn, Ordo Templis Orientis, etc) sont connus. Sans parler des connexions encore plus scabreuses avec la mouvance \u00ab nazi-gay \u00bb allemande et fran\u00e7aise (Marc Fr\u00e9d\u00e9riksen, Gay France de Michel Caignet, ex-FANE, etc), d\\&rsquo;ailleurs d\u00e9favorablement connue des services de police en raisons de nombreuses affaires de p\u00e9dophilie. Soulignons seulement que ceux qui m\\&rsquo;attaquent parmi cette mouvance : le chef du GUD et d\\&rsquo;Unit\u00e9 Radicale Christian Bouchet, Emmanuel Ratier, de Faits et Documents, Alain de Benoist et Arnaud Guillot-Jeannin du GRECE, sont tous li\u00e9s entre eux et ont entretenus des contacts \u00e9troits avec ces mouvances satanistes (groupes satanistes-n\u00e9o-pa\u00efens d\\&rsquo;Aleister Crowley et de l\\&rsquo;Ordo Templis Orientis dont Bouchet est le chef de file secret et le grand adepte des \u00ab rites initiatiques sodomites \u00bb&#8230;), pro-nazies, r\u00e9visionnistes et\/ou nazi-p\u00e9dophiles (FANE ; GayFrance), d\\&rsquo;une certaine extr\u00eame-droite que seul l\\&rsquo;abject semble pouvoir d\u00e9finir et synth\u00e9tiser. Mieux, celui qui, dans l\\&rsquo;extr\u00eame-gauche, diffuse les m\u00eames rumeurs infamantes \u00e0 mon \u00e9gard, est \u00e9galement un ami d\\&rsquo;Alain de Benoist : Jean Yves Camus&#8230;<\/div>\n<div><\/div>\n<div>Enfin, ceux que me reprochent de publier des textes dans les revues ou sites proches de Synergies europ\u00e9ennes ou autres sites internet de la nouvelle droite, devraient s\\&rsquo;informer un peu mieux : premi\u00e8rement, je ne peux pas interdire qui que ce soit de diffuser mes th\u00e8ses et faire de la publicit\u00e9 pour mes livres, qui ont fortement d\u00e9plu au GRECE mais en revanche \u00e9t\u00e9 appr\u00e9ci\u00e9s cette mouvance g\u00e9opolitique dissidente du GRECE, apparemment non islamophile et non antisioniste, \u00e0 la diff\u00e9rence du GRECE d\\&rsquo;Alain de Benoist. Des textes \u00e9crits par moi dans les revues Strat\u00e9gique et G\u00e9ostrat\u00e9giques entre 1998 et 2001 ont bel et bien diffus\u00e9s sur les organes \u00e9crits ou internet de Synergies europ\u00e9ennes et d\\&rsquo;autres mouvances (sites juifs, chr\u00e9tiens, libertariens, de droite et de gauche, etc). Synergies europ\u00e9ennes a oubli\u00e9, certes, de signaler les sources, ce que j\\&rsquo;ai bien s\u00fbr r\u00e9clam\u00e9 imm\u00e9diatement. Y a t-il quelque chose de mal l\u00e0 dedans ? 250 occurrences relatent mes \u00e9crits sur Internet. On ne peux pas tout contr\u00f4ler sur le Net, pas m\u00eame ses propres textes, puisque je viens d\\&rsquo;apprendre par Jean Yves Camus qu\\&rsquo;un autre site Internet, World Report, diffuses des retranscriptions de conf\u00e9rences prononc\u00e9es il y a plusieurs ann\u00e9es o\u00f9 mes propos sont partiellement travestis.<\/div>\n<div><\/div>\n<div>P. R : Mais alors, pourquoi tout cela n\\&rsquo;a t-il pas \u00e9t\u00e9 dit plus t\u00f4t ou pr\u00e9cis\u00e9 par Jean Yves Camus ou d\\&rsquo;autres observateurs pourtant inform\u00e9s ?<\/div>\n<div><\/div>\n<div>A.d.V : Mais cela a \u00e9t\u00e9 dit notamment par Pierre Andr\u00e9 Taguieff qui a pris ma d\u00e9fense et me cite dans son dernier livre sur la Nouvelle jud\u00e9ophobie, ainsi que par le Bni\\&rsquo;Brith, organisation qui m\u00e8ne depuis des ann\u00e9es une lutte sans merci contre l\\&rsquo;extr\u00eame-droite et l\\&rsquo;antis\u00e9mitisme, sans oublier de nombreux sites internet juifs qui savent qui sont les vrais antifascistes et les vrais anti-racistes et qui diffusent toutes mes tribunes. Inversement, je ne suis aucunement surpris que des Gauchistes comme Jean Yves Camus ou autres qui \u00e9crivent dans des revues outranci\u00e8rement tiresmondistes, pro-palestiniennes ou ultra-immigrationnistes, m\\&rsquo;attaquent, dans la mesure o\u00f9, depuis la Shoah, c\\&rsquo;est autant au nom de l\\&rsquo;id\u00e9ologie d\\&rsquo;extr\u00eame-gauche pro-palestinienne et antisioniste &#8211; que d\u00e9fendent encore aujourd\\&rsquo;hui Rasl\\&rsquo;Front, les Trotskystes, le PC ou le Scalp &#8211; que les organisations terroristes genre Action Directe, Arm\u00e9e Rouge ou Carlos ont fait coul\u00e9 du sang juif apr\u00e8s \u00eatre all\u00e9s s\\&rsquo;entra\u00eener aupr\u00e8s des ma\u00eetres-terroristes de l\\&rsquo;OLP, du Fatah, du FDLP ou FPLP dans les camps palestiniens du Liban (Tel Al Zaatar, Beyrouth, etc) ou ceux du Hezbollah au Sud Liban ou dans la Bekaa. L\\&rsquo;ex-gauchiste n\u00e9o-gauche caviar allemande Jorka Fischer est l\\&rsquo;un des t\u00e9moins historiques de ce flirt Rouge Vert, un flirt antisioniste d\\&rsquo;autant plus douteux que nos bonnes consciences \u00ab anti-fascistes \u00bb de gauche et d\\&rsquo;extr\u00eame-gauche, adeptes des pro-khomeinistes Foucault ou Sartre, ne voyaient \u00e0 l\\&rsquo;\u00e9poque rien de mal \u00e0 \u00e9couter les d\u00e9lires antis\u00e9mites d\\&rsquo;Action Directe ou m\u00eame \u00e0 s\\&rsquo;entra\u00eener dans les m\u00eames camps terroristes pro-palestiniens que les n\u00e9o-nazis allemands du Groupe Hoffman&#8230;<\/div>\n<div><\/div>\n<div>La sinistre et cynique r\u00e9alit\u00e9 est que le gauchisme n\\&rsquo;aime le Juif que lorsque celui-ci est errant et pers\u00e9cut\u00e9, donc dont la douleur est instrumentalisable \u00e0 merci pour discr\u00e9diter l\\&rsquo;id\u00e9e d\\&rsquo;Etat, de Nation, d\\&rsquo;ordre tant honnie par le marxisme et h\u00e9las si terriblement souill\u00e9e par le nazisme. En revanche, le Juif cesse d\\&rsquo;int\u00e9resser et devient m\u00eame antipathique d\u00e8s lors qu\\&rsquo;il acc\u00e8de \u00e0 nouveau \u00e0 une dimension stato-nationale \u00e0 travers le sionisme et d\u00e8s lors qu\\&rsquo;il porte lui aussi un uniforme, d\u00e9fend un ordre, des fronti\u00e8res, et une civilisation, r\u00e9solument occidentale, \u00e0 laquelle ils pr\u00e9tendent appartenir jusqu\\&rsquo;en Isra\u00ebl, autant de notions et de valeurs que le marxisme, le trotskysme et l\\&rsquo;id\u00e9ologie soixante-huitarde du CRS SS d\u00e9testent. D\\&rsquo;o\u00f9 l\\&rsquo;apparent paradoxe &#8211; qui en fait n\\&rsquo;en est pas un &#8211; selon lequel le \u00ab facho \u00bb, le \u00ab raciste \u00bb, d\\&rsquo;apr\u00e8s les marxistes et les tiersmondistes, ce n\\&rsquo;est pas le \u00ab nazi vert \u00bb, islamiste, qui vitriole des filles en minijupe \u00e0 Alger ou ach\u00e8ve \u00e0 la mitraillette \u00e0 Louxor, J\u00e9rusalem, Islamabad ou Hebron et enseigne la haine du Juif en faisant la synth\u00e8se du Coran de Main Kampf et des Protocoles des Sages de Sion, mais ceux-l\u00e0 m\u00eames qui luttent contre ce qu\\&rsquo;Alain Finkielkraut a nomm\u00e9, dans sa D\u00e9faite de la Pens\u00e9e, le nouveau racisme du tiersmonde revanchard. Bref, est accus\u00e9 de racisme et de fascisme celui qui est l\\&rsquo;exact oppos\u00e9 du nouveau raciste-fasciste, en l\\&rsquo;occurrence vert, celui qui combat le Totalitarisme islamiste, historiquement li\u00e9 au nazisme depuis le Grand Mufti de J\u00e9rusalem et les Waffen SS bosno-albanais et permis part les Rouges qui ont en horreur leur civilisation occidentale et l\\&rsquo;id\u00e9e m\u00eame d\\&rsquo;Etat. C\\&rsquo;est que Mussolini et Hitler ayant fait l\\&rsquo;\u00e9loge absolu de l\\&rsquo;Etat et de la nation, il est logique que pour les Gauchistes, l\\&rsquo;immigration islamique incontr\u00f4l\u00e9e et l\\&rsquo;islamisme, quand bien m\u00eame ceux-ci importent en Occident une nouvelle jud\u00e9ophobie et une nouvelle forme de \u00ab fascisme vert \u00bb, selon l\\&rsquo;expression de Rachid Bouj\u00e9dra, sont \u00ab intrins\u00e8quement antifascistes \u00bb par le seul fait qu\\&rsquo;elles menacent de l\\&rsquo;int\u00e9rieur l\\&rsquo;Etat, la Nation, et en particulier les citoyens juifs, \u00ab agents sionistes \u00bb complices des \u00ab Nouveaux fascistes isra\u00e9liens \u00bb. Plus g\u00e9n\u00e9ralement, vous comprenez gr\u00e2ce \u00e0 cette grille d\\&rsquo;explication pourquoi m\u00eame les r\u00e9sistants et des anti-nazis historiques comme De Gaulle ou Pasqua ont \u00e9t\u00e9 longtemps trait\u00e9s de \u00ab fachos \u00bb et leurs policiers de \u00ab CRS SS \u00bb. Vous comprenez \u00e9galement, comme l\\&rsquo;explique Pierre Andr\u00e9 Taguieff dans \u00ab R\u00e9sister au bougisme \u00bb, pourquoi le nationaliste corse, le terroriste basque et m\u00eame le nationaliste terroriste-mafieux-islamiste albanais, sont des \u00ab r\u00e9sistants \u00bb, des \u00ab bons \u00bb face \u00e0 \u00ab l\\&rsquo;Etat SS \u00bb serbe, espagnol ou fran\u00e7ais, pourquoi la violence du policier est forc\u00e9ment ill\u00e9gitime et \u00ab r\u00e9pressive \u00bb, d\\&rsquo;essence fasciste, tandis que celle du Maghr\u00e9bin qui br\u00fble des voitures ou des synagogue ou de Jos\u00e9 Bov\u00e9 qui incendie des McDo est \u00ab l\u00e9gitime \u00bb, d\\&rsquo;essence anti-fasciste \u00bb, donc excusable.<\/div>\n<div><\/div>\n<h3>Mais pour revenir aux accusations port\u00e9es contre moi, et qui sont int\u00e9ressantes en tant qu\\&rsquo;illustrations du syndrome que je viens de d\u00e9crire, deux choses mesurprennent:<\/h3>\n<div><\/div>\n<div>&#8211; premi\u00e8rement, les rumeurs infond\u00e9es et les diffamations \u00e0 mon endroit viennent de deux milieux antagonistes mais objectivement alli\u00e9s, par haine anti-occidentale : l\\&rsquo;extr\u00eame-gauche et l\\&rsquo;extr\u00eame-droite n\u00e9o-pa\u00efenne et pro-islamique. J\\&rsquo;en parlais r\u00e9cemment avec l\\&rsquo;ancien chef de file de la lutte contre l\\&rsquo;extr\u00eame-droite, Pierre Andr\u00e9 Taguieff, lequel me confirmait les relations existant entre Emmanuel Ratier et les Rouges Bruns puis les liens d\\&rsquo;amiti\u00e9s et de collaboration liant Alain de Benoist et Jean Yves Camus. Les d\u00e9boires personnels de Taguieff, pourtant insoup\u00e7onnable d\\&rsquo;\u00eatre d\\&rsquo;extr\u00eame-droite ou m\u00eame de droite, avec les \u00ab antiracistes \u00bb d\\&rsquo;extr\u00eame-gauche, sont en la mati\u00e8re particuli\u00e8rement r\u00e9v\u00e9lateurs de la propension typiquement fran\u00e7aise et europ\u00e9enne (\u00e0 la diff\u00e9rence du monde anglo-saxon o\u00f9 le gauchisme est moins h\u00e9g\u00e9monique intellectuellement) consistant \u00e0 accabler d\\&rsquo;extr\u00eame-droitisme les v\u00e9ritables anti-fascistes et ceux qui luttent contre les nouvelles formes de jud\u00e9ophobie : c\\&rsquo;est ainsi qu\\&rsquo;il y a quelques ann\u00e9es, les m\u00eames mouvances extr\u00e9mistes de gauche tiersmondistes et pro-islamiques dont se r\u00e9clament Camus et Monzat, accus\u00e8rent Taguieff, comme moi aujourd\\&rsquo;hui, d\\&rsquo;\u00eatre proche de la Nouvelle Droite et d\\&rsquo;Alain de Benoist au seul motif d\\&rsquo;avoir particip\u00e9, lui aussi, \u00e0 des colloques du GRECE &#8211; ce qui permit entre autres \u00e0 P. Andr\u00e9 Taguieff d\\&rsquo;\u00e9crire le plus accablant des ouvrages contre La Nouvelle Droite &#8211; et, pire des crimes ! Taguieff devra attendre d\\&rsquo;\u00eatre secouru par une s\u00e9rie d\\&rsquo;intellectuels et personnalit\u00e9s de Gauche lors d\\&rsquo;une p\u00e9tition publi\u00e9e dans le journal Le Monde pour qu\\&rsquo;une campagne de diabolisation centr\u00e9e sur sa participation au \u00ab complot Rouge Brun \u00bb s\\&rsquo;arr\u00eate. Parmi les animateurs de cette campagne honteuse : l\\&rsquo;incontournable Jean Yves Camus qui avait pourtant \u00e9t\u00e9 un disciple de Taguieff et qui lui devait en grande partie sa carri\u00e8re d\\&rsquo;antiraciste patent\u00e9. Cette histoire est tout de m\u00eame extraordinaire car Taguieff, analyste impitoyable de l\\&rsquo;extr\u00eame droite, coqueluche intellectuelle de la communaut\u00e9 juive de surcro\u00eet, est celui que l\\&rsquo;on pouvait le moins accuser de complaisance avec les Bruns Rouges, qu\\&rsquo;il d\u00e9nonce presque \u00e0 \u00e9quivalence et dont il a \u00e9t\u00e9 le premier \u00e0 d\u00e9socculter les connexions id\u00e9ologiques. Selon moi, il fut attaqu\u00e9 pr\u00e9cis\u00e9ment parce qu\\&rsquo;il commit le p\u00each\u00e9 originel inexpiable d\\&rsquo;\u00eatre radicalement r\u00e9fractaire au gauchisme et, pire encore, d\\&rsquo;avoir tent\u00e9 de r\u00e9habiliter la nation \u00e0 travers la notion de \u00ab nationisme \u00bb qu\\&rsquo;il forgea dans ses diff\u00e9rents \u00e9crits, d\\&rsquo;o\u00f9 d\\&rsquo;ailleurs sa proximit\u00e9 id\u00e9ologique avec Jean Pierre Chev\u00e8nement et son r\u00f4le cl\u00e9 au sain de la fondation du 2 Mars, ex-Fondation Marc Bloch, laquelle propose lutter contre les fascismes brun, vert et rouge ainsi que contre le racisme communautariste et le mondialisme, ceci au moyen de la r\u00e9habilitation d\\&rsquo;une forme de \u00ab souverainisme de gauche \u00bb. Comble de l\\&rsquo;ironie, en France, vous \u00eates accus\u00e9 d\\&rsquo;\u00eatre pour l\\&rsquo;extr\u00eame droite d\u00e8s lors que vous \u00e9tudiez celle-ci de mani\u00e8re objective et \u00e9quilibr\u00e9e comme Pierre Andr\u00e9 Taguieff ou moi-m\u00eame &#8211; c\\&rsquo;est-\u00e0-dire sans le faire au nom de l\\&rsquo;internationalisme gauchisant &#8211; ou d\u00e8s lors que acceptez sans ostracisme et par souci d\u00e9mocratique, le d\u00e9bat et la controverse.<\/div>\n<div><\/div>\n<div>&#8211; Deuxi\u00e8mement, je reste surpris par le fait que les m\u00eames Jean Yves Camus ou autres Monzat de Ras l\\&rsquo;Front ou Charlie Hebdo, qui taxent d\\&rsquo;extr\u00eame droite ceux qui d\u00e9noncent l\\&rsquo;islamisme, n\\&rsquo;ont jamais d\u00e9nonc\u00e9 les accointances n\u00e9o-droiti\u00e8res du c\u00e9l\u00e8bre professeur ex-communiste et \u00ab anti-raciste \u00bb Bruno Etienne qui, \u00e0 Aix-en-Provence, fut le v\u00e9ritable instigateur d\\&rsquo;une mouvance intellectuelle Rouge-Brun au sein du GRECE et de la Nouvelle Droite n\u00e9o-pa\u00efenne qu\\&rsquo;il affectionnait (il l\\&rsquo;avouait lors de ses cours) parce qu\\&rsquo;elle \u00e9tait \u00ab anti-catholique \u00bb, anti-r\u00e9actionnaire \u00bb et anti-sionisto-am\u00e9ricaine \u00bb. Ce m\u00eame professeur \u00ab anti-facho \u00bb m\\&rsquo;avait vou\u00e9 aux g\u00e9monies et soumis \u00e0 la r\u00e9ductio ad Hitlerum parce j\\&rsquo;avais fait une \u00e9tude de terrain non diabolisatrice aupr\u00e8s des Maronites du Liban, alors alli\u00e9s \u00e0 Isra\u00ebl, et mis en \u00e9vidence les activit\u00e9s criminelles, terroristes et les actes de massacres de villages entiers de Chr\u00e9tiens par l\\&rsquo;OLP de Yasser Arafat, responsable en grande partie de la guerre civile libanaise et li\u00e9 &#8211; d\u00e9j\u00e0 !- aux Islamistes du Hezbollah que l\\&rsquo;on nommait alors en toute candeur munichoise les \u00ab islamo-progressistes \u00bb. L\\&rsquo;action de ce professeur rouge brun qui exprimait en plein cours sa haine des chr\u00e9tiens maronites libanais \u00ab pro-sionistes \u00bb et des \u00ab terroristes isra\u00e9liens \u00bb, sa haine des \u00ab pieds-noirs &#8211; n\u00e9o-fran\u00e7ais \u00bb et qui invitait ses \u00e9tudiants d\u00e9sinform\u00e9s, dont j\\&rsquo;\u00e9tais, au d\u00e9part, \u00e0 assister aux conf\u00e9rences du GRECE, n\\&rsquo;a \u00e9tonnamment jamais \u00e9t\u00e9 d\u00e9nonc\u00e9e \u00e0 ma connaissance par Jean Yves Camus . Il oublie ainsi de pr\u00e9ciser que ce qu\\&rsquo;on appela la \u00ab nouvelle droite \u00bb, anti-chr\u00e9tienne, antisioniste, anti-imp\u00e9rialiste, tiers-mondiste et pro-islamique, donc apparemment \u00ab progressiste \u00bb mais secr\u00e8tement n\u00e9o-nazie, eut un moment pignon sur rue dans la presse et m\u00eame l\\&rsquo;universit\u00e9, avant que les affaires r\u00e9visionnistes impliquant certains de ses membres (Notin) n\\&rsquo;\u00e9clatent au grand jour dans les ann\u00e9es 90, gr\u00e2ce \u00e0 l\\&rsquo;accointance et au pacte de non agression pass\u00e9 entre cette mouvance et une certaine extr\u00eame-gauche intellectuelle radicalement mais habilement antisioniste qui lui servit de relais et de caution.<\/div>\n<div><\/div>\n<div>Pour ma part, je n\\&rsquo;ai cess\u00e9 d\\&rsquo;\u00e9tudier, depuis les ann\u00e9es o\u00f9 j\\&rsquo;\u00e9tais \u00e9tudiant \u00e0 Aix et o\u00f9 Bruno Etienne nous fit conna\u00eetre la dite Nouvelle droite, ces terrifiantes et sournoises connexions islamo-nazies et islamo-gauchistes dans mes livres pr\u00e9c\u00e9dants (et \u00e0 para\u00eetre). J\\&rsquo;ajouterai en ultime conclusion, que lorsque je passe sur des radios d\\&rsquo;extr\u00eame-gauche, de gauche (radio Aligre, radio Grenouille \u00e0 Paris) arabes (radio Beur), juives (radios J, Juda\u00efque FM, Radio Shalom, etc), \u00e9cris dans des revues de Gauche (H\u00e9rodote), arm\u00e9niennes (Nouvelles d\\&rsquo;Arm\u00e9nie) ou catholiques mod\u00e9r\u00e9es (Le P\u00e8lerin magazine), participe \u00e0 des colloques ou r\u00e9unions organis\u00e9s aux Salon Karl Marx par les \u00ab Amis du Monde Diplomatique \u00bb, ou m\u00eame me rapproche de la Fondation du 2 Mars dont le Pr\u00e9sident est Pierre Andr\u00e9 Taguieff, sans parler du fait que je suis membre depuis des ann\u00e9es du Club de r\u00e9flexion proche du parti socialiste \u00ab D\u00e9mocraties \u00bb, cela est syst\u00e9matiquement occult\u00e9 par les Jean Yves Camus qui ne retiennent que les rares passages pourtant non complaisants au sein de colloques de la Nouvelle droite, car en France, lorsque vous \u00eates un intellectuel ou un g\u00e9opolitologue ind\u00e9pendant qui analyse sans complaisance le p\u00e9ril totalitaire islamiste et ses ramifications rouge-brunes, vous \u00eates forc\u00e9ment accus\u00e9 d\\&rsquo;\u00eatre \u00ab islamophobe \u00bb, comme l\\&rsquo;a dit Alain Gresh concerant Pierre Andr\u00e9 Taguieff et moi-m\u00eame, \u00ab imp\u00e9rialiste \u00bb, donc \u00ab droitiste \u00bb, donc \u00ab colonialisto-sioniste \u00bb et nostalgique des Croisades, ce qui montre encore une fois combien la rh\u00e9torique de Ben Laden fustigeant les \u00ab Jud\u00e9o-crois\u00e9s \u00bb et instrumentalisant les douleurs d\\&rsquo;Hiroshima, d\\&rsquo;Irak et de Palestine, est en total accord avec tout l\\&rsquo;argumentaire gauchiste essentiellement fond\u00e9 sur la haine de soi occidentale et la mauvaise conscience. Les attaques \u00e0 mon endroit et les tentatives visant \u00e0 discr\u00e9diter mes travaux contre le \u00ab fascisme islamiste \u00bb s\\&rsquo;expliquent essentiellement par cette haine de soi, commune \u00e0 l\\&rsquo;extr\u00eame droite n\u00e9o-pa\u00efenne anti-jud\u00e9o-chr\u00e9tienne et nihiliste, et l\\&rsquo;extr\u00eame-gauche anti-occidentale antisioniste et tiersmondiste. A mon sens, la meilleure fa\u00e7on de lutter contre Al Qa\u00efda, Ben Laden et l\\&rsquo;Islamisme, c\\&rsquo;est d\\&rsquo;abord de nous r\u00e9concilier avec notre propre civilisation occidentale, humaniste et universaliste, dont nous devons \u00eatre fiers des moments de gloire et des acquis en mati\u00e8re des droits de l\\&rsquo;Homme et de la femme. En termes clairs, c\\&rsquo;est la haine de soi occidentale entretenue par les id\u00e9ologies subversives d\\&rsquo;extr\u00eame gauche qui est le meilleur alli\u00e9 du Totalitarisme islamiste et que l\\&rsquo;on doit emp\u00eacher \u00e0 tout prix de susciter un \u00ab nouveau Munich \u00bb vert, lequel pourrait \u00eatre fatal pour l\\&rsquo;Am\u00e9rique et l\\&rsquo;Europe autant que pour Isra\u00ebl.<\/div>\n<div><\/div>\n<h3>Alexandre del Valle est notamment l\\&rsquo;auteur de l\\&rsquo;essai \u00ab Guerres contre l\\&rsquo;Europe \u00bb, \u00e9ditions des Syrtes, 2001, dans lequel il d\u00e9crit le nouvel \u00e9chiquier g\u00e9ostrat\u00e9gique mondial et en particulier le p\u00e9ril islamiste terroriste lanc\u00e9 \u00e0 l\\&rsquo;assaut de l\\&rsquo;Occident et du monde non-musulman.<\/h3>\n<div><\/div>\n<\/div>\n<\/div>\n<\/div>\n<\/div>\n<\/div>\n<\/div>\n<\/div>\n<\/div>\n<\/div>\n<\/div>\n<div class=\\\"yj6qo\\\"><\/div>\n<div class=\\\"adL\\\">\n<p>La suite de l\u2019article se trouve dans le prochain num\u00e9ro d\u2019Isra\u00ebl Magazine<\/p>\n<p>D\u00e9couvrez un exemplaire du magazine gratuitement et cliquez ensuite sur le rebord droit<\/p>\n<p><a href=\\\"https:\/\/online.fliphtml5.com\/rjspi\/mxre\/\\\">https:\/\/online.fliphtml5.com\/rjspi\/mxre\/<\/a><\/p>\n<p>Votre magazine livr\u00e9 chez vous en toute confidentialit\u00e9 S\u2019abonner au magazine par t\u00e9l\u00e9phone ou par whats app 00972 (0) 54 254 45 20 ou au 01 86 98 27 27<\/p>\n<p>Par email\u00a0 Andredarmon21@gmail.com<\/p>\n<p>directement sur le site https:\/\/israelmagazine.co.il\/sabonner-au-magazine\/<\/p>\n<p>Ou encore S\u2019abonner au magazine livr\u00e9 chez vous en toute confidentialit\u00e9. Remplir le formulaire<\/p>\n<p><a href=\\\"https:\/\/docs.google.com\/forms\/d\/e\/1FAIpQLSfPYJfb8KjEya-X17w0DGPAuBlCGvqVUdh_Is8EL810Lxw82A\/viewform?entry.1189475001=Recipient_Email\\\">https:\/\/docs.google.com\/forms\/d\/e\/1FAIpQLSfPYJfb8KjEya-X17w0DGPAuBlCGvqVUdh_Is8EL810Lxw82A\/viewform?entry.1189475001=Recipient_Email<\/a><\/p>\n<p>&nbsp;<\/p>\n<p>&nbsp;<\/p>\n<\/div>\n<\/div>\n<\/div>\n<div class=\\\"hi\\\"><\/div>\n<\/div>\n<\/div>\n<div class=\\\"ajx\\\"><\/div>\n<\/div>\n<div class=\\\"gA gt acV\\\">\n<div class=\\\"gB xu\\\"><\/div>\n<\/div>\n<\/div>\n<\/div>\n<\/div>\n<\/div>\n<\/div>\n<\/div>\n<div class=\\\"h7 ie\\\" tabindex=\\\"-1\\\" role=\\\"listitem\\\">\n<div class=\\\"Bk\\\">\n<div class=\\\"G3 G2 afm\\\">\n<div id=\\\":ju\\\">\n<div class=\\\"adn ads\\\" data-message-id=\\\"#msg-a:r-6497183896225691805\\\" data-legacy-message-id=\\\"17a3992a3415f975\\\">\n<div class=\\\"gs\\\">\n<div id=\\\":jz\\\">\n<div class=\\\"qQVYZb\\\"><\/div>\n<div class=\\\"utdU2e\\\"><\/div>\n<div class=\\\"lQs8Hd\\\"><\/div>\n<div class=\\\"btm\\\"><\/div>\n<\/div>\n<div class=\\\"\\\">\n<div id=\\\":o6\\\" tabindex=\\\"-1\\\"><\/div>\n<\/div>\n<\/div>\n<\/div>\n<\/div>\n<\/div>\n<\/div>\n<\/div>\n","protected":false},"excerpt":{"rendered":"<p>Interview d\\&rsquo;Alexandre del Valle* \u00e0 Isra\u00ebl Magazine Entretien\u00a0 fait en 2003. Interview d\\&rsquo;Alexandre del Valle* \u00e0 Isra\u00ebl Magazine, r\u00e9cemment attaqu\u00e9 \u00e0 la fois par les milieux d\\&rsquo;extr\u00eame-gauche et d\\&rsquo;extr\u00eame-droite et \u00e0 qui nous avons d\u00e9cid\u00e9 de donner la parole dans la mesure o\u00f9 on lui reproche sa \u00ab sionistophilie \u00bb et sa d\u00e9nonciation implacable de &hellip;<\/p>\n<p class=\"read-more\"> <a class=\"\" href=\"https:\/\/israelmagazine.net\/?p=55639\"> <span class=\"screen-reader-text\">Interview d\\&rsquo;Alexandre del Valle* \u00e0 Isra\u00ebl Magazine<\/span> Lire la suite \u00bb<\/a><\/p>\n","protected":false},"author":4,"featured_media":54848,"comment_status":"open","ping_status":"open","sticky":false,"template":"","format":"standard","meta":{"site-sidebar-layout":"default","site-content-layout":"default","ast-global-header-display":"","ast-main-header-display":"","ast-hfb-above-header-display":"","ast-hfb-below-header-display":"","ast-hfb-mobile-header-display":"","site-post-title":"","ast-breadcrumbs-content":"","ast-featured-img":"","footer-sml-layout":"","theme-transparent-header-meta":"","adv-header-id-meta":"","stick-header-meta":"","header-above-stick-meta":"","header-main-stick-meta":"","header-below-stick-meta":""},"categories":[1821,1612,2283,1615],"tags":[1063,825,2346,2921,1635,810,845,1474,815,937,2569,1638],"sujet":[],"_links":{"self":[{"href":"https:\/\/israelmagazine.net\/index.php?rest_route=\/wp\/v2\/posts\/55639"}],"collection":[{"href":"https:\/\/israelmagazine.net\/index.php?rest_route=\/wp\/v2\/posts"}],"about":[{"href":"https:\/\/israelmagazine.net\/index.php?rest_route=\/wp\/v2\/types\/post"}],"author":[{"embeddable":true,"href":"https:\/\/israelmagazine.net\/index.php?rest_route=\/wp\/v2\/users\/4"}],"replies":[{"embeddable":true,"href":"https:\/\/israelmagazine.net\/index.php?rest_route=%2Fwp%2Fv2%2Fcomments&post=55639"}],"version-history":[{"count":0,"href":"https:\/\/israelmagazine.net\/index.php?rest_route=\/wp\/v2\/posts\/55639\/revisions"}],"wp:featuredmedia":[{"embeddable":true,"href":"https:\/\/israelmagazine.net\/index.php?rest_route=\/"}],"wp:attachment":[{"href":"https:\/\/israelmagazine.net\/index.php?rest_route=%2Fwp%2Fv2%2Fmedia&parent=55639"}],"wp:term":[{"taxonomy":"category","embeddable":true,"href":"https:\/\/israelmagazine.net\/index.php?rest_route=%2Fwp%2Fv2%2Fcategories&post=55639"},{"taxonomy":"post_tag","embeddable":true,"href":"https:\/\/israelmagazine.net\/index.php?rest_route=%2Fwp%2Fv2%2Ftags&post=55639"},{"taxonomy":"sujet","embeddable":true,"href":"https:\/\/israelmagazine.net\/index.php?rest_route=%2Fwp%2Fv2%2Fsujet&post=55639"}],"curies":[{"name":"wp","href":"https:\/\/api.w.org\/{rel}","templated":true}]}}