{"id":55817,"date":"2021-08-12T14:26:47","date_gmt":"2021-08-12T11:26:47","guid":{"rendered":"https:\/\/israelmagazine.net\/?p=55817"},"modified":"2021-08-12T14:26:47","modified_gmt":"2021-08-12T11:26:47","slug":"tribune-sur-lapartheid-en-israel","status":"publish","type":"post","link":"https:\/\/israelmagazine.net\/?p=55817","title":{"rendered":"Tribune sur \\\u00a0\u00bbl\\&rsquo;apartheid en Isra\u00ebl\\\u00a0\u00bb :"},"content":{"rendered":"<p><strong>Tribune sur \\\u00a0\u00bbl\\&rsquo;apartheid en Isra\u00ebl\\\u00a0\u00bb : <\/strong><\/p>\n<p><img class=\\\"size-medium wp-image-55649\\\" src=\\\"https:\/\/israelmagazine.co.il\/wp-content\/uploads\/2021\/06\/couv-def-233x300.jpg\\\" alt=\\\"azerba\u00efdjanaises\\\" width=\\\"233\\\" height=\\\"300\\\" \/><\/p>\n<p><strong><em>Une centaine d\\&rsquo;intellectuels, personnalit\u00e9s artistiques et citoyens expriment leur indignation suite \u00e0 une tribune dans Lib\u00e9ration appelant \u00e0 la \\\u00a0\u00bbfin de l\\&rsquo;apartheid en Isra\u00ebl\\\u00a0\u00bb.<\/em><\/strong><\/p>\n<p>Les Juifs et les vrais antiracistes sont en col\u00e8re.<\/p>\n<p><strong><em>Par Yana Grinshpun, Liliane Messika, Alexandre Feigenbaum, Jean-Pierre Lledo, Beate, Serge et Arno Klarsfeld, Pascal Bruckner, Eli Chouraqui et une centaine de personnalit\u00e9s. <\/em><\/strong><\/p>\n<p><strong>En col\u00e8re contre les m\u00e9dias qui prennent leurs d\u00e9sirs pour des r\u00e9alit\u00e9s.<\/strong><\/p>\n<p>Le 6 juillet 2021, <em>Lib\u00e9ration<\/em> a <u><a href=\\\"https:\/\/www.liberation.fr\/idees-et-debats\/tribunes\/pour-que-2021-soit-lannee-de-la-fin-de-lapartheid-en-israel-20210727_DRP24UOQRFB7TBR3KZFVYEEG6A\/\\\">publi\u00e9 un \u00e9ni\u00e8me manifeste antisioniste<\/a><\/u>, sign\u00e9 par la clique des obs\u00e9d\u00e9s que l\\&rsquo;existence de l\\&rsquo;\u00c9tat h\u00e9breu emp\u00eache de dormir. Celui-ci est sign\u00e9 par un \\\u00a0\u00bbcollectif de 1000 personnalit\u00e9s reconnues \\\u00a0\u00bb, reconnues par <em>Lib\u00e9ration<\/em> comme isra\u00e9lophobiquement correctes, dans un but officiel : \\\u00a0\u00bbPour que 2021 soit l\\&rsquo;ann\u00e9e de la fin de l\\&rsquo;apartheid en Isra\u00ebl.\\\u00a0\u00bb Le d\u00e9sir des signataires n\\&rsquo;est surtout pas que l\\&rsquo;apartheid, qui n\\&rsquo;existe que dans leur imaginaire, cesse, mais que le monde entier partage leur pr\u00e9jug\u00e9 anti-isra\u00e9lien.<\/p>\n<p><strong>La r\u00e9alit\u00e9 d\\&rsquo;Isra\u00ebl<\/strong>, c\\&rsquo;est une d\u00e9mocratie envi\u00e9e par une bonne partie des habitants de tous les pays arabo-musulmans r\u00e9gis par la charia. En Isra\u00ebl, les citoyens ont tous les m\u00eames droits, au point que le gouvernement actuel est constitu\u00e9 d\\&rsquo;une coalition de plusieurs partis dont un parti arabe se r\u00e9clamant des Fr\u00e8res musulmans, interdits dans presque tous les pays arabes.<\/p>\n<p><strong>La r\u00e9alit\u00e9 d\\&rsquo;Isra\u00ebl<\/strong>, c\\&rsquo;est que les Juifs, pr\u00e9sents sans discontinuer sur cette terre depuis pr\u00e8s de 3000 ans, se sont lib\u00e9r\u00e9s, en 1948, de 1400 ans de colonisations et de pers\u00e9cutions musulmanes et de 28 ans de colonisation britannique. La r\u00e9alit\u00e9 c\\&rsquo;est que les islamistes refusent qu\\&rsquo;une terre conquise par l\\&rsquo;Islam puisse se lib\u00e9rer. Pour eux, les Juifs ne sont que des \\\u00a0\u00bbdhimmis\\\u00a0\u00bb, des \u00eatres inf\u00e9rieurs, et en islam l\\&rsquo;on ne n\u00e9gocie pas avec les dhimmis ! Mais leur vrai but, \u00e0 peine voil\u00e9, n\\&rsquo;est-il pas que s\\&rsquo;accomplisse leur r\u00eave de rayer Isra\u00ebl de la carte du Moyen Orient ? Et ce, alors que les Juifs sont indig\u00e8nes de cette terre depuis 3000 ans, bien des si\u00e8cles avant l\\&rsquo;arriv\u00e9e des Arabes, des Turcs, des Britanniques et autres colonisateurs.<\/p>\n<h3><strong>Nous sommes en col\u00e8re contre les intellectuels qui n\\&rsquo;utilisent pas leur intellect.<\/strong><\/h3>\n<p>Les pires ennemis des Juifs sont ceux qui croient leur l\u00e9gitimit\u00e9 garantie par des \u00e9tiquettes s\u00e9duisantes : \\\u00a0\u00bbuniversit\u00e9\\\u00a0\u00bb, \\\u00a0\u00bbdroits de l\\&rsquo;homme\\\u00a0\u00bb, \\\u00a0\u00bbdroit international\\\u00a0\u00bb, \\\u00a0\u00bbantiracisme\\\u00a0\u00bb, \\\u00a0\u00bbcause palestinienne\\\u00a0\u00bb, \\\u00a0\u00bbsupr\u00e9matisme juif\\\u00a0\u00bb&#8230; Ils agglom\u00e8rent les haines et les frustrations autour d\\&rsquo;un bouc \u00e9missaire, le m\u00eame depuis pr\u00e8s 2000 ans.<\/p>\n<p>Les signataires du pr\u00e9sent texte en ont marre de voir les Juifs de France \u00eatre la cible des communistes et des anti-communistes, des homophobes et des \\\u00a0\u00bbLGBTAZERTY++\\\u00a0\u00bb, des lep\u00e9nistes vintage et des m\u00e9lenchonistes \u00e9ternels, des antisionistes et des \\\u00a0\u00bbislamistophiles\\\u00a0\u00bb, des f\u00e9ministes new age et des transphobes, des combattants pour le droit des peuples \u00e0 disposer d\\&rsquo;eux-m\u00eames et des \\\u00a0\u00bbanti-droit-du-peuple-juif-\u00e0-d\u00e9cider-pour-lui-m\u00eame\\\u00a0\u00bb, des nationalistes souverainistes et des universalistes anti-mondialistes, bref, de tous ceux qui ont besoin d\\&rsquo;une victime \u00e0 sauver et d\\&rsquo;un coupable \u00e0 ha\u00efr. Douze Juifs ont \u00e9t\u00e9 tu\u00e9s en France parce que Juifs depuis 2003. A-t-on jamais entendu ces \\\u00a0\u00bbexperts\\\u00a0\u00bb crier : \\\u00a0\u00bbje suis Ilan Halimi, S\u00e9bastien Selam, Mireille Knoll, Myriam Monson\u00e9go, Sarah Halimi, etc.\\\u00a0\u00bb ?<\/p>\n<p><strong>Ces \\\u00a0\u00bbintellectuels\\\u00a0\u00bb, savent-ils que &#8230; <\/strong><\/p>\n<p>&#8230; Au cours des dix derni\u00e8res ann\u00e9es le nombre d\\&rsquo;\u00e9tudiants arabes inscrits dans les universit\u00e9s isra\u00e9liennes a augment\u00e9 de 78% ? Pourquoi s\\&rsquo;inscrivent-ils dans les universit\u00e9s isra\u00e9liennes, alors que la Cisjordanie dispose d\\&rsquo;une quarantaine d\\&rsquo;universit\u00e9s, instituts, centres de recherches etc. ? Combien de Juifs isra\u00e9liens y sont-ils \u00e9tudiants ? Z\u00e9ro : ils ne peuvent entrer dans les Territoires palestiniens que sous protection militaire. Sinon, ils sont kidnapp\u00e9s (comme deux d\u00e9ficients mentaux isra\u00e9liens, <u><a href=\\\"https:\/\/www.letemps.ch\/monde\/hamas-detient-deux-nouveaux-otages-israeliens\\\">prisonniers au secret \u00e0 Gaza depuis 2014<\/a><\/u> ) ou lynch\u00e9s \u00e0 mort, sur place, comme c\\&rsquo;est arriv\u00e9 \u00e0 <u><a href=\\\"https:\/\/www.youtube.com\/watch?v=5HGlQg_xoJ8\\\">deux r\u00e9servistes \u00e9gar\u00e9s \u00e0 Ramallah en 2000 <\/a><\/u>et ce sous les yeux de journalistes rest\u00e9s tous silencieux (\u00e0 l\\&rsquo;exception d\\&rsquo;un Italien). Savent-ils que depuis des d\u00e9cennies, la moiti\u00e9 du personnel m\u00e9dical des h\u00f4pitaux isra\u00e9liens est constitu\u00e9e d\\&rsquo;Arabes isra\u00e9liens ? Comment auraient-ils pu obtenir leurs dipl\u00f4mes si l\\&rsquo;apartheid existait? Comment pourraient-ils \u00eatre chefs de service, directeurs des d\u00e9partements, responsables des urgences dans les h\u00f4pitaux isra\u00e9liens?<\/p>\n<p><strong>Ces intellectuels <\/strong>veulent ignorer <u><a href=\\\"https:\/\/www.nytimes.com\/2009\/10\/20\/opinion\/20bernstein.html?_r=1&amp;em\\\">les propos du fondateur de Human Rights Watch <\/a><\/u>(d\u00e9crite par Lib\u00e9ration comme une \\\u00a0\u00bbONG internationale de d\u00e9fense des droits humains mondialement respect\u00e9e\\\u00a0\u00bb), qui a choisi d\\&rsquo;en d\u00e9missionner : \\\u00a0\u00bbl\\&rsquo;organisation avait perdu toute perspective critique sur les \u00e9v\u00e9nements au Moyen-Orient : la r\u00e9gion est peupl\u00e9e de r\u00e9gimes autoritaires dont le bilan en mati\u00e8re de droits de l\\&rsquo;homme est \u00e9pouvantable. Pourtant, ces derni\u00e8res ann\u00e9es, Human Rights Watch a \u00e9mis beaucoup plus de condamnations d\\&rsquo;Isra\u00ebl pour des violations du droit international que contre tout autre pays de la r\u00e9gion\\\u00a0\u00bb.<\/p>\n<h3><strong>Si ces \\\u00a0\u00bbintellectuels\\\u00a0\u00bb \u00e9taient vraiment contre l\\&rsquo;apartheid, ils le condamneraient partout.<\/strong><\/h3>\n<p>Les seuls \u00c9tats o\u00f9 r\u00e8gne un apartheid syst\u00e9mique, ancr\u00e9 dans les textes officiels, sont ceux r\u00e9gis par la charia, l\u00e0 o\u00f9 les hommes sont sup\u00e9rieurs aux femmes et les musulmans sup\u00e9rieurs \u00e0 tous les autres habitants de la plan\u00e8te. Or, bizarrement ce sont les seuls \u00e0 b\u00e9n\u00e9ficier de l\\&rsquo;indulgence et de l\\&rsquo;impunit\u00e9 de ces redresseurs de torts.<\/p>\n<p>Oui, l\\&rsquo;apartheid, le vrai, existe, mais aux portes d\\&rsquo;Isra\u00ebl, dans les entit\u00e9s palestiniennes Judenrein (purifi\u00e9es des Juifs) de Gaza et de Cisjordanie, o\u00f9 pas un Juif n\\&rsquo;est tol\u00e9r\u00e9. Son pr\u00e9sident \u00e9lu pour quatre ans en 2005, <u><a href=\\\"https:\/\/www.memri.org\/tv\/palestinian-president-mahmoud-abbas-jews-have-no-right-defile-al-aqsa-mosque-their-filthy-feet\\\">a d\u00e9clar\u00e9 \u00e0 la t\u00e9l\u00e9vision officielle de l\\&rsquo;Autorit\u00e9 palestinienne<\/a><\/u> : \\\u00a0\u00bbLa mosqu\u00e9e Al-Aqsa et l\\&rsquo;\u00e9glise du Saint-S\u00e9pulcre sont \u00e0 nous. Elles ne sont qu\\&rsquo;\u00e0 nous et ils n\\&rsquo;ont pas le droit de les souiller avec leurs pieds r\u00e9pugnants.\\\u00a0\u00bb Le m\u00eame Abbas, employant indiff\u00e9remment en arabe les termes \\\u00a0\u00bbjuif\\\u00a0\u00bb et \\\u00a0\u00bbisra\u00e9lien\\\u00a0\u00bb, <u><a href=\\\"http:\/\/www.foxnews.com\/opinion\/2016\/09\/14\/all-jews-out-palestine-is-not-peace-plan.html\\\">souligne \u00e0 propos d\\&rsquo;un \u00e9ventuel trait\u00e9 de paix<\/a><\/u> : \\\u00a0\u00bbDans une r\u00e9solution finale, nous ne verrons pas la pr\u00e9sence d\\&rsquo;un seul Isra\u00e9lien &#8211; civil ou soldat &#8211; sur notre territoire&#8230; \\\u00a0\u00bb<\/p>\n<p><strong>Si ces \\\u00a0\u00bbantisionistes\\\u00a0\u00bb \u00e9taient honn\u00eates &#8230;<\/strong><\/p>\n<p>&#8230; Ils manifesteraient contre la dictature de Mahmoud Abbas \u00e0 Ramallah et de Yahya Sinwar \u00e0 Gaza, ils soutiendraient le peuple palestinien qui souffre de la corruption et de la dictature de ses dirigeants, lesquels envoient soigner leurs familles et se font soigner eux-m\u00eames dans les h\u00f4pitaux de \\\u00a0\u00bbl\\&rsquo;apartheid isra\u00e9lien\\\u00a0\u00bb.<\/p>\n<p>&#8230; Ils auraient d\u00e9nonc\u00e9 le r\u00e9cent assassinat de sang-froid de Nizar Banat, seul opposant \u00e0 Mahmoud Abbas, par les tortionnaires de sa police politique.<\/p>\n<p>&#8230; Ils se rappelleraient les mots de Frantz Fanon : \\\u00a0\u00bbQuand vous entendez dire du mal des Juifs, dressez l\\&rsquo;oreille, on parle de vous.\\\u00a0\u00bb<\/p>\n<p>&#8230; Ils rougiraient en se reconnaissant dans les propos du visionnaire Vladimir Jank\u00e9l\u00e9vitch : \\\u00a0\u00bbL\\&rsquo;antisionisme est une incroyable aubaine, car il nous donne la permission &#8211; et m\u00eame le droit, et m\u00eame le devoir &#8211; d\\&rsquo;\u00eatre antis\u00e9mite au nom de la d\u00e9mocratie ! L\\&rsquo;antisionisme est l\\&rsquo;antis\u00e9mitisme justifi\u00e9, mis enfin \u00e0 la port\u00e9e de tous. Il est la permission d\\&rsquo;\u00eatre d\u00e9mocratiquement antis\u00e9mite. Et si les juifs \u00e9taient eux-m\u00eames des nazis ? Ce serait merveilleux.\\\u00a0\u00bb<\/p>\n<h3>Mais, honn\u00eates, ils ne le sont point, ils sont juste antisionistes&#8230;<\/h3>\n<p><em>Les signataires : Yana Grinshpun (linguiste et analyste du discours, ma\u00eetre de conf\u00e9rences), Liliane Messika (\u00e9crivain, traductrice), Alexandre Feigenbaum (chercheur, pr\u00e9sident de Dhimmi Watch), Jean-Pierre Lledo (cin\u00e9aste, \u00e9crivain), Beate Klarsfeld (chasseuse de nazis et d\\&rsquo;antis\u00e9mites), Serge Klarsfeld (chasseur de nazis et d\\&rsquo;antis\u00e9mites), Arno Klarsfeld (avocat), Evgeny Kissin (musicien), Elie Chouraqui (cin\u00e9aste), Pascal Bruckner (philosophe), Ziva Postec (monteuse, chef-monteuse notamment du film \\\u00a0\u00bbShoah\\\u00a0\u00bb), Pierre-Henri Tavoillot (philosophe), Pierre Jourde (\u00e9crivain), Zohra Bitan (chroniqueuse \\\u00a0\u00bbLes Grandes Gueules\\\u00a0\u00bb, RMC), Mich\u00e8le Tribalat (d\u00e9mographe), Sophie Chauveau (\u00e9crivaine), Gunther Jikeli (historien et sociologue), Jean-Pierre Winter (psychanalyste et essayiste), Fadila Maaroufi (fondatrice de l\\&rsquo;Observatoire de La\u00efcit\u00e9), G\u00e9rard Rabinovitch (philosophe), Cl\u00e9ment Weill-Raynal (journaliste), Bat Ye\\&rsquo;or (historienne, \u00e9crivain, sp\u00e9cialiste de la dhimmitude), Peggy Sastre (journaliste), Jean Szlamowicz (linguiste), Georges-Elia Sarfati (professeur des universit\u00e9s, directeur de l\\&rsquo;Ecole Fran\u00e7aise d\\&rsquo;analyse et de th\u00e9rapie existentielles), Jean-Serge Lorach (avocat honoraire, membre du conseil f\u00e9d\u00e9ral et ancien vice-pr\u00e9sident de la Licra, ancien d\u00e9port\u00e9 \u00e0 Bergen-Belsen), Jacques Tarnero (cin\u00e9aste, \u00e9crivain et journaliste), Dov Fitoussi (fondateur et r\u00e9dacteur en chef de Mabatim.Info), Gilles-William Goldnadel (avocat), Pierre Lur\u00e7at (avocat, \u00e9crivain, traducteur), Aude Weill-Raynal (avocate), Ari Sebag (citoyen engag\u00e9), Yves Doukhan (consultant, coach en management, membre du bureau Dhimmi Watch), Alain Ren\u00e9 Arbez (Abb\u00e9), Serge Skrobacki (cadre dirigeant de grande entreprise), Katia Joffo (directrice de la publicit\u00e9 litt\u00e9raire du Figaro, fondatrice de Litt\u00e9raire communication), Evelyne Tschirhart (professeur honoraire d\\&rsquo;arts plastiques, \u00e9crivain), Michel Granek (psychanalyste), Rachel Isra\u00ebl (psychanalyste), Rapha\u00ebl Delpard (cin\u00e9aste et romancier), Fr\u00e9d\u00e9ric Zerbib (avocat, entrepreneur g\u00e9opolitique, chef de projets), Marc Brzustowski (sociologue, chroniqueur), Janine Pinto (directrice de Pr\u00e9pas \u00e0 la retraite), Pierre Aiach (sociologue, ex-directeur de recherche \u00e0 l\\&rsquo;Inserm), Michel Gad Wolkowicz (psychanalyste, professeur de psychopathologie, pr\u00e9sident de l\\&rsquo;Association internationale interuniversitaire Schibboleth &#8211; Actualit\u00e9 de Freud), Babeth Zweibaum (pharmacien), Michel Zweibaum (pharmacien biologiste), Patrick Bantman (psychiatre psychoth\u00e9rapeute), Laurence Bantman (psychiatre psychoth\u00e9rapeute), Jean-Pierre Brun (dirigeant d\\&rsquo;entreprise industrielle \u00e0 la retraite, \u00e9crivain), Joseph Boumendil (chercheur \u00e0 la retraite), Th\u00e9r\u00e8se Zrihen-Dvir (\u00e9crivain, essayiste), Sammy Ghozlan (commissaire \u00e0 la retraite, pr\u00e9sident du BNVCA), Monique Sander (vice-pr\u00e9sidente de P.E.R.E.C.), Janine Elkouby (agr\u00e9g\u00e9e de lettres classiques, responsable associative, \u00e9crivaine), Estelle Kartowski (m\u00e9decin g\u00e9n\u00e9raliste \u00e0 la retraite), Wolf Albes (ma\u00eetre de conf\u00e9rences \u00e0 l\\&rsquo;Universit\u00e9 d\\&rsquo;Augsbourg, \u00e9crivain et \u00e9diteur), Alain Alpern (retrait\u00e9), Jean-Pierre Chemla (m\u00e9decin, \u00e9crivain, essayiste), Jo\u00eblle Chemla (citoyenne engag\u00e9e), Carine Bruckert (citoyenne retrait\u00e9e et engag\u00e9e), Laurence Brust (traductrice), Ya\u00ebl Hassan (\u00e9crivaine), Marie Autesserre (contributrice \u00e0 diff\u00e9rents sites internet), Roland Assaraf (physicien, charg\u00e9 de recherches au CNRS), Charles-Pinhas Laloum (chef d\\&rsquo;entreprise), Gilles Falavigna (essayiste), Anna Senik (ex directrice de recherche \u00e9m\u00e9rite au CNRS), Henry Dbjay (chirurgien), Edith Ochs ( journaliste, traductrice, \u00e9crivain), Marc Nacht (\u00e9crivain), Jacques Borek (psychanalyste), Maud Perl (cr\u00e9atrice de mode), Colette Busidan (conf\u00e9renci\u00e8re, \u00e9crivain), Marc Hassan (cadre), Lucile Gellman (psychologue clinicienne, psychanalyste), Laurent Chikly (directeur commercial), Claude Berger (\u00e9crivain et musicien), Isabelle Goeau-Brissonniere ( musicienne), Albine Vernier (artiste plasticienne), Jean-Loup Msika (architecte-urbaniste et plasticien), Lucien Samir Oulhabib ( philosophe), Jean-Louis Giard (directeur d\\&rsquo;\u00e9ditions Saint-L\u00e9ger), Alexandre Krivitzky (psychanalyste), Marc Angenot (professeur, historien des id\u00e9es), Jean Giot (linguiste), Yvette Sitbon (principal honoraire), G\u00e9rard Marx (membre fondateur de la loge Hatikva Bnei Brit), Claudine Attias (sociologue), Olga Baley ( traductrice, essayiste), Jean-Eric Schoettl (juriste), Bluma Finkelstein (professeur), No\u00e9mie Halioua (\u00e9crivain, essayiste), Isabelle Blondiaux (psychiatre et psychanalyste),Yves Mamou (journaliste), Hala Oukili (journaliste), Nathalie Friedlander (entrepreneuse), Marie Myriam Blondel (philosophe et proviseur), Maurice Berger ( enseignant co-responsable du D.U. Expertise l\u00e9gale en p\u00e9dopsychiatrie \u00e0 l\\&rsquo;Universit\u00e9 de Paris), Gilbert Milhem (ing\u00e9nieur \u00e0 la retraite), Richard Rossin ( chirurgien, \u00e9crivain, ancien secr\u00e9taire g\u00e9n\u00e9ral de M\u00e9decins sans fronti\u00e8res, cofondateur de M\u00e9decins du monde), Vincent Tournier (politiste), Marcel Aguilar, Guillaume Bigot (doyen IPAG Business School), Frank Muller (historien), Jean-Charles Goldberg (agent commercial), Werner Salmon (ancien repr\u00e9sentant du Bnei Brit \u00e0 l\\&rsquo;Unesco), Tony Milhem (formatrice), Roger Guedj (professeur \u00e9m\u00e9rite), Henryk Paszt (chef d\\&rsquo;entreprise, administrateur Info\u00e9quitable, Licra et Printemps r\u00e9publicain), Jean-Claude Busidan (ancien chef d\\&rsquo;\u00e9tablissement d\\&rsquo;enseignement secondaire), Fabien Ghez (ing\u00e9nieur, retrait\u00e9), Chantal Bosse-Vidal (pr\u00e9sidente de la section Licra de Neuilly), Marie-France Hadida (assistante de direction), Sidney Hadida (m\u00e9decin anesth\u00e9siste r\u00e9animateur), Pierre Vasen (cadre h\u00f4telier, retrait\u00e9), Nicole Geismar Vasen (assistante dentaire, retrait\u00e9e), Alfred Derrida (ancien avocat), Ilana Hason (psychanalyste), Salomon Hatchuel (enseignant et \u00e9crivain) Malcolm F. Lowe (philosophe et chercheur sur le Nouveau Testament), Robert Benchetrit (retrait\u00e9, ex-cadre sup\u00e9rieur de l\\&rsquo;industrie), Claire Bri\u00e8re Blanchet (journaliste, auteur), Monique Gosselin-Noat (professeur \u00e9m\u00e9rite des universit\u00e9s, Paris-Ouest), Rapha\u00ebl L\u00e9vy (cin\u00e9aste, \u00e9crivain, dessinateur), Ren\u00e9e Chouraqui (infirmi\u00e8re en chef, retrait\u00e9e), Roland Aboucaya (enseignant \u00e0 la retraite), Joseph Ciccolini (hospitalo-universitaire), Colette Guedj (professeur d\\&rsquo;universit\u00e9 \u00e9m\u00e9rite, \u00e9crivaine), Alain Rubin (directeur de la Tribune Libre des Cara\u00efbes, retrait\u00e9), Jean-Luc Ammar (ost\u00e9opathe &#8211; masseur-kin\u00e9sith\u00e9rapeute), Georges Neu (ancien chef consultation H\u00f4pital Necker enfants malades, Solidarit\u00e9 R\u00e9fugi\u00e9s isra\u00e9lites), Monette Vacquin (psychanalyste), Jean-Jacques Hadjadj (retrait\u00e9), Claude Frydman (ing\u00e9nieur retrait\u00e9, ancien pr\u00e9sident de l\\&rsquo;ESFC (\u00c9cole sans fronti\u00e8re de Condorcet), Delphine Reimon (orthophoniste), Hortense Bile (secr\u00e9taire de Dhimmi Watch, pr\u00e9sidente de Amifa), Samir Lucien Oulahbib (philosophe), Albert Marouani (professeur \u00e9m\u00e9rite des universit\u00e9s en sciences \u00e9conomiques, pr\u00e9sident honoraire de l\\&rsquo;Universit\u00e9 Nice-Sophia Antipolis), Yvette Sitbon (principale honoraire), Edith Zelmati ( \\\u00a0\u00bbtraiteur\\\u00a0\u00bb bio v\u00e9g\u00e9tarien), Nadine Benaroch-Goodban (professeur de fran\u00e7ais), Denise Malet, Albert Eichacker (fonctionnaire retrait\u00e9), Jacques Fiorentino (m\u00e9decin), Paulette Touzard (pr\u00e9sidente de l\\&rsquo;Association pour la m\u00e9moire des enfants juifs d\u00e9port\u00e9s du Nord Pas de Calais, membre du bureau national du Conseil national pour la m\u00e9moire des enfants juifs d\u00e9port\u00e9s de France), Jacques Lamy (consultant ind\u00e9pendant en commerce ext\u00e9rieur), Marguerite Zauberman (magistrat de l\\&rsquo;ordre judiciaire honoraire, m\u00e9diateur), Gilles Hayoun (m\u00e9decin), Jean-Eric Wagner (kin\u00e9sith\u00e9rapeute), Pascal Stiegler (professeur de lettres classiques), Ben J. Franken (\u00e9conomiste), Charles Ingwer (m\u00e9decin), Thibault Moreau (psychanalyste, vice-pr\u00e9sident de Schibboleth &#8211; Actualit\u00e9 de Freud), Eliane Klein (professeur retrait\u00e9e, d\u00e9l\u00e9gu\u00e9e du Crif pour la r\u00e9gion Centre), Ezra Banoun (ing\u00e9nieur expert en traitement de l\\&rsquo;eau et de l\\&rsquo;environnement, ma\u00eetre de conf\u00e9rences \u00e0 l\\&rsquo;Institut international de management de Galil\u00e9e), Jean-Claude Ab\u00e9cassis (pr\u00e9sident d\\&rsquo;association), Edith Taieb, Jacques Weill (m\u00e9decin hospitalier), Fran\u00e7oise Ouzan (\u00e9crivain, historienne), Jean-Serge Lorach, Mireille Bouzols-Breton (directrice juridique et juge \u00e0 la retraite), Eli Klein, Paul Atlan (gyn\u00e9cologue directeur du dipl\u00f4me d\\&rsquo;universit\u00e9 d\\&rsquo;\u00e9thique transculturelle Paris-Descartes Universit\u00e9 de Paris), Thierry Amouyal (chroniqueur), Eliane Birau, Anne Gartenlaub, Christine Bouchara (correctrice), Xavier-Laurent Salvador (linguiste), Charles Coutel (professeur des universit\u00e9s, philosophe), Andr\u00e9 Quaderi (professeur des Universit\u00e9s \u00e9m\u00e9rite, psychoth\u00e9rapeute), Roselyne Koren (professeur des universit\u00e9s \u00e9m\u00e9rite, linguiste), Denis Zilber illustrateur), Ibn Warraq (essayiste), Jean-Paul Sermain (professeur des universit\u00e9s \u00e9m\u00e9rites), Pierre Rehov (cin\u00e9aste, romancier), Franck Lessay (philosophe), Andr\u00e9e Lerousseau (ma\u00eetre de conf\u00e9rences germaniste et historienne des id\u00e9es, Universit\u00e9 de Lille), Chanel Diagne (Comit\u00e9 Soudan) Nadia Lamm (enseignante), Gilles Ferreol (professeur de sociologie \u00e0 l\\&rsquo;Universit\u00e9 de Franche-Comt\u00e9), Jean-Marc Richard (proviseur, historien), Jean-Pierre Nakache (avocat retrait\u00e9), G\u00e9rard Lehmann (professeur assistant \u00e9m\u00e9rite, Universit\u00e9 de Danemark Sud), Fran\u00e7oise Serrero, Marc Benitta (retrait\u00e9), Max Sitbon (m\u00e9decin), Jean-Paul Spina (conseil en d\u00e9veloppement international), Francette Mendoza (pr\u00e9sidente d\\&rsquo;associations de parents d\\&rsquo;\u00e9l\u00e8ves, d\u00e9l\u00e9gu\u00e9e d\u00e9partementale de l\\&rsquo;Education nationale, retrait\u00e9e), Danielle Malka (Guide-conf\u00e9renci\u00e8re Paris-Ile de France), Jo Murciano (vice-pr\u00e9sident Loge Bnai Brit Ben Gourion), Yvette Folk (retrait\u00e9e), Denise Lorthois (\u00e9crivain), William Halimi ( PDG du groupe Barbara Bui), Anne Gartenlaub (cadre \u00e0 la retraite), Marie-Annick Couderc, Marie-Agn\u00e8s Azuelo (productrice, auteur), Edwin Diday (professeur \u00e9m\u00e9rite, Fran\u00e7ois Fraiberger (ancien juge au tribunal de commerce de Paris, administrateur de la Fondation pour l\\&rsquo;enseignement du juda\u00efsme \u00e0 l\\&rsquo;Universit\u00e9 de Lausanne), Jean-Bernard Paillissier, Rachel Ehrenfeld (American Center for Democracy), Thierry Laidet (chef d\\&rsquo;entreprise), Elisabeth Athuil-Boucher ( retrait\u00e9e, ancienne directrice de cabinet du maire du 20e arrondissement de Paris), Wladimir Gutowski (ex-fonctionnaire de l\\&rsquo;Union europ\u00e9enne et porteur d\\&rsquo;un projet \\\u00a0\u00bbPlateforme f\u00e9d\u00e9rale du juda\u00efsme de l\\&rsquo;Union europ\u00e9enne\\\u00a0\u00bb), Florence Gay-Bellile (cr\u00e9atrice d\\&rsquo;un organisme de formation destin\u00e9 \u00e0 favoriser l\\&rsquo;insertion d\\&rsquo;un public adulte issu de l\\&rsquo;immigration), Gilbert Freyermuth (membre de la LICRA , conciliateur de Justice), Paul Memmi (enseignant d\\&rsquo;\u00e9ducation civique et morale), Victor Perez (blogueur), Philippe Bliah (avocat \u00e0 la retraite), Oriella Bliah (docteur en pharmacie), Laurence Seddig (AMEJD de Lille Saint-Andr\u00e9), Yehuda Moraly (professeur de th\u00e9\u00e2tre, chercheur), Rahmine Cl\u00e9ment Bouhnik (chef d\\&rsquo;entreprise \u00e0 la retraite), Marc Rozenbaum (traducteur), Albert Eichacker (fonctionnaire, retrait\u00e9), Mich\u00e8le Kadouch (m\u00e9decin retrait\u00e9e), El\u00e9onore Breton (directrice de service client), Maurice Baran-Marszak (ancien ing\u00e9nieur chercheur au CNRS, membre de l\\&rsquo;AMEJD Nord-Pas-de-Calais, des FFDJF et du M\u00e9morial de la Shoah), Alain Turkieltraub (directeur d\\&rsquo;usines retrait\u00e9), Jos\u00e9 Ainouz (historien et r\u00e9alisateur), L\u00e9a R\u00e9gine Bouhnik (comptable \u00e0 la retraite), Yana Wanda (psychanalyste), Fran\u00e7ois Lavigne, Edouard Lebhar (chirurgien hospitalier), Lilianne Lebhar (professeur en sciences \u00e9conomiques).<\/em><\/p>\n<p>La suite de l\u2019article se trouve dans le prochain num\u00e9ro d\u2019Isra\u00ebl Magazine<\/p>\n<p>D\u00e9couvrez un exemplaire du magazine gratuitement et cliquez ensuite sur le rebord droit d<\/p>\n<p><a href=\\\"https:\/\/fr.calameo.com\/read\/001096500c7f116363325\\\">https:\/\/fr.calameo.com\/read\/001096500c7f116363325<\/a><\/p>\n<p>magazine livr\u00e9 chez vous en toute confidentialit\u00e9 S\u2019abonner au magazine par t\u00e9l\u00e9phone ou par whats app 00972 (0) 54 254 45 20 ou au 01 86 98 27 27<\/p>\n<p>Par email\u00a0 Andredarmon21@gmail.com<\/p>\n<p>directement sur le site https:\/\/israelmagazine.co.il\/sabonner-au-magazine\/<\/p>\n<p>Ou encore S\u2019abonner au magazine livr\u00e9 chez vous en toute confidentialit\u00e9. Remplir le formulaire<\/p>\n<p><a href=\\\"https:\/\/docs.google.com\/forms\/d\/e\/1FAIpQLSfPYJfb8KjEya-X17w0DGPAuBlCGvqVUdh_Is8EL810Lxw82A\/viewform?entry.1189475001=Recipient_Email\\\">https:\/\/docs.google.com\/forms\/d\/e\/1FAIpQLSfPYJfb8KjEya-X17w0DGPAuBlCGvqVUdh_Is8EL810Lxw82A\/viewform?entry.1189475001=Recipient_Email<\/a><\/p>\n<p>&nbsp;<\/p>\n","protected":false},"excerpt":{"rendered":"<p>Tribune sur \\\u00a0\u00bbl\\&rsquo;apartheid en Isra\u00ebl\\\u00a0\u00bb : Une centaine d\\&rsquo;intellectuels, personnalit\u00e9s artistiques et citoyens expriment leur indignation suite \u00e0 une tribune dans Lib\u00e9ration appelant \u00e0 la \\\u00a0\u00bbfin de l\\&rsquo;apartheid en Isra\u00ebl\\\u00a0\u00bb. Les Juifs et les vrais antiracistes sont en col\u00e8re. Par Yana Grinshpun, Liliane Messika, Alexandre Feigenbaum, Jean-Pierre Lledo, Beate, Serge et Arno Klarsfeld, Pascal Bruckner, &hellip;<\/p>\n<p class=\"read-more\"> <a class=\"\" href=\"https:\/\/israelmagazine.net\/?p=55817\"> <span class=\"screen-reader-text\">Tribune sur \\\u00a0\u00bbl\\&rsquo;apartheid en Isra\u00ebl\\\u00a0\u00bb :<\/span> Lire la suite \u00bb<\/a><\/p>\n","protected":false},"author":4,"featured_media":55649,"comment_status":"open","ping_status":"open","sticky":false,"template":"","format":"standard","meta":{"site-sidebar-layout":"default","site-content-layout":"default","ast-global-header-display":"","ast-main-header-display":"","ast-hfb-above-header-display":"","ast-hfb-below-header-display":"","ast-hfb-mobile-header-display":"","site-post-title":"","ast-breadcrumbs-content":"","ast-featured-img":"","footer-sml-layout":"","theme-transparent-header-meta":"","adv-header-id-meta":"","stick-header-meta":"","header-above-stick-meta":"","header-main-stick-meta":"","header-below-stick-meta":""},"categories":[84,1612,2283,1615],"tags":[1063,825,1739,2346,289,1635,810,1001,955,2569],"sujet":[],"_links":{"self":[{"href":"https:\/\/israelmagazine.net\/index.php?rest_route=\/wp\/v2\/posts\/55817"}],"collection":[{"href":"https:\/\/israelmagazine.net\/index.php?rest_route=\/wp\/v2\/posts"}],"about":[{"href":"https:\/\/israelmagazine.net\/index.php?rest_route=\/wp\/v2\/types\/post"}],"author":[{"embeddable":true,"href":"https:\/\/israelmagazine.net\/index.php?rest_route=\/wp\/v2\/users\/4"}],"replies":[{"embeddable":true,"href":"https:\/\/israelmagazine.net\/index.php?rest_route=%2Fwp%2Fv2%2Fcomments&post=55817"}],"version-history":[{"count":0,"href":"https:\/\/israelmagazine.net\/index.php?rest_route=\/wp\/v2\/posts\/55817\/revisions"}],"wp:featuredmedia":[{"embeddable":true,"href":"https:\/\/israelmagazine.net\/index.php?rest_route=\/"}],"wp:attachment":[{"href":"https:\/\/israelmagazine.net\/index.php?rest_route=%2Fwp%2Fv2%2Fmedia&parent=55817"}],"wp:term":[{"taxonomy":"category","embeddable":true,"href":"https:\/\/israelmagazine.net\/index.php?rest_route=%2Fwp%2Fv2%2Fcategories&post=55817"},{"taxonomy":"post_tag","embeddable":true,"href":"https:\/\/israelmagazine.net\/index.php?rest_route=%2Fwp%2Fv2%2Ftags&post=55817"},{"taxonomy":"sujet","embeddable":true,"href":"https:\/\/israelmagazine.net\/index.php?rest_route=%2Fwp%2Fv2%2Fsujet&post=55817"}],"curies":[{"name":"wp","href":"https:\/\/api.w.org\/{rel}","templated":true}]}}