{"id":55835,"date":"2021-10-14T08:50:21","date_gmt":"2021-10-14T05:50:21","guid":{"rendered":"https:\/\/israelmagazine.net\/?p=55835"},"modified":"2021-10-14T08:50:21","modified_gmt":"2021-10-14T05:50:21","slug":"naftali-bennett-toute-premiere-interview-2012","status":"publish","type":"post","link":"https:\/\/israelmagazine.net\/?p=55835","title":{"rendered":"Naftali Bennett, \u00a0la toute premi\u00e8re interview 2012"},"content":{"rendered":"<p>Naftali Bennett \u00a0la toute premi\u00e8re interview<\/p>\n<p>D\u00e9cembre 2012\u00a0 tous droits r\u00e9serv\u00e9s Isra\u00ebl Magazine<\/p>\n<p>Propos recueillis par RICHARD DARMON<\/p>\n<img class=\\\"size-medium wp-image-55707\\\" src=\\\"https:\/\/israelmagazine.co.il\/wp-content\/uploads\/2021\/07\/unnamed-1-233x300.jpg\\\" alt=\\\"Defense\\\" width=\\\"233\\\" height=\\\"300\\\" \/>\n<p><strong><em>\u00ab Nous voulons unifier les Isra\u00e9liens sur de clairs objectifs s\u00e9curitaires et socio-\u00e9conomiques \u00bb <\/em><\/strong><\/p>\n<p><strong>\u00a0<\/strong><strong>Pour faire connaissance avec ce nouveau venu dans l\u2019ar\u00e8ne des leaders politiques du pays, Isra\u00ebl Magazine a rencontr\u00e9 le leader, tout r\u00e9cemment \u00e9lu, du parti sioniste religieux. \u00a0<\/strong><\/p>\n<p><strong>ISRAEL MAGAZINE : Qu\u2019est-ce qui vous a pouss\u00e9 \u00e0 vouloir changer la direction du parti Bayit Y\u00e9houdi, l\u2019ancien Parti national religieux (Mafdal)\u00a0?<\/strong><\/p>\n<p><strong>\u00a0<\/strong><\/p>\n<p><strong>-NAFTALI BENNETT :<\/strong> je suis arriv\u00e9 \u00e0 la conclusion que les partis sectoriels ne sont plus d\u2019une grande utilit\u00e9 pour le pays, mais qu\u2019il faut s\u2019occuper de tout Isra\u00ebl en l\u2019unifiant autour du sionisme, de la jud\u00e9it\u00e9 et du patriotisme. D\u2019autant que presque personne ne s\u2019occupe ici de promouvoir les valeurs et la fiert\u00e9 juives sur la terre d\u2019Isra\u00ebl\u2026<\/p>\n<p>&nbsp;<\/p>\n<p><strong>Quelles sont les ambitions du nouveau Bayit Y\u00e9houdi dont vous \u00eates le chef\u00a0?<\/strong><\/p>\n<p>L\u2019essentiel est pour nous de relier sous un m\u00eame toit les religieux et les la\u00efcs, les traditionnalistes et les plus pratiquants, les Isra\u00e9liens de longue date et les nouveaux immigrants en d\u00e9passant les barri\u00e8res qui enferment souvent toutes ces cat\u00e9gories d\u2019Isra\u00e9liens. Et ce pour retrouver et promouvoir nos valeurs juives, d\u00e9fendre au mieux la s\u00e9curit\u00e9 du pays et am\u00e9liorer \u00e0 la base l\u2019Education nationale. On ne saurait admettre en effet que la plupart des \u00e9l\u00e8ves de ce pays continuent d\u2019ignorer qui est rabbi Akiba ou bien Emmanuel Moreno\u00a0!<\/p>\n<p><strong>Comment concilier votre objectif de conserver l\u2019int\u00e9grit\u00e9 territoriale d\u2019Eretz Isra\u00ebl avec la n\u00e9cessit\u00e9 d\u2019une plus grande justice sociale dans le pays ?<\/strong><\/p>\n<p>Ce sont deux aspects qui se compl\u00e8tent parfaitement, car r\u00e9duire les in\u00e9galit\u00e9s permettra d\u2019unir davantage les Isra\u00e9liens. Et puis les 390\u00a0000 Juifs qui habitent en Jud\u00e9e-Samarie ne sont-ils pas aussi d\u2019excellents d\u00e9fenseurs du pays dans la mesure o\u00f9 leur pr\u00e9sence dans ces deux r\u00e9gions a permis jusqu\u2019ici d\u2019\u00e9viter que les terroristes palestiniens ne tirent continuellement des missiles \u2013 comme il le font de Gaza \u2013 sur les villes du centre d\u2019Isra\u00ebl\u00a0!?<\/p>\n<p><strong>En quoi la liste \u00e9lectorale de Bayit Y\u00e9houdi incarne-t-elle ce double objectif ?\u00a0<\/strong><\/p>\n<p>Notre liste est la plus compl\u00e8te et diversifi\u00e9e, ainsi que la plus combative de toutes celles que les partis ont pr\u00e9sent\u00e9es pour la Knesset. On y trouve en effet le plus de jeunes officiers de Tsahal (les 8 premiers de cette liste font partie d\u2019unit\u00e9s combattantes) et des repr\u00e9sentants \u2013 hommes et femmes, ashk\u00e9nazes et s\u00e9pharades \u2013 de toutes les cat\u00e9gories d\u2019Isra\u00e9liens, <em>kibboutznikim <\/em>compris\u00a0!<\/p>\n<p><strong>\u00a0<\/strong><strong>Si votre formation obtient plus d\u2019une douzaine de si\u00e8ges \u00e0 la Knesset \u2013 devenant alors le 3<sup>i\u00e8me<\/sup> parti du pays -,comptez-vous passer alliance avec Netanyahou qui n\u2019a fait que vous rejeter avec v\u00e9h\u00e9mence ?<\/strong><\/p>\n<p>Il est presque certain qu\u2019apr\u00e8s les \u00e9lections du 22 janvier, Bibi va rester Premier ministre. Tout le probl\u00e8me est de savoir quelle coalition il va former et avec qui il gouvernera : en s\u2019alliant avec la gauche et le centre \u2013 alias Tsipi Livni, Shelli Yacimovich et Ya\u00efr Lapid &#8211; comme c\u2019est sa tendance actuelle ? Ou bien en formant un gouvernement patriotique et national, ce qui ne sera possible que si nous sommes l\u2019un de ses principaux partenaires. Il est donc fort regrettable que le Likoud ait re\u00e7u consigne de ses strat\u00e8ges de tirer \u00e0 boulets rouges contre nous en se servant de pr\u00e9textes futiles, car nous sommes bien dans le m\u00eame camp et avons servi ensemble dans les m\u00eames unit\u00e9s de Tsahal !<\/p>\n<p><strong>\u00a0<\/strong><strong>N\u2019\u00eates-vous pas tomb\u00e9 dans le pi\u00e8ge du journaliste, Nissim Mishal, en disant lors d\u2019une interview en direct qu\u2019\u00e0 titre personnel, vous ne seriez pas en mesure, en tant que commandant d\u2019une unit\u00e9 de Tsahal, d\u2019\u00e9vacuer des maisons juives de Jud\u00e9e-Samarie?<\/strong><\/p>\n<p>J\u2019ai \u00e9t\u00e9 interview\u00e9 par Mishal lors d\u2019un difficile entretien au cours duquel il a tent\u00e9 de me soutirer son \u00ab scoop de l\u2019ann\u00e9e \u00bb en me demandant si, en tant qu\u2019officier, j\u2019accepterais d\u2019expulser des Juifs de leurs maisons au cas o\u00f9 l\u2019ordre m\u2019en serait donn\u00e9\u2026 Et je lui ai r\u00e9pondu qu\u2019\u00e0 titre personnel, ce serait une chose tr\u00e8s difficile \u00e0 faire pour moi aux plans \u00e9thique et moral\u2026 si bien que je demanderais \u00e0 \u00eatre tout simplement remplac\u00e9 dans cette mission, m\u00eame apr\u00e8s plus de 22 ans de service dans Tsahal. Et je confirme : \u00e0 savoir que je n\u2019ai strictement jamais appel\u00e9 \u00e0 \u00ab refuser \u00bb un ordre de ce genre ! J\u2019ai tout simplement expliqu\u00e9, sur un plan plus g\u00e9n\u00e9ral, que si un soldat re\u00e7oit l\u2019horrible consigne de d\u00e9manteler un village juif ou arabe, il doit \u2013 malgr\u00e9 son c\u00f4t\u00e9 intol\u00e9rable &#8211; ob\u00e9ir aux ordres d\u00e9mocratiquement arr\u00eat\u00e9s, moi compris.<\/p>\n<p><strong>\u00a0<\/strong><strong>Votre parti affirme clairement son opposition \u00e0 la cr\u00e9ation d\u2019un Etat palestinien entre le Jourdain et la M\u00e9diterran\u00e9e. Alors pourquoi ne pr\u00e9coniser que l\u2019annexion de la \u00ab Zone C \u00bb en Jud\u00e9e-Samarie qui regroupe en tout 61 % du territoire de ces deux r\u00e9gions ?<\/strong><\/p>\n<p>&nbsp;<\/p>\n<p>La suite de l\u2019article se trouve dans le prochain num\u00e9ro d\u2019Isra\u00ebl Magazine<\/p>\n<p>D\u00e9couvrez un exemplaire du magazine gratuitement et cliquez ensuite sur le rebord droit d<\/p>\n<p><a href=\\\"https:\/\/fr.calameo.com\/read\/001096500c7f116363325\\\">https:\/\/fr.calameo.com\/read\/001096500c7f116363325<\/a><\/p>\n<p>magazine livr\u00e9 chez vous en toute confidentialit\u00e9 S\u2019abonner au magazine par t\u00e9l\u00e9phone ou par whats app 00972 (0) 54 254 45 20 ou au 01 86 98 27 27<\/p>\n<p>Par email\u00a0 Andredarmon21@gmail.com<\/p>\n<p>directement sur le site https:\/\/israelmagazine.co.il\/sabonner-au-magazine\/<\/p>\n<p>Ou encore S\u2019abonner au magazine livr\u00e9 chez vous en toute confidentialit\u00e9. Remplir le formulaire<\/p>\n<p><a href=\\\"https:\/\/docs.google.com\/forms\/d\/e\/1FAIpQLSfPYJfb8KjEya-X17w0DGPAuBlCGvqVUdh_Is8EL810Lxw82A\/viewform?entry.1189475001=Recipient_Email\\\">https:\/\/docs.google.com\/forms\/d\/e\/1FAIpQLSfPYJfb8KjEya-X17w0DGPAuBlCGvqVUdh_Is8EL810Lxw82A\/viewform?entry.1189475001=Recipient_Email<\/a><\/p>\n","protected":false},"excerpt":{"rendered":"<p>Naftali Bennett \u00a0la toute premi\u00e8re interview D\u00e9cembre 2012\u00a0 tous droits r\u00e9serv\u00e9s Isra\u00ebl Magazine Propos recueillis par RICHARD DARMON \u00ab Nous voulons unifier les Isra\u00e9liens sur de clairs objectifs s\u00e9curitaires et socio-\u00e9conomiques \u00bb \u00a0Pour faire connaissance avec ce nouveau venu dans l\u2019ar\u00e8ne des leaders politiques du pays, Isra\u00ebl Magazine a rencontr\u00e9 le leader, tout r\u00e9cemment \u00e9lu, &hellip;<\/p>\n<p class=\"read-more\"> <a class=\"\" href=\"https:\/\/israelmagazine.net\/?p=55835\"> <span class=\"screen-reader-text\">Naftali Bennett, \u00a0la toute premi\u00e8re interview 2012<\/span> Lire la suite \u00bb<\/a><\/p>\n","protected":false},"author":4,"featured_media":55707,"comment_status":"open","ping_status":"open","sticky":false,"template":"","format":"standard","meta":{"site-sidebar-layout":"default","site-content-layout":"default","ast-global-header-display":"","ast-main-header-display":"","ast-hfb-above-header-display":"","ast-hfb-below-header-display":"","ast-hfb-mobile-header-display":"","site-post-title":"","ast-breadcrumbs-content":"","ast-featured-img":"","footer-sml-layout":"","theme-transparent-header-meta":"","adv-header-id-meta":"","stick-header-meta":"","header-above-stick-meta":"","header-main-stick-meta":"","header-below-stick-meta":""},"categories":[1687,1612,1613,1674,41],"tags":[825,2291],"sujet":[],"_links":{"self":[{"href":"https:\/\/israelmagazine.net\/index.php?rest_route=\/wp\/v2\/posts\/55835"}],"collection":[{"href":"https:\/\/israelmagazine.net\/index.php?rest_route=\/wp\/v2\/posts"}],"about":[{"href":"https:\/\/israelmagazine.net\/index.php?rest_route=\/wp\/v2\/types\/post"}],"author":[{"embeddable":true,"href":"https:\/\/israelmagazine.net\/index.php?rest_route=\/wp\/v2\/users\/4"}],"replies":[{"embeddable":true,"href":"https:\/\/israelmagazine.net\/index.php?rest_route=%2Fwp%2Fv2%2Fcomments&post=55835"}],"version-history":[{"count":0,"href":"https:\/\/israelmagazine.net\/index.php?rest_route=\/wp\/v2\/posts\/55835\/revisions"}],"wp:featuredmedia":[{"embeddable":true,"href":"https:\/\/israelmagazine.net\/index.php?rest_route=\/"}],"wp:attachment":[{"href":"https:\/\/israelmagazine.net\/index.php?rest_route=%2Fwp%2Fv2%2Fmedia&parent=55835"}],"wp:term":[{"taxonomy":"category","embeddable":true,"href":"https:\/\/israelmagazine.net\/index.php?rest_route=%2Fwp%2Fv2%2Fcategories&post=55835"},{"taxonomy":"post_tag","embeddable":true,"href":"https:\/\/israelmagazine.net\/index.php?rest_route=%2Fwp%2Fv2%2Ftags&post=55835"},{"taxonomy":"sujet","embeddable":true,"href":"https:\/\/israelmagazine.net\/index.php?rest_route=%2Fwp%2Fv2%2Fsujet&post=55835"}],"curies":[{"name":"wp","href":"https:\/\/api.w.org\/{rel}","templated":true}]}}