{"id":55854,"date":"2021-08-22T08:30:08","date_gmt":"2021-08-22T05:30:08","guid":{"rendered":"https:\/\/israelmagazine.net\/?p=55854"},"modified":"2021-08-22T08:30:08","modified_gmt":"2021-08-22T05:30:08","slug":"les-juifs-dirlande-histoire-dune-petite-communaute-meconnue","status":"publish","type":"post","link":"https:\/\/israelmagazine.net\/?p=55854","title":{"rendered":"Les Juifs d\u2019Irlande : Histoire d\u2019une petite communaut\u00e9 m\u00e9connue"},"content":{"rendered":"<p><strong>Les Juifs d\u2019Irlande : Histoire d\u2019une petite communaut\u00e9 m\u00e9connue<\/strong><\/p>\n<img class=\\\"size-medium wp-image-55855\\\" src=\\\"https:\/\/israelmagazine.co.il\/wp-content\/uploads\/2021\/08\/Adelaide-Rd-Synagogue-Dublin-est-1892-300x225.jpg\\\" alt=\\\"synagogue de Dublin\\\" width=\\\"300\\\" height=\\\"225\\\" \/>\n<p><strong>L\\&rsquo;histoire des Juifs en Irlande remonte \u00e0 pr\u00e8s de mille ans, bien que depuis le Moyen \u00c2ge, la communaut\u00e9 n\\&rsquo;ait jamais \u00e9t\u00e9 tr\u00e8s importante. Les Juifs sont mentionn\u00e9s pour la premi\u00e8re fois dans des documents politiques au XII<sup>e<\/sup> si\u00e8cle. Malgr\u00e9 sa petite taille, la communaut\u00e9 a \u00e9t\u00e9 culturellement et politiquement dynamique. Aujourd\\&rsquo;hui, elle compte environ 1 800 membres, principalement en raison de l\\&rsquo;assimilation et de l\\&rsquo;\u00e9migration.<\/strong><\/p>\n<p><a href=\\\"https:\/\/israelmagazine.co.il\/les-start-up-de-luta\/\\\">https:\/\/israelmagazine.co.il\/les-start-up-de-luta\/<\/a><\/p>\n<p>En Irlande, les Juifs ont toujours joui d\\&rsquo;une relative tol\u00e9rance qui \u00e9tait largement absente ailleurs en Europe. Alors que ceux d\\&rsquo;Angleterre ont \u00e9t\u00e9 chass\u00e9s en 1290, il semble que les Juifs d\u2019Irlande ne l\\&rsquo;ont jamais \u00e9t\u00e9 des zones sous contr\u00f4le ga\u00e9lique mais leur nombre est rest\u00e9 faible. Plus tard, de nombreux Juifs et crypto-juifs se sont \u00e9tablis dans l\u2019ile \u00e0 la suite du tristement c\u00e9l\u00e8bre \u00e9dit espagnol d\\&rsquo;expulsion de 1492. Puis dans les ann\u00e9es 1500, il y a eu une certaine immigration en provenance du Portugal, \u00e9galement sous Inquisition. Ainsi des marranes ont \u00e9t\u00e9 \u00e9lus maires de Youghal, dans le comt\u00e9 de Cork, en 1555, 1569, 1576 et 1581. La premi\u00e8re synagogue d\\&rsquo;Irlande a \u00e9t\u00e9 fond\u00e9e en 1660 pr\u00e8s du ch\u00e2teau de Dublin.<\/p>\n<p>Dans le sillage des pogroms russes, une nouvelle vague d\\&rsquo;immigration est venue principalement d\\&rsquo;Europe de l\\&rsquo;Est \u2013 notamment de Lituanie &#8211; ou d\\&rsquo;Europe centrale entre 1880 et 1920, s\u2019ajoutant \u00e0 celle d\\&rsquo;Angleterre ou d\\&rsquo;Allemagne. Petite, la communaut\u00e9 s\u2019est bien \u00e9tablie et a g\u00e9n\u00e9ralement \u00e9t\u00e9 bien accept\u00e9e dans la vie locale. En 1871, la population juive \u00e9tait de 258 ; en 1881, elle est pass\u00e9e \u00e0 453. En 1901, la congr\u00e9gation a atteint 3 771 membres, dont plus de la moiti\u00e9 (2 200) r\u00e9sidaient \u00e0 Dublin. En 1904, la population juive totale est mont\u00e9e \u00e0 environ 4 800 personnes. De nouvelles synagogues et \u00e9coles ont \u00e9t\u00e9 cr\u00e9\u00e9es pour accueillir les immigrants, dont beaucoup ont ouvert des magasins et entreprises. Des g\u00e9n\u00e9rations suivantes, bon nombre sont devenus importants dans les milieux des affaires, universitaires, politiques et sportifs.<\/p>\n<p><a href=\\\"https:\/\/israelmagazine.co.il\/successions-en-israel-limportante-reforme-legislative-a-venir\/\\\">https:\/\/israelmagazine.co.il\/successions-en-israel-limportante-reforme-legislative-a-venir\/<\/a><\/p>\n<p>La Constitution de la R\u00e9publique irlandaise, adopt\u00e9e en 1937, reconnaissait les Juifs comme une communaut\u00e9 minoritaire avec une repr\u00e9sentation politique au Parlement et accordait un statut sp\u00e9cial au Grand rabbin. Dans les ann\u00e9es 1940, la population juive d\\&rsquo;Irlande \u00e9tait d\u2019environ 5\u00a0500 membres, le plus grand nombre jamais atteint. Ensuite, elle a connu une forte baisse apr\u00e8s la cr\u00e9ation de l\u2019Etat d\\&rsquo;Isra\u00ebl. Depuis 1948, 673 Juifs irlandais y ont immigr\u00e9 par conviction id\u00e9ologique et religieuse.<\/p>\n<p>La suite de l\u2019article se trouve dans le prochain num\u00e9ro d\u2019Isra\u00ebl Magazine<\/p>\n<p>D\u00e9couvrez un exemplaire du magazine gratuitement et cliquez ensuite sur le rebord droit d<\/p>\n<p><a href=\\\"https:\/\/fr.calameo.com\/read\/001096500c7f116363325\\\">https:\/\/fr.calameo.com\/read\/001096500c7f116363325<\/a><\/p>\n<p>magazine livr\u00e9 chez vous en toute confidentialit\u00e9 S\u2019abonner au magazine par t\u00e9l\u00e9phone ou par whats app 00972 (0) 54 254 45 20 ou au 01 86 98 27 27<\/p>\n<p>Par email\u00a0 Andredarmon21@gmail.com<\/p>\n<p>directement sur le site https:\/\/israelmagazine.co.il\/sabonner-au-magazine\/<\/p>\n<p>Ou encore S\u2019abonner au magazine livr\u00e9 chez vous en toute confidentialit\u00e9. Remplir le formulaire<\/p>\n<p><a href=\\\"https:\/\/docs.google.com\/forms\/d\/e\/1FAIpQLSfPYJfb8KjEya-X17w0DGPAuBlCGvqVUdh_Is8EL810Lxw82A\/viewform?entry.1189475001=Recipient_Email\\\">https:\/\/docs.google.com\/forms\/d\/e\/1FAIpQLSfPYJfb8KjEya-X17w0DGPAuBlCGvqVUdh_Is8EL810Lxw82A\/viewform?entry.1189475001=Recipient_Email<\/a><\/p>\n<p>&nbsp;<\/p>\n","protected":false},"excerpt":{"rendered":"<p>Les Juifs d\u2019Irlande : Histoire d\u2019une petite communaut\u00e9 m\u00e9connue L\\&rsquo;histoire des Juifs en Irlande remonte \u00e0 pr\u00e8s de mille ans, bien que depuis le Moyen \u00c2ge, la communaut\u00e9 n\\&rsquo;ait jamais \u00e9t\u00e9 tr\u00e8s importante. Les Juifs sont mentionn\u00e9s pour la premi\u00e8re fois dans des documents politiques au XIIe si\u00e8cle. Malgr\u00e9 sa petite taille, la communaut\u00e9 a &hellip;<\/p>\n<p class=\"read-more\"> <a class=\"\" href=\"https:\/\/israelmagazine.net\/?p=55854\"> <span class=\"screen-reader-text\">Les Juifs d\u2019Irlande : Histoire d\u2019une petite communaut\u00e9 m\u00e9connue<\/span> Lire la suite \u00bb<\/a><\/p>\n","protected":false},"author":4,"featured_media":55855,"comment_status":"open","ping_status":"open","sticky":false,"template":"","format":"standard","meta":{"site-sidebar-layout":"default","site-content-layout":"default","ast-global-header-display":"","ast-main-header-display":"","ast-hfb-above-header-display":"","ast-hfb-below-header-display":"","ast-hfb-mobile-header-display":"","site-post-title":"","ast-breadcrumbs-content":"","ast-featured-img":"","footer-sml-layout":"","theme-transparent-header-meta":"","adv-header-id-meta":"","stick-header-meta":"","header-above-stick-meta":"","header-main-stick-meta":"","header-below-stick-meta":""},"categories":[1687,1679,1665,1673],"tags":[2346,2131,1635,810,2943,937,383,2569,2124,1761],"sujet":[],"_links":{"self":[{"href":"https:\/\/israelmagazine.net\/index.php?rest_route=\/wp\/v2\/posts\/55854"}],"collection":[{"href":"https:\/\/israelmagazine.net\/index.php?rest_route=\/wp\/v2\/posts"}],"about":[{"href":"https:\/\/israelmagazine.net\/index.php?rest_route=\/wp\/v2\/types\/post"}],"author":[{"embeddable":true,"href":"https:\/\/israelmagazine.net\/index.php?rest_route=\/wp\/v2\/users\/4"}],"replies":[{"embeddable":true,"href":"https:\/\/israelmagazine.net\/index.php?rest_route=%2Fwp%2Fv2%2Fcomments&post=55854"}],"version-history":[{"count":0,"href":"https:\/\/israelmagazine.net\/index.php?rest_route=\/wp\/v2\/posts\/55854\/revisions"}],"wp:featuredmedia":[{"embeddable":true,"href":"https:\/\/israelmagazine.net\/index.php?rest_route=\/"}],"wp:attachment":[{"href":"https:\/\/israelmagazine.net\/index.php?rest_route=%2Fwp%2Fv2%2Fmedia&parent=55854"}],"wp:term":[{"taxonomy":"category","embeddable":true,"href":"https:\/\/israelmagazine.net\/index.php?rest_route=%2Fwp%2Fv2%2Fcategories&post=55854"},{"taxonomy":"post_tag","embeddable":true,"href":"https:\/\/israelmagazine.net\/index.php?rest_route=%2Fwp%2Fv2%2Ftags&post=55854"},{"taxonomy":"sujet","embeddable":true,"href":"https:\/\/israelmagazine.net\/index.php?rest_route=%2Fwp%2Fv2%2Fsujet&post=55854"}],"curies":[{"name":"wp","href":"https:\/\/api.w.org\/{rel}","templated":true}]}}