{"id":55873,"date":"2021-08-23T10:55:18","date_gmt":"2021-08-23T07:55:18","guid":{"rendered":"https:\/\/israelmagazine.net\/?p=55873"},"modified":"2021-08-23T10:55:18","modified_gmt":"2021-08-23T07:55:18","slug":"production-davocats-au-maroc-le-groupe-israelien-mehadrin-demarrera-ses-activites-en-mars-2022","status":"publish","type":"post","link":"https:\/\/israelmagazine.net\/?p=55873","title":{"rendered":"Production d\u2019avocats au Maroc: le groupe isra\u00e9lien Mehadrin d\u00e9marrera ses activit\u00e9s en mars 2022"},"content":{"rendered":"<p><strong>Production d\u2019avocats au Maroc: le groupe isra\u00e9lien Mehadrin d\u00e9marrera ses activit\u00e9s en mars 2022<\/strong><\/p>\n<img class=\\\"size-medium wp-image-55874\\\" src=\\\"https:\/\/israelmagazine.co.il\/wp-content\/uploads\/2021\/08\/couverture-249-233x300.jpg\\\" alt=\\\"maroc\\\" width=\\\"233\\\" height=\\\"300\\\" \/>\n<p>Des nouvelles de la premi\u00e8re joint-venture maroco-isra\u00e9lienne pour cultiver, et exporter, des avocats: le groupe Mehadrin, principal exportateur agricole isra\u00e9lien (agrumes, fruits et l\u00e9gumes, etc.), qui s\u2019est associ\u00e9 \u00e0 un op\u00e9rateur marocain, envisage de d\u00e9marrer la plantation d\u2019avocats dans le Royaume au cours du mois de mars 2022. L\u2019annonce a \u00e9t\u00e9 faite par le PDG de Mehadrin, Shaul Shelach, dans un entretien accord\u00e9 au site isra\u00e9lien d\u2019informations The Algemeiner. Le nom de l\u2019associ\u00e9 marocain, qui d\u00e9tient 49% des parts d\u2019une joint-venture cr\u00e9\u00e9e avec l\u2019op\u00e9rateur isra\u00e9lien, n\u2019a pas \u00e9t\u00e9 r\u00e9v\u00e9l\u00e9.<\/p>\n<p><a href=\\\"https:\/\/israelmagazine.co.il\/naftali-bennett-la-toute-premiere-interview-decembre-2012\/\\\">https:\/\/israelmagazine.co.il\/naftali-bennett-la-toute-premiere-interview-decembre-2012\/<\/a><\/p>\n<p>Shelach a indiqu\u00e9 qu\u2019il s\\&rsquo;attend \u00e0 recevoir un terrain agricole en location, de la part du gouvernement marocain, \u00abdans les deux semaines \u00e0 venir\u00bb, et pr\u00e9voit de commencer \u00e0 planter des avocatiers en mars 2022. Il faudra ensuite deux \u00e0 trois ans pour commencer \u00e0 r\u00e9colter des fruits et cinq ans pour que tous les avocatiers parviennent \u00e0 leur pleine r\u00e9colte, a-t-il pr\u00e9cis\u00e9.<\/p>\n<p>Le terrain en question s\u2019\u00e9tend sur une superficie de pr\u00e8s de 500 hectares. Les deux partenaires marocain et isra\u00e9lien ont pr\u00e9vu d\u2019investir d\\&rsquo;investir conjointement environ 9 millions de dollars sur une p\u00e9riode de trois ans gouvernement marocain. La production annuelle maximale devrait \u00eatre d\\&rsquo;environ 10.000 tonnes d\\&rsquo;avocats.<\/p>\n<p><strong>Maroc-Isra\u00ebl: pour la coop\u00e9ration agricole, ce sera les avocats pour commencer <\/strong><\/p>\n<p>C\u2019est la premi\u00e8re fois que Mehadrin cultivera des fruits hors d\u2019Isra\u00ebl, et plusieurs facteurs justifient le choix de s\u2019implanter au Maroc. \u00abPlanter des avocats au Maroc s\\&rsquo;inscrit dans un vaste plan visant \u00e0 approvisionner nos clients europ\u00e9ens plus facilement qu\\&rsquo;\u00e0 partir d\\&rsquo;Isra\u00ebl, que ce soit en termes de g\u00e9ographie et en termes de co\u00fbts plus comp\u00e9titifs\u00bb, a expliqu\u00e9 le patron de Mehadrin. Environ 85% des avocats qui seront produits devraient \u00eatre export\u00e9s vers l\u2019Europe, les 15% restants seront \u00e9coul\u00e9s sur le march\u00e9 local.<\/p>\n<p>Au Maroc, a ajout\u00e9 le responsable, \u00abnous avons trouv\u00e9 les avantages de base n\u00e9cessaires \u00e0 la culture de l\\&rsquo;avocat, \u00e0 savoir le type de terre ad\u00e9quat, l\\&rsquo;eau, la m\u00e9t\u00e9o et des co\u00fbts de main-d\\&rsquo;\u0153uvre inf\u00e9rieurs\u00bb.<\/p>\n<p>Par ailleurs, a-t-il soulign\u00e9, \u00abl\\&rsquo;atmosph\u00e8re politique aide \u00e0 aller au Maroc cette ann\u00e9e\u00bb, faisant r\u00e9f\u00e9rence \u00e0 la reprise des relations diplomatiques maroco-isra\u00e9liennes depuis d\u00e9cembre 2020. Le march\u00e9 de l\u2019avocat est en plein essor dans le monde. Selon les perspectives agricoles de l\\&rsquo;OCDE et de la FAO pour la p\u00e9riode 2021-2030, la production d\\&rsquo;avocats devrait plus que tripler d\\&rsquo;ici 2030, par rapport aux niveaux de 2010. L\\&rsquo;avocat devient ainsi le fruit tropical le plus commercialis\u00e9.<\/p>\n<p>La suite de l\u2019article se trouve dans le prochain num\u00e9ro d\u2019Isra\u00ebl Magazine<\/p>\n<p>D\u00e9couvrez un exemplaire du magazine gratuitement et cliquez ensuite sur le rebord droit<\/p>\n<p><a href=\\\"https:\/\/online.fliphtml5.com\/rjspi\/mxre\/\\\">https:\/\/online.fliphtml5.com\/rjspi\/mxre\/<\/a><\/p>\n<p>Votre magazine livr\u00e9 chez vous en toute confidentialit\u00e9 S\u2019abonner au magazine par t\u00e9l\u00e9phone ou par whats app 00972 (0) 54 254 45 20 ou au 01 86 98 27 27<\/p>\n<p>Par email\u00a0 Andredarmon21@gmail.com<\/p>\n<p>directement sur le site https:\/\/israelmagazine.co.il\/sabonner-au-magazine\/<\/p>\n<p>Ou encore S\u2019abonner au magazine livr\u00e9 chez vous en toute confidentialit\u00e9. Remplir le formulaire<\/p>\n<p><a href=\\\"https:\/\/docs.google.com\/forms\/d\/e\/1FAIpQLSfPYJfb8KjEya-X17w0DGPAuBlCGvqVUdh_Is8EL810Lxw82A\/viewform?entry.1189475001=Recipient_Email\\\">https:\/\/docs.google.com\/forms\/d\/e\/1FAIpQLSfPYJfb8KjEya-X17w0DGPAuBlCGvqVUdh_Is8EL810Lxw82A\/viewform?entry.1189475001=Recipient_Email<\/a><\/p>\n<p>&nbsp;<\/p>\n<p>&nbsp;<\/p>\n<p>&nbsp;<\/p>\n","protected":false},"excerpt":{"rendered":"<p>Production d\u2019avocats au Maroc: le groupe isra\u00e9lien Mehadrin d\u00e9marrera ses activit\u00e9s en mars 2022 Des nouvelles de la premi\u00e8re joint-venture maroco-isra\u00e9lienne pour cultiver, et exporter, des avocats: le groupe Mehadrin, principal exportateur agricole isra\u00e9lien (agrumes, fruits et l\u00e9gumes, etc.), qui s\u2019est associ\u00e9 \u00e0 un op\u00e9rateur marocain, envisage de d\u00e9marrer la plantation d\u2019avocats dans le Royaume &hellip;<\/p>\n<p class=\"read-more\"> <a class=\"\" href=\"https:\/\/israelmagazine.net\/?p=55873\"> <span class=\"screen-reader-text\">Production d\u2019avocats au Maroc: le groupe isra\u00e9lien Mehadrin d\u00e9marrera ses activit\u00e9s en mars 2022<\/span> Lire la suite \u00bb<\/a><\/p>\n","protected":false},"author":4,"featured_media":55874,"comment_status":"open","ping_status":"open","sticky":false,"template":"","format":"standard","meta":{"site-sidebar-layout":"default","site-content-layout":"default","ast-global-header-display":"","ast-main-header-display":"","ast-hfb-above-header-display":"","ast-hfb-below-header-display":"","ast-hfb-mobile-header-display":"","site-post-title":"","ast-breadcrumbs-content":"","ast-featured-img":"","footer-sml-layout":"","theme-transparent-header-meta":"","adv-header-id-meta":"","stick-header-meta":"","header-above-stick-meta":"","header-main-stick-meta":"","header-below-stick-meta":""},"categories":[84,1623,1615],"tags":[825,1739,289,810,2699,881,1474,937,2901,2569,1636,1638],"sujet":[],"_links":{"self":[{"href":"https:\/\/israelmagazine.net\/index.php?rest_route=\/wp\/v2\/posts\/55873"}],"collection":[{"href":"https:\/\/israelmagazine.net\/index.php?rest_route=\/wp\/v2\/posts"}],"about":[{"href":"https:\/\/israelmagazine.net\/index.php?rest_route=\/wp\/v2\/types\/post"}],"author":[{"embeddable":true,"href":"https:\/\/israelmagazine.net\/index.php?rest_route=\/wp\/v2\/users\/4"}],"replies":[{"embeddable":true,"href":"https:\/\/israelmagazine.net\/index.php?rest_route=%2Fwp%2Fv2%2Fcomments&post=55873"}],"version-history":[{"count":0,"href":"https:\/\/israelmagazine.net\/index.php?rest_route=\/wp\/v2\/posts\/55873\/revisions"}],"wp:featuredmedia":[{"embeddable":true,"href":"https:\/\/israelmagazine.net\/index.php?rest_route=\/"}],"wp:attachment":[{"href":"https:\/\/israelmagazine.net\/index.php?rest_route=%2Fwp%2Fv2%2Fmedia&parent=55873"}],"wp:term":[{"taxonomy":"category","embeddable":true,"href":"https:\/\/israelmagazine.net\/index.php?rest_route=%2Fwp%2Fv2%2Fcategories&post=55873"},{"taxonomy":"post_tag","embeddable":true,"href":"https:\/\/israelmagazine.net\/index.php?rest_route=%2Fwp%2Fv2%2Ftags&post=55873"},{"taxonomy":"sujet","embeddable":true,"href":"https:\/\/israelmagazine.net\/index.php?rest_route=%2Fwp%2Fv2%2Fsujet&post=55873"}],"curies":[{"name":"wp","href":"https:\/\/api.w.org\/{rel}","templated":true}]}}