{"id":55907,"date":"2021-09-09T07:20:52","date_gmt":"2021-09-09T04:20:52","guid":{"rendered":"https:\/\/israelmagazine.net\/?p=55907"},"modified":"2021-09-09T07:20:52","modified_gmt":"2021-09-09T04:20:52","slug":"le-proces-historique-des-attentats-du-13-novembre-2015-sest-ouvert-a-paris","status":"publish","type":"post","link":"https:\/\/israelmagazine.net\/?p=55907","title":{"rendered":"Le proc\u00e8s \u00ab historique \u00bb des attentats du 13-Novembre 2015 s\u2019est ouvert \u00e0 Paris"},"content":{"rendered":"<p><strong>Le proc\u00e8s \u00ab historique \u00bb des attentats du 13-Novembre 2015 s\u2019est ouvert \u00e0 Paris<\/strong><\/p>\n<img class=\\\"size-medium wp-image-55908\\\" src=\\\"https:\/\/israelmagazine.co.il\/wp-content\/uploads\/2021\/09\/51Atw6wFwBL-215x300.jpg\\\" alt=\\\" 13 novembre 2015 \\\" width=\\\"215\\\" height=\\\"300\\\" \/>\n<p>Audience historique : Le proc\u00e8s des attentats du 13 novembre 2015 s\u2019est ouvert \u00e0 Paris, six ans apr\u00e8s la nuit de terreur qui a fait 130 morts, des centaines de bless\u00e9s et a traumatis\u00e9 la France. Le vendredi 13 novembre 2015, \u00a0trois terroristes se font exploser aux portes du Stade de France, pendant une rencontre amicale de football entre la France et l\u2019Allemagne. Puis \u00e0 Paris, deux commandos de trois terrosites mitraillent \u00e0 l\u2019arme de guerre des terrasses de caf\u00e9s et de restaurants et tirent sur la foule d\u2019un concert au Bataclan, o\u00f9 l\u2019assaut sera donn\u00e9 peu apr\u00e8s minuit.<\/p>\n<p><a href=\\\"https:\/\/israelmagazine.co.il\/production-davocats-au-maroc-le-groupe-israelien-mehadrin-demarrera-ses-activites-en-mars-2022\/\\\">https:\/\/israelmagazine.co.il\/production-davocats-au-maroc-le-groupe-israelien-mehadrin-demarrera-ses-activites-en-mars-2022\/<\/a><\/p>\n<p>\u00ab Nous commen\u00e7ons ce jour un proc\u00e8s qualifi\u00e9 d\u2019historique, hors norme \u00bb, dit \u00e0 la salle Jean-Louis P\u00e9ri\u00e8s. Mais, pr\u00e9vient-il, \u00ab ce qui importe c\u2019est aussi justement le respect de la norme, le respect des droits de chacun, \u00e0 commencer par les droits de la d\u00e9fense. Notre cour d\u2019assises a pour finalit\u00e9 d\u2019examiner les charges pesant \u00e0 l\u2019encontre de chacun et d\u2019en tirer toutes les cons\u00e9quences au plan p\u00e9nal apr\u00e8s avoir \u00e9cout\u00e9 chacun \u00bb, a-t-il rappel\u00e9. \u00ab Nous devons tous garder \u00e0 l\u2019esprit cette finalit\u00e9 afin de conserver ce cap \u00bb. Pr\u00e8s d\u2019un millier de policiers sont mobilis\u00e9s pour la s\u00e9curit\u00e9 du proc\u00e8s.<\/p>\n<h3>13-Novembre 2015<\/h3>\n<p>Seul membre en vie des commandos terroristes, Salah Abdeslam a r\u00e9cit\u00e9 la profession de foi musulmane, Alors que le pr\u00e9sident Jean-Louis P\u00e9ri\u00e8s lui demandait, comme c\u2019est l\u2019usage, de se lever et de d\u00e9cliner son identit\u00e9\u00a0: \u00ab Tout d\u2019abord, je tiens \u00e0 t\u00e9moigner qu\u2019il n\u2019y a pas de divinit\u00e9 \u00e0 part Allah et que Mohamed est son messager \u00bb. \u00a0\u00ab J\u2019ai d\u00e9laiss\u00e9 toute profession pour devenir un combattant de l\u2019Etat islamique \u00bb. \u00ab C\u2019est une provocation, a affirm\u00e9 Dominique Kielemoes, dont le fils a \u00e9t\u00e9 tu\u00e9 dans la fusillade-tuerie du bar La Belle Equipe. Dix autres accus\u00e9s se sont aussi install\u00e9s sur la premi\u00e8re rang\u00e9e des bancs du box, sous l\u2019escorte des gendarmes. Contrairement \u00e0 Salah Abdeslam, tous se sont content\u00e9 de d\u00e9cliner leur identit\u00e9 et de r\u00e9pondre aux questions sans faire de commentaires. La tension \u00e9tait forte en cette premi\u00e8re journ\u00e9e d\u2019audience, consacr\u00e9e \u00e0 l\u2019appel des parties civiles.<\/p>\n<p><a href=\\\"https:\/\/israelmagazine.co.il\/loin-du-covid-quelques-jours-en-sud-bourgogne\/\\\">https:\/\/israelmagazine.co.il\/loin-du-covid-quelques-jours-en-sud-bourgogne\/<\/a><\/p>\n<p>Pendant neuf mois \u2013 la plus grande audience criminelle jamais organis\u00e9e en France -, la cour va se replonger dans cet \u00e9norme dossier\u00a0 (542 tomes) -, par son nombre de parties civiles \u2013 au moins 1.800.<\/p>\n<p>\u00ab On sait \u00bb qu\u2019\u00e0 cette occasion, \u00ab c\u2019est une vague d\u2019\u00e9motion qui d\u00e9ferle, les faits remontent \u00e0 la surface \u00bb, disait avant l\u2019audience Philippe Duperron, dont le fils de 30 ans a \u00e9t\u00e9 mortellement bless\u00e9 au Bataclan, et qui s\u2019exprimera comme pr\u00e9sident de l\u2019association de victimes 13onze15.<\/p>\n<p>Au bord de la Seine, les abords du Vieux Palais de justice \u00e9taient bloqu\u00e9s depuis l\u2019aube par un large p\u00e9rim\u00e8tre de s\u00e9curit\u00e9.<\/p>\n<p>La suite de l\u2019article se trouve dans le prochain num\u00e9ro d\u2019Isra\u00ebl Magazine<\/p>\n<p>D\u00e9couvrez un exemplaire du magazine gratuitement et cliquez ensuite sur le rebord droit<\/p>\n<p><a href=\\\"https:\/\/online.fliphtml5.com\/rjspi\/mxre\/\\\">https:\/\/online.fliphtml5.com\/rjspi\/mxre\/<\/a><\/p>\n<p>Votre magazine livr\u00e9 chez vous en toute confidentialit\u00e9 S\u2019abonner au magazine par t\u00e9l\u00e9phone ou par whats app 00972 (0) 54 254 45 20 ou au 01 86 98 27 27<\/p>\n<p>Par email\u00a0 Andredarmon21@gmail.com<\/p>\n<p>directement sur le site https:\/\/israelmagazine.co.il\/sabonner-au-magazine\/<\/p>\n<p>Ou encore S\u2019abonner au magazine livr\u00e9 chez vous en toute confidentialit\u00e9. Remplir le formulaire<\/p>\n<p><a href=\\\"https:\/\/docs.google.com\/forms\/d\/e\/1FAIpQLSfPYJfb8KjEya-X17w0DGPAuBlCGvqVUdh_Is8EL810Lxw82A\/viewform?entry.1189475001=Recipient_Email\\\">https:\/\/docs.google.com\/forms\/d\/e\/1FAIpQLSfPYJfb8KjEya-X17w0DGPAuBlCGvqVUdh_Is8EL810Lxw82A\/viewform?entry.1189475001=Recipient_Email<\/a><\/p>\n<p>&nbsp;<\/p>\n","protected":false},"excerpt":{"rendered":"<p>Le proc\u00e8s \u00ab historique \u00bb des attentats du 13-Novembre 2015 s\u2019est ouvert \u00e0 Paris Audience historique : Le proc\u00e8s des attentats du 13 novembre 2015 s\u2019est ouvert \u00e0 Paris, six ans apr\u00e8s la nuit de terreur qui a fait 130 morts, des centaines de bless\u00e9s et a traumatis\u00e9 la France. Le vendredi 13 novembre 2015, &hellip;<\/p>\n<p class=\"read-more\"> <a class=\"\" href=\"https:\/\/israelmagazine.net\/?p=55907\"> <span class=\"screen-reader-text\">Le proc\u00e8s \u00ab historique \u00bb des attentats du 13-Novembre 2015 s\u2019est ouvert \u00e0 Paris<\/span> Lire la suite \u00bb<\/a><\/p>\n","protected":false},"author":4,"featured_media":55908,"comment_status":"open","ping_status":"open","sticky":false,"template":"","format":"standard","meta":{"site-sidebar-layout":"default","site-content-layout":"default","ast-global-header-display":"","ast-main-header-display":"","ast-hfb-above-header-display":"","ast-hfb-below-header-display":"","ast-hfb-mobile-header-display":"","site-post-title":"","ast-breadcrumbs-content":"","ast-featured-img":"","footer-sml-layout":"","theme-transparent-header-meta":"","adv-header-id-meta":"","stick-header-meta":"","header-above-stick-meta":"","header-main-stick-meta":"","header-below-stick-meta":""},"categories":[84,814,1613,2283],"tags":[2954,825,2306,2307,955,937,2955],"sujet":[],"_links":{"self":[{"href":"https:\/\/israelmagazine.net\/index.php?rest_route=\/wp\/v2\/posts\/55907"}],"collection":[{"href":"https:\/\/israelmagazine.net\/index.php?rest_route=\/wp\/v2\/posts"}],"about":[{"href":"https:\/\/israelmagazine.net\/index.php?rest_route=\/wp\/v2\/types\/post"}],"author":[{"embeddable":true,"href":"https:\/\/israelmagazine.net\/index.php?rest_route=\/wp\/v2\/users\/4"}],"replies":[{"embeddable":true,"href":"https:\/\/israelmagazine.net\/index.php?rest_route=%2Fwp%2Fv2%2Fcomments&post=55907"}],"version-history":[{"count":0,"href":"https:\/\/israelmagazine.net\/index.php?rest_route=\/wp\/v2\/posts\/55907\/revisions"}],"wp:featuredmedia":[{"embeddable":true,"href":"https:\/\/israelmagazine.net\/index.php?rest_route=\/"}],"wp:attachment":[{"href":"https:\/\/israelmagazine.net\/index.php?rest_route=%2Fwp%2Fv2%2Fmedia&parent=55907"}],"wp:term":[{"taxonomy":"category","embeddable":true,"href":"https:\/\/israelmagazine.net\/index.php?rest_route=%2Fwp%2Fv2%2Fcategories&post=55907"},{"taxonomy":"post_tag","embeddable":true,"href":"https:\/\/israelmagazine.net\/index.php?rest_route=%2Fwp%2Fv2%2Ftags&post=55907"},{"taxonomy":"sujet","embeddable":true,"href":"https:\/\/israelmagazine.net\/index.php?rest_route=%2Fwp%2Fv2%2Fsujet&post=55907"}],"curies":[{"name":"wp","href":"https:\/\/api.w.org\/{rel}","templated":true}]}}