{"id":55921,"date":"2021-09-12T08:45:44","date_gmt":"2021-09-12T05:45:44","guid":{"rendered":"https:\/\/israelmagazine.net\/?p=55921"},"modified":"2021-09-12T08:45:44","modified_gmt":"2021-09-12T05:45:44","slug":"amihai-chikli-le-depute-rebelle-qui-a-dit-non-a-neftali-bennet","status":"publish","type":"post","link":"https:\/\/israelmagazine.net\/?p=55921","title":{"rendered":"Ami\u2019Hai Chikli le d\u00e9put\u00e9 rebelle qui a dit non \u00e0 Neftali Bennet"},"content":{"rendered":"<h3>Ami\u2019Hai Chikli le d\u00e9put\u00e9 rebelle qui a dit non \u00e0 Neftali Bennet<\/h3>\n<img class=\\\"size-medium wp-image-55923\\\" src=\\\"https:\/\/israelmagazine.co.il\/wp-content\/uploads\/2021\/09\/IMG_7926-300x200.jpeg\\\" alt=\\\"chikli\\\" width=\\\"300\\\" height=\\\"200\\\" \/>\n<p>Exclusif\u00a0 Interview Ami\u2019Hai Chikli: \\&rsquo;la force de ce nouveau gouvernement c\u2019est sa faiblesse\\&rsquo; me dira-t-il. Retrouvez dans le prochain num\u00e9ro d\u2019Isra\u00ebl Magazine l\u2019interview exclusive d\u2019 Ami\u2019hai Chikli, d\u00e9put\u00e9 Yemina et opposant a l\u2019actuel Gouvernement. Ce dernier pense que Naftali Bennett n\\&rsquo;est pas un leader et que la venue de Yair Lapid comme prochain Premier ministre ne fera qu\\&#8217;empirer les choses.<\/p>\n<h3>Amichai Shikli BIO<\/h3>\n<p>Amichai Chikli (n\u00e9 en 1981, 13 Elul 5741 ) est membre de la Knesset \u00e0 la vingt-quatri\u00e8me Knesset au nom de la liste \u00ab Yemina \u00bb . Auparavant \u00e9t\u00e9 \u00e9ducateur, entrepreneur social et \u00e9ducateur isra\u00e9lien et fondateur de l\u2019acad\u00e9mie sioniste \\\u00a0\u00bbTabor\\\u00a0\u00bb[1].<\/p>\n<p>Chikli est le fils de Camille Chikli \u00a0et du Dr Eitan Chikli , rabbin conservateur, expert en \u00e9ducation juive et pr\u00e9sident de l\\&rsquo;Universit\u00e9 juive de Mexico. N\u00e9 et \u00e9lev\u00e9 \u00e0 J\u00e9rusalem, et dipl\u00f4m\u00e9 du lyc\u00e9e traditionnel Jules Braunschweig de la ville.<\/p>\n<p>Apr\u00e8s ses \u00e9tudes secondaires, il rejoint l\\&rsquo;\u00e9cole pr\u00e9-militaire de Haute Galil\u00e9e au kibboutz Maayan Barouch et choisit de servir dans la brigade Golani. Shikli recoit une formation de combattant et de cours de commandant d\\&rsquo;infanterie. Il participe \u00e0 la lutte contre le terrorisme palestinien pendant la deuxi\u00e8me Intifada et ensuite est nomm\u00e9 commandant d\\&rsquo;un escadron de l\\&rsquo;unit\u00e9 Walnut. Sert en r\u00e9serve dans la brigade Golani avec le grade de major. (rav Seren)<\/p>\n<p><a href=\\\"https:\/\/israelmagazine.co.il\/tel-aviv-magazine-du-groupe-israel-magazine\/\\\">https:\/\/israelmagazine.co.il\/tel-aviv-magazine-du-groupe-israel-magazine\/<\/a><\/p>\n<h3>Abonnement au magazine 0542544520\u00a0 0186982727<\/h3>\n<p>La suite de l\u2019article se trouve dans le prochain num\u00e9ro d\u2019Isra\u00ebl Magazine<\/p>\n<p>D\u00e9couvrez un exemplaire du magazine gratuitement et cliquez ensuite sur le rebord droit d<\/p>\n<p><a href=\\\"https:\/\/fr.calameo.com\/read\/001096500c7f116363325\\\">https:\/\/fr.calameo.com\/read\/001096500c7f116363325<\/a><\/p>\n<p>magazine livr\u00e9 chez vous dans le monde enteir en toute confidentialit\u00e9 S\u2019abonner au magazine par t\u00e9l\u00e9phone ou par whats app 00972 (0) 54 254 45 20 ou au 01 86 98 27 27<\/p>\n<p>Par email\u00a0 Andredarmon21@gmail.com<\/p>\n<p>directement sur le site https:\/\/israelmagazine.co.il\/sabonner-au-magazine\/<\/p>\n<p>Ou encore S\u2019abonner au magazine livr\u00e9 chez vous en toute confidentialit\u00e9. Remplir le formulaire<\/p>\n<p><a href=\\\"https:\/\/docs.google.com\/forms\/d\/e\/1FAIpQLSfPYJfb8KjEya-X17w0DGPAuBlCGvqVUdh_Is8EL810Lxw82A\/viewform?entry.1189475001=Recipient_Email\\\">https:\/\/docs.google.com\/forms\/d\/e\/1FAIpQLSfPYJfb8KjEya-X17w0DGPAuBlCGvqVUdh_Is8EL810Lxw82A\/viewform?entry.1189475001=Recipient_Email<\/a><\/p>\n","protected":false},"excerpt":{"rendered":"<p>Ami\u2019Hai Chikli le d\u00e9put\u00e9 rebelle qui a dit non \u00e0 Neftali Bennet Exclusif\u00a0 Interview Ami\u2019Hai Chikli: \\&rsquo;la force de ce nouveau gouvernement c\u2019est sa faiblesse\\&rsquo; me dira-t-il. Retrouvez dans le prochain num\u00e9ro d\u2019Isra\u00ebl Magazine l\u2019interview exclusive d\u2019 Ami\u2019hai Chikli, d\u00e9put\u00e9 Yemina et opposant a l\u2019actuel Gouvernement. Ce dernier pense que Naftali Bennett n\\&rsquo;est pas un &hellip;<\/p>\n<p class=\"read-more\"> <a class=\"\" href=\"https:\/\/israelmagazine.net\/?p=55921\"> <span class=\"screen-reader-text\">Ami\u2019Hai Chikli le d\u00e9put\u00e9 rebelle qui a dit non \u00e0 Neftali Bennet<\/span> Lire la suite \u00bb<\/a><\/p>\n","protected":false},"author":4,"featured_media":55923,"comment_status":"open","ping_status":"open","sticky":false,"template":"","format":"standard","meta":{"site-sidebar-layout":"default","site-content-layout":"default","ast-global-header-display":"","ast-main-header-display":"","ast-hfb-above-header-display":"","ast-hfb-below-header-display":"","ast-hfb-mobile-header-display":"","site-post-title":"","ast-breadcrumbs-content":"","ast-featured-img":"","footer-sml-layout":"","theme-transparent-header-meta":"","adv-header-id-meta":"","stick-header-meta":"","header-above-stick-meta":"","header-main-stick-meta":"","header-below-stick-meta":""},"categories":[84,1612,1613,1191],"tags":[2291,1739,2956,2699,1715,2013,937,2957,2958],"sujet":[],"_links":{"self":[{"href":"https:\/\/israelmagazine.net\/index.php?rest_route=\/wp\/v2\/posts\/55921"}],"collection":[{"href":"https:\/\/israelmagazine.net\/index.php?rest_route=\/wp\/v2\/posts"}],"about":[{"href":"https:\/\/israelmagazine.net\/index.php?rest_route=\/wp\/v2\/types\/post"}],"author":[{"embeddable":true,"href":"https:\/\/israelmagazine.net\/index.php?rest_route=\/wp\/v2\/users\/4"}],"replies":[{"embeddable":true,"href":"https:\/\/israelmagazine.net\/index.php?rest_route=%2Fwp%2Fv2%2Fcomments&post=55921"}],"version-history":[{"count":0,"href":"https:\/\/israelmagazine.net\/index.php?rest_route=\/wp\/v2\/posts\/55921\/revisions"}],"wp:featuredmedia":[{"embeddable":true,"href":"https:\/\/israelmagazine.net\/index.php?rest_route=\/"}],"wp:attachment":[{"href":"https:\/\/israelmagazine.net\/index.php?rest_route=%2Fwp%2Fv2%2Fmedia&parent=55921"}],"wp:term":[{"taxonomy":"category","embeddable":true,"href":"https:\/\/israelmagazine.net\/index.php?rest_route=%2Fwp%2Fv2%2Fcategories&post=55921"},{"taxonomy":"post_tag","embeddable":true,"href":"https:\/\/israelmagazine.net\/index.php?rest_route=%2Fwp%2Fv2%2Ftags&post=55921"},{"taxonomy":"sujet","embeddable":true,"href":"https:\/\/israelmagazine.net\/index.php?rest_route=%2Fwp%2Fv2%2Fsujet&post=55921"}],"curies":[{"name":"wp","href":"https:\/\/api.w.org\/{rel}","templated":true}]}}