{"id":55946,"date":"2021-09-22T08:03:43","date_gmt":"2021-09-22T05:03:43","guid":{"rendered":"https:\/\/israelmagazine.net\/?p=55946"},"modified":"2021-09-22T08:03:43","modified_gmt":"2021-09-22T05:03:43","slug":"les-juifs-peuvent-ils-prier-sur-le-mont-du-temple","status":"publish","type":"post","link":"https:\/\/israelmagazine.net\/?p=55946","title":{"rendered":"Les Juifs peuvent-ils prier sur le Mont du Temple\u00a0?"},"content":{"rendered":"<blockquote>\n<div dir=\\\"ltr\\\">\n<h3><b><i>Les Juifs peuvent-ils prier sur le Mont du Temple\u00a0?<\/i><\/b><\/h3>\n<div>par Richard Darmon<\/div>\n<div>\n<img class=\\\"size-medium wp-image-55947\\\" src=\\\"https:\/\/israelmagazine.co.il\/wp-content\/uploads\/2021\/09\/IMG-20210919-WA0046-225x300.jpg\\\" alt=\\\"Temple\\\" width=\\\"225\\\" height=\\\"300\\\" \/>\n<\/div>\n<div><b>\u00c9tablies au d\u00e9part en 1967 par Mosh\u00e9 Dayan, ministre de la D\u00e9fense, puis par l\u2019\u00abAccord Kerry\u00a0\u00bb pass\u00e9 en 2015 entre Isra\u00ebl, la Jordanie et les USA, les r\u00e8gles relatives aux pratiques religieuses en vigueur jusqu\\&rsquo;\u00e0 aujourd\\&rsquo;hui ont toujours omis de mentionner la possibilit\u00e9 pour les Juifs de prier sur le site pourtant le plus saint du Juda\u00efsme. Mais sur le terrain, les choses sont heureusement en train de changer. Le point sur la question.<\/b><\/div>\n<div><a href=\\\"https:\/\/israelmagazine.co.il\/leffondrement-du-liban\/\\\">https:\/\/israelmagazine.co.il\/leffondrement-du-liban\/<\/a><\/div>\n<div>On se souvient que le 18 juillet dernier, jour du 9 du mois d\u2019Av dans le calendrier h\u00e9bra\u00efque (anniversaire de la destruction des deux Temples de J\u00e9rusalem), le nouveau Premier ministre Naftali Bennett, qui venait \u00e0 peine d\u2019entrer en fonction, avait fait une d\u00e9claration impromptue en disant qu\u2019il \u00e9tait favorable \u00e0\u00a0<i>\u00ab\u00a0la libert\u00e9 de culte pour les membres de toutes les religions sur le mont du Temple\u00a0\u00bb.\u00a0<\/i>Une \u00ab\u00a0petite phrase\u00a0\u00bb sur laquelle il dut aussit\u00f4t revenir, la formulant autrement suite \u00e0 la suggestion pressante de son entourage et des responsables de la diplomatie isra\u00e9lienne qui lui rappel\u00e8rent les r\u00e8gles internationales en vigueur depuis 54 ans. Une volte-face qui fut en fait son premier faux-pas et qui, en tous cas, le fit passer dans toute la presse nationale pour un \u00ab\u00a0novice\u00a0\u00bb en mati\u00e8re d\u2019accords internationaux sur le statut de J\u00e9rusalem\u2026 Ces r\u00e8gles \u00e9tablissent une claire distinction entre le\u00a0<i>\u00ab\u00a0droit de visite\u00a0\u00bb\u00a0<\/i>des Juifs sur le mont du Temple \u2013 qui est tol\u00e9r\u00e9 &#8211;<i>\u00a0et le \u00ab\u00a0droit d\u2019y prier<\/i>\u00a0\u00bb qui ne leur est pas reconnu.<\/div>\n<h3><b><i>De Mosh\u00e9 Dayan \u00e0 John Kerry<\/i><\/b><\/h3>\n<div>Tout commen\u00e7a avec Mosh\u00e9 Dayan qui, juste apr\u00e8s la Guerre des Six-Jours de juin 1967, rendit les cl\u00e9s de l\u2019Esplanade du Temple entre les mains des Isra\u00e9liens apr\u00e8s la cuisante d\u00e9faite arabe, aux chefs du Wakf de J\u00e9rusalem (l\u2019autorit\u00e9 religieuse musulman en charge du site), et qui fit ensuite approuver une incroyable d\u00e9cision par le Comit\u00e9 minist\u00e9riel des Lieux Saints\u00a0: \u00e0 savoir que tous les Juifs ayant l\u2019intention d\u2019aller prier sur le mont du Temple devaient obligatoirement \u00eatre dirig\u00e9s vers le Mur occidental (Kotel) en contrebas\u2026 Une d\u00e9cision formul\u00e9e de mani\u00e8re impr\u00e9cise qui conf\u00e9ra \u00e0 la police isra\u00e9lienne toute la latence pour renforcer sur le terrain l\u2019interdiction de toute pri\u00e8re juive sur le mont du Temple et restreindre les modes d\u2019application de leur droit de visite sur ce site\u2026<\/div>\n<div>Ainsi, alors que pendant des d\u00e9cennies, la police de J\u00e9rusalem emp\u00eacha strictement \u2013 parfois violemment &#8211; les Juifs d\u2019y prier, de petits groupes de seulement 9 fid\u00e8les (pour les emp\u00eacher de former un\u00a0<i>minyane<\/i>\u00a0de 10 hommes, le quorum minimum pour la pri\u00e8re juive) encadr\u00e9s par des policiers furent par la suite tol\u00e9r\u00e9s \u00e0 parcourir quelques m\u00e8tres sur le mont du Temple, avec l\u2019interdiction formelle de remuer leurs l\u00e8vres pour prier. Une prohibition que la police isra\u00e9lienne a longtemps maintenue en pratiquant une curieuse et d\u00e9testable (auto)censure religieuse\u2026 anti-juive !<\/div>\n<\/div>\n<div><a href=\\\"https:\/\/israelmagazine.co.il\/le-phenomene-zemmour-interview-complete-et-exlusive\/\\\">https:\/\/israelmagazine.co.il\/le-phenomene-zemmour-interview-complete-et-exlusive\/<\/a><\/div>\n<div dir=\\\"ltr\\\">\n<div>\n<p>La suite de l\u2019article se trouve dans le prochain num\u00e9ro d\u2019Isra\u00ebl Magazine<\/p>\n<p>D\u00e9couvrez un exemplaire du magazine gratuitement et cliquez ensuite sur le rebord droit<\/p>\n<p><a href=\\\"https:\/\/online.fliphtml5.com\/rjspi\/mxre\/\\\">https:\/\/online.fliphtml5.com\/rjspi\/mxre\/<\/a><\/p>\n<p>Votre magazine livr\u00e9 chez vous en toute confidentialit\u00e9 S\u2019abonner au magazine par t\u00e9l\u00e9phone ou par whats app 00972 (0) 54 254 45 20 ou au 01 86 98 27 27<\/p>\n<p>Par email\u00a0 Andredarmon21@gmail.com<\/p>\n<p>directement sur le site https:\/\/israelmagazine.co.il\/sabonner-au-magazine\/<\/p>\n<p>Ou encore S\u2019abonner au magazine livr\u00e9 chez vous en toute confidentialit\u00e9. Remplir le formulaire<\/p>\n<p><a href=\\\"https:\/\/docs.google.com\/forms\/d\/e\/1FAIpQLSfPYJfb8KjEya-X17w0DGPAuBlCGvqVUdh_Is8EL810Lxw82A\/viewform?entry.1189475001=Recipient_Email\\\">https:\/\/docs.google.com\/forms\/d\/e\/1FAIpQLSfPYJfb8KjEya-X17w0DGPAuBlCGvqVUdh_Is8EL810Lxw82A\/viewform?entry.1189475001=Recipient_Email<\/a><\/p>\n<p>&nbsp;<\/p>\n<p><a href=\\\"https:\/\/www.facebook.com\/563799703686978\/posts\/3916028461797402\/\\\">https:\/\/www.facebook.com\/563799703686978\/posts\/3916028461797402\/<\/a><\/p>\n<\/div>\n<\/div>\n<\/blockquote>\n","protected":false},"excerpt":{"rendered":"<p>Les Juifs peuvent-ils prier sur le Mont du Temple\u00a0? par Richard Darmon \u00c9tablies au d\u00e9part en 1967 par Mosh\u00e9 Dayan, ministre de la D\u00e9fense, puis par l\u2019\u00abAccord Kerry\u00a0\u00bb pass\u00e9 en 2015 entre Isra\u00ebl, la Jordanie et les USA, les r\u00e8gles relatives aux pratiques religieuses en vigueur jusqu\\&rsquo;\u00e0 aujourd\\&rsquo;hui ont toujours omis de mentionner la possibilit\u00e9 &hellip;<\/p>\n<p class=\"read-more\"> <a class=\"\" href=\"https:\/\/israelmagazine.net\/?p=55946\"> <span class=\"screen-reader-text\">Les Juifs peuvent-ils prier sur le Mont du Temple\u00a0?<\/span> Lire la suite \u00bb<\/a><\/p>\n","protected":false},"author":4,"featured_media":55947,"comment_status":"open","ping_status":"open","sticky":false,"template":"","format":"standard","meta":{"site-sidebar-layout":"default","site-content-layout":"default","ast-global-header-display":"","ast-main-header-display":"","ast-hfb-above-header-display":"","ast-hfb-below-header-display":"","ast-hfb-mobile-header-display":"","site-post-title":"","ast-breadcrumbs-content":"","ast-featured-img":"","footer-sml-layout":"","theme-transparent-header-meta":"","adv-header-id-meta":"","stick-header-meta":"","header-above-stick-meta":"","header-main-stick-meta":"","header-below-stick-meta":""},"categories":[84,814,1609,1673],"tags":[825,1635,2699,1628,815,1700,937,383,2569,1636,1761],"sujet":[],"_links":{"self":[{"href":"https:\/\/israelmagazine.net\/index.php?rest_route=\/wp\/v2\/posts\/55946"}],"collection":[{"href":"https:\/\/israelmagazine.net\/index.php?rest_route=\/wp\/v2\/posts"}],"about":[{"href":"https:\/\/israelmagazine.net\/index.php?rest_route=\/wp\/v2\/types\/post"}],"author":[{"embeddable":true,"href":"https:\/\/israelmagazine.net\/index.php?rest_route=\/wp\/v2\/users\/4"}],"replies":[{"embeddable":true,"href":"https:\/\/israelmagazine.net\/index.php?rest_route=%2Fwp%2Fv2%2Fcomments&post=55946"}],"version-history":[{"count":0,"href":"https:\/\/israelmagazine.net\/index.php?rest_route=\/wp\/v2\/posts\/55946\/revisions"}],"wp:featuredmedia":[{"embeddable":true,"href":"https:\/\/israelmagazine.net\/index.php?rest_route=\/"}],"wp:attachment":[{"href":"https:\/\/israelmagazine.net\/index.php?rest_route=%2Fwp%2Fv2%2Fmedia&parent=55946"}],"wp:term":[{"taxonomy":"category","embeddable":true,"href":"https:\/\/israelmagazine.net\/index.php?rest_route=%2Fwp%2Fv2%2Fcategories&post=55946"},{"taxonomy":"post_tag","embeddable":true,"href":"https:\/\/israelmagazine.net\/index.php?rest_route=%2Fwp%2Fv2%2Ftags&post=55946"},{"taxonomy":"sujet","embeddable":true,"href":"https:\/\/israelmagazine.net\/index.php?rest_route=%2Fwp%2Fv2%2Fsujet&post=55946"}],"curies":[{"name":"wp","href":"https:\/\/api.w.org\/{rel}","templated":true}]}}