{"id":55978,"date":"2021-10-03T08:22:09","date_gmt":"2021-10-03T05:22:09","guid":{"rendered":"https:\/\/israelmagazine.net\/?p=55978"},"modified":"2021-10-03T08:22:09","modified_gmt":"2021-10-03T05:22:09","slug":"bennet-100-jours-de-grace-ou-de-disgrace-leditorial-dandre-darmon","status":"publish","type":"post","link":"https:\/\/israelmagazine.net\/?p=55978","title":{"rendered":"Bennet\u00a0: 100 jours de Gr\u00e2ce ou de Disgr\u00e2ce\u00a0? l\\&rsquo;Editorial d\\&rsquo;Andre Darmon"},"content":{"rendered":"<h3><strong>Bennet\u00a0: 100 jours de Gr\u00e2ce ou de Disgr\u00e2ce\u00a0?<\/strong><\/h3>\n<img class=\\\"size-medium wp-image-55980\\\" src=\\\"https:\/\/israelmagazine.co.il\/wp-content\/uploads\/2021\/10\/cover-240-233x300.jpg\\\" alt=\\\"Nouvelles lois\\\" width=\\\"233\\\" height=\\\"300\\\" \/>\n<p><a href=\\\"https:\/\/israelmagazine.co.il\/juifs-en-afhganistan\/\\\">https:\/\/israelmagazine.co.il\/juifs-en-afhganistan\/<\/a><\/p>\n<p>Au vu des r\u00e9sultats sanitaires, diplomatiques, des nominations minist\u00e9rielles fantaisistes, quasi n\u00e9potistes, des discriminations positives qui voient des d\u00e9put\u00e9s arabes antisionistes, pr\u00e9sider parfois la Knesset ou des commissions parlementaires majeures, on ne sait s\u2019il faut rire ou pleurer. Si j\u2019en crois Ami \u2018ha\u00ef Shikli, d\u00e9put\u00e9 de la liste Yemina de Naftali Bennet, que j\u2019ai eu le plaisir d\u2019interviewer pour ce num\u00e9ro, Naftali Bennet ne serait tout simplement qu\u2019un vil menteur qui aurait mystifi\u00e9 ses \u00e9lecteurs, et pour finir aurait menti au pays. Devant l\u2019accumulation \u2018meurtri\u00e8re\u2019 de d\u00e9cisions qui flirtent avec la d\u00e9sinvolture et la b\u00eatise Il m\u2019aurait \u00e9t\u00e9 facile de parler de Naftali <strong>Ben\u00eat<\/strong> ou <strong>Bennet <\/strong>d\u2019\u00e2ne, mais tenons-nous aux faits.<\/p>\n<p><a href=\\\"https:\/\/israelmagazine.co.il\/les-juifs-peuvent-ils-prier-sur-le-mont-du-temple\/\\\">https:\/\/israelmagazine.co.il\/les-juifs-peuvent-ils-prier-sur-le-mont-du-temple\/<\/a><\/p>\n<p>L\u2019homme qui semblait donner \u00e0 l\u2019\u00e9poque la le\u00e7on \u00e0 son propre chef de gouvernement ( en l\u2019occurrence Netanyahou) s\u2019est lamentablement plant\u00e9 sur le plan sanitaire, pensant innover en interdisant les confinements, bien plus d\u2019ailleurs pour des raisons \u00e9conomiques et financi\u00e8res que strat\u00e9giques. Avaricieux en termes d\u2019argent mais pas vraiment en termes de mortalit\u00e9 qu\u2019il faut contenir tant bien que mal, et plut\u00f4t mal. Une question \u00e0 Bennet et \u00e0 Shaked. Et si c\u2019\u00e9tait vos proches, votre famille, vos enfants, vos parents qui seraient en danger de mort, parleriez-vous comme cela ?<\/p>\n<h3>La suite de l\u2019article se trouve dans le prochain num\u00e9ro d\u2019Isra\u00ebl Magazine<\/h3>\n<p><a href=\\\"https:\/\/israelmagazine.co.il\/haifa-la-ville-qui-ne-veut-plus-dormir\/\\\">https:\/\/israelmagazine.co.il\/haifa-la-ville-qui-ne-veut-plus-dormir\/<\/a><\/p>\n<p>D\u00e9couvrez un exemplaire du magazine gratuitement et cliquez ensuite sur le rebord droit<\/p>\n<p><a href=\\\"https:\/\/online.fliphtml5.com\/rjspi\/mxre\/\\\">https:\/\/online.fliphtml5.com\/rjspi\/mxre\/<\/a><\/p>\n<p>Votre magazine livr\u00e9 chez vous en toute confidentialit\u00e9 S\u2019abonner au magazine par t\u00e9l\u00e9phone ou par whats app 00972 (0) 54 254 45 20 ou au 01 86 98 27 27<\/p>\n<p>Par email\u00a0 Andredarmon21@gmail.com<\/p>\n<p>directement sur le site https:\/\/israelmagazine.co.il\/sabonner-au-magazine\/<\/p>\n<p>Ou encore S\u2019abonner au magazine livr\u00e9 chez vous en toute confidentialit\u00e9. Remplir le formulaire<\/p>\n<p><a href=\\\"https:\/\/docs.google.com\/forms\/d\/e\/1FAIpQLSfPYJfb8KjEya-X17w0DGPAuBlCGvqVUdh_Is8EL810Lxw82A\/viewform?entry.1189475001=Recipient_Email\\\">https:\/\/docs.google.com\/forms\/d\/e\/1FAIpQLSfPYJfb8KjEya-X17w0DGPAuBlCGvqVUdh_Is8EL810Lxw82A\/viewform?entry.1189475001=Recipient_Email<\/a><\/p>\n<p>&nbsp;<\/p>\n<p><a href=\\\"https:\/\/www.facebook.com\/563799703686978\/posts\/3916028461797402\/\\\">https:\/\/www.facebook.com\/563799703686978\/posts\/3916028461797402\/<\/a><\/p>\n<p>&nbsp;<\/p>\n","protected":false},"excerpt":{"rendered":"<p>Bennet\u00a0: 100 jours de Gr\u00e2ce ou de Disgr\u00e2ce\u00a0? https:\/\/israelmagazine.co.il\/juifs-en-afhganistan\/ Au vu des r\u00e9sultats sanitaires, diplomatiques, des nominations minist\u00e9rielles fantaisistes, quasi n\u00e9potistes, des discriminations positives qui voient des d\u00e9put\u00e9s arabes antisionistes, pr\u00e9sider parfois la Knesset ou des commissions parlementaires majeures, on ne sait s\u2019il faut rire ou pleurer. Si j\u2019en crois Ami \u2018ha\u00ef Shikli, d\u00e9put\u00e9 de &hellip;<\/p>\n<p class=\"read-more\"> <a class=\"\" href=\"https:\/\/israelmagazine.net\/?p=55978\"> <span class=\"screen-reader-text\">Bennet\u00a0: 100 jours de Gr\u00e2ce ou de Disgr\u00e2ce\u00a0? l\\&rsquo;Editorial d\\&rsquo;Andre Darmon<\/span> Lire la suite \u00bb<\/a><\/p>\n","protected":false},"author":4,"featured_media":55980,"comment_status":"open","ping_status":"open","sticky":false,"template":"","format":"standard","meta":{"site-sidebar-layout":"default","site-content-layout":"default","ast-global-header-display":"","ast-main-header-display":"","ast-hfb-above-header-display":"","ast-hfb-below-header-display":"","ast-hfb-mobile-header-display":"","site-post-title":"","ast-breadcrumbs-content":"","ast-featured-img":"","footer-sml-layout":"","theme-transparent-header-meta":"","adv-header-id-meta":"","stick-header-meta":"","header-above-stick-meta":"","header-main-stick-meta":"","header-below-stick-meta":""},"categories":[84,1612,1617,1191],"tags":[2291,386,289,2699,815,2569,1636,742],"sujet":[],"_links":{"self":[{"href":"https:\/\/israelmagazine.net\/index.php?rest_route=\/wp\/v2\/posts\/55978"}],"collection":[{"href":"https:\/\/israelmagazine.net\/index.php?rest_route=\/wp\/v2\/posts"}],"about":[{"href":"https:\/\/israelmagazine.net\/index.php?rest_route=\/wp\/v2\/types\/post"}],"author":[{"embeddable":true,"href":"https:\/\/israelmagazine.net\/index.php?rest_route=\/wp\/v2\/users\/4"}],"replies":[{"embeddable":true,"href":"https:\/\/israelmagazine.net\/index.php?rest_route=%2Fwp%2Fv2%2Fcomments&post=55978"}],"version-history":[{"count":0,"href":"https:\/\/israelmagazine.net\/index.php?rest_route=\/wp\/v2\/posts\/55978\/revisions"}],"wp:featuredmedia":[{"embeddable":true,"href":"https:\/\/israelmagazine.net\/index.php?rest_route=\/"}],"wp:attachment":[{"href":"https:\/\/israelmagazine.net\/index.php?rest_route=%2Fwp%2Fv2%2Fmedia&parent=55978"}],"wp:term":[{"taxonomy":"category","embeddable":true,"href":"https:\/\/israelmagazine.net\/index.php?rest_route=%2Fwp%2Fv2%2Fcategories&post=55978"},{"taxonomy":"post_tag","embeddable":true,"href":"https:\/\/israelmagazine.net\/index.php?rest_route=%2Fwp%2Fv2%2Ftags&post=55978"},{"taxonomy":"sujet","embeddable":true,"href":"https:\/\/israelmagazine.net\/index.php?rest_route=%2Fwp%2Fv2%2Fsujet&post=55978"}],"curies":[{"name":"wp","href":"https:\/\/api.w.org\/{rel}","templated":true}]}}