{"id":56010,"date":"2021-10-12T08:10:36","date_gmt":"2021-10-12T05:10:36","guid":{"rendered":"https:\/\/israelmagazine.net\/?p=56010"},"modified":"2021-10-12T08:10:36","modified_gmt":"2021-10-12T05:10:36","slug":"theodore-ivainer-itineraire-dun-enfant-juif-de-roumanie-apres-la-shoah","status":"publish","type":"post","link":"https:\/\/israelmagazine.net\/?p=56010","title":{"rendered":"Th\u00e9odore IVAINER, Itin\u00e9raire d\u2019un enfant juif de Roumanie apr\u00e8s la Shoah"},"content":{"rendered":"<p>&nbsp;<\/p>\n<h3>Itin\u00e9raire d\u2019un enfant juif de Jassy, Roumanie<\/h3>\n<p>par Genevieve Wittman<\/p>\n<img class=\\\"size-medium wp-image-55997\\\" src=\\\"https:\/\/israelmagazine.co.il\/wp-content\/uploads\/2021\/10\/cover-240-1-233x300.jpg\\\" alt=\\\"Leonard Cohen\\\" width=\\\"233\\\" height=\\\"300\\\" \/>\n<p><strong>Th\u00e9odore Ivainer est n\u00e9 le 3 f\u00e9vrier 1909 \u00e0 Jassy en Roumanie, au domicile familial, 30 boulevard Primariei. Son p\u00e8re, Ha\u00efm, est m\u00e9decin, il a 29 ans. Sa m\u00e8re, Rosalinei n\u00e9e Klepper, est \u00e2g\u00e9e de 22 ans. Les Ivainer ne pratiquent aucune des traditions du juda\u00efsme mais sont de fervents sionistes. C\u2019est en hommage au grand Th\u00e9odore Herzl qu\u2019ils ont donn\u00e9 ce pr\u00e9nom \u00e0 leur ain\u00e9. Jassy o\u00f9 r\u00e9side la petite famille, se situe en Moldavie, la Roumanie orientale. Cette ville conna\u00eet un effroyable pogrom les 28 et 29 juin 1941. En 2 jours, 13 600 personnes sont massacr\u00e9es avec une sauvagerie inou\u00efe.<\/strong><\/p>\n<p><a href=\\\"https:\/\/israelmagazine.co.il\/juifs-en-afhganistan\/\\\">https:\/\/israelmagazine.co.il\/juifs-en-afhganistan\/<\/a><\/p>\n<p>En 1927, Th\u00e9odore a tout juste 18 ans. Comme la plupart des jeunes Juifs de Roumanie, il ne peut acc\u00e9der aux \u00e9tudes sup\u00e9rieures. Il part donc pour Paris faire son Droit. Son p\u00e8re avant lui, \u00e9tait aussi venu y poursuivre des \u00e9tudes de m\u00e9decine. Th\u00e9odore est brillant, Il obtient son Doctorat en droit et entre comme principal clerc d\u2019avou\u00e9, traducteur jur\u00e9, aupr\u00e8s du Tribunal Civil de la Seine. Il habite alors 6 rue Tournefort dans le 5<sup>e<\/sup> \u00e0 Paris, sur la montagne Sainte Genevi\u00e8ve.<\/p>\n<p>Lors d\u2019un bal de quartier, le jeune Roumain rencontre Michelle Pottecher, Spinalienne issue d\u2019une vieille famille vosgienne. Th\u00e9odore et Michelle se marient le 31 d\u00e9cembre 1936. En juillet de la m\u00eame ann\u00e9e, Th\u00e9odore a obtenu la nationalit\u00e9 fran\u00e7aise. Ils auront 2 filles\u00a0: Catherine et Claire. Michelle travaille au minist\u00e8re des Affaires \u00c9trang\u00e8res en tant qu\u2019assistante de Fran\u00e7ois de Tessan, sous-secr\u00e9taire d\u2019\u00e9tat. Fran\u00e7ois de Tessan est un ami personnel de Franklin D. Roosevelt, franc-ma\u00e7on tout comme lui. Il finira ses jours en 1942 \u00e0 Buchenwald o\u00f9 il a \u00e9t\u00e9 d\u00e9port\u00e9 pour faits de R\u00e9sistance.<\/p>\n<p>&nbsp;<\/p>\n<p><a href=\\\"https:\/\/israelmagazine.co.il\/benjamin-netanyahou-un-extraodinaire-bilan-economique\/\\\">https:\/\/israelmagazine.co.il\/benjamin-netanyahou-un-extraodinaire-bilan-economique\/<\/a><\/p>\n<h3>La suite de l\u2019article se trouve dans le prochain num\u00e9ro d\u2019Isra\u00ebl Magazine<\/h3>\n<p>D\u00e9couvrez un exemplaire du magazine gratuitement et cliquez ensuite sur le rebord droit<\/p>\n<p><a href=\\\"https:\/\/online.fliphtml5.com\/rjspi\/mxre\/\\\">https:\/\/online.fliphtml5.com\/rjspi\/mxre\/<\/a><\/p>\n<p>Votre magazine livr\u00e9 chez vous en toute confidentialit\u00e9 S\u2019abonner au magazine par t\u00e9l\u00e9phone ou par whats app 00972 (0) 54 254 45 20 ou au 01 86 98 27 27<\/p>\n<p>Par email\u00a0 Andredarmon21@gmail.com<\/p>\n<p>directement sur le site https:\/\/israelmagazine.co.il\/sabonner-au-magazine\/<\/p>\n<p>Ou encore S\u2019abonner au magazine livr\u00e9 chez vous en toute confidentialit\u00e9. Remplir le formulaire<\/p>\n<p><a href=\\\"https:\/\/docs.google.com\/forms\/d\/e\/1FAIpQLSfPYJfb8KjEya-X17w0DGPAuBlCGvqVUdh_Is8EL810Lxw82A\/viewform?entry.1189475001=Recipient_Email\\\">https:\/\/docs.google.com\/forms\/d\/e\/1FAIpQLSfPYJfb8KjEya-X17w0DGPAuBlCGvqVUdh_Is8EL810Lxw82A\/viewform?entry.1189475001=Recipient_Email<\/a><\/p>\n<p>&nbsp;<\/p>\n<p><a href=\\\"https:\/\/www.facebook.com\/563799703686978\/posts\/3916028461797402\/\\\">https:\/\/www.facebook.com\/563799703686978\/posts\/3916028461797402\/<\/a><\/p>\n<p>&nbsp;<\/p>\n","protected":false},"excerpt":{"rendered":"<p>&nbsp; Itin\u00e9raire d\u2019un enfant juif de Jassy, Roumanie par Genevieve Wittman Th\u00e9odore Ivainer est n\u00e9 le 3 f\u00e9vrier 1909 \u00e0 Jassy en Roumanie, au domicile familial, 30 boulevard Primariei. Son p\u00e8re, Ha\u00efm, est m\u00e9decin, il a 29 ans. Sa m\u00e8re, Rosalinei n\u00e9e Klepper, est \u00e2g\u00e9e de 22 ans. Les Ivainer ne pratiquent aucune des traditions &hellip;<\/p>\n<p class=\"read-more\"> <a class=\"\" href=\"https:\/\/israelmagazine.net\/?p=56010\"> <span class=\"screen-reader-text\">Th\u00e9odore IVAINER, Itin\u00e9raire d\u2019un enfant juif de Roumanie apr\u00e8s la Shoah<\/span> Lire la suite \u00bb<\/a><\/p>\n","protected":false},"author":4,"featured_media":55997,"comment_status":"open","ping_status":"open","sticky":false,"template":"","format":"standard","meta":{"site-sidebar-layout":"default","site-content-layout":"default","ast-global-header-display":"","ast-main-header-display":"","ast-hfb-above-header-display":"","ast-hfb-below-header-display":"","ast-hfb-mobile-header-display":"","site-post-title":"","ast-breadcrumbs-content":"","ast-featured-img":"","footer-sml-layout":"","theme-transparent-header-meta":"","adv-header-id-meta":"","stick-header-meta":"","header-above-stick-meta":"","header-main-stick-meta":"","header-below-stick-meta":""},"categories":[84,814,2283,811],"tags":[825,2346,845,2699,1715,2013,815,2966,2569,1644,1761],"sujet":[],"_links":{"self":[{"href":"https:\/\/israelmagazine.net\/index.php?rest_route=\/wp\/v2\/posts\/56010"}],"collection":[{"href":"https:\/\/israelmagazine.net\/index.php?rest_route=\/wp\/v2\/posts"}],"about":[{"href":"https:\/\/israelmagazine.net\/index.php?rest_route=\/wp\/v2\/types\/post"}],"author":[{"embeddable":true,"href":"https:\/\/israelmagazine.net\/index.php?rest_route=\/wp\/v2\/users\/4"}],"replies":[{"embeddable":true,"href":"https:\/\/israelmagazine.net\/index.php?rest_route=%2Fwp%2Fv2%2Fcomments&post=56010"}],"version-history":[{"count":0,"href":"https:\/\/israelmagazine.net\/index.php?rest_route=\/wp\/v2\/posts\/56010\/revisions"}],"wp:featuredmedia":[{"embeddable":true,"href":"https:\/\/israelmagazine.net\/index.php?rest_route=\/"}],"wp:attachment":[{"href":"https:\/\/israelmagazine.net\/index.php?rest_route=%2Fwp%2Fv2%2Fmedia&parent=56010"}],"wp:term":[{"taxonomy":"category","embeddable":true,"href":"https:\/\/israelmagazine.net\/index.php?rest_route=%2Fwp%2Fv2%2Fcategories&post=56010"},{"taxonomy":"post_tag","embeddable":true,"href":"https:\/\/israelmagazine.net\/index.php?rest_route=%2Fwp%2Fv2%2Ftags&post=56010"},{"taxonomy":"sujet","embeddable":true,"href":"https:\/\/israelmagazine.net\/index.php?rest_route=%2Fwp%2Fv2%2Fsujet&post=56010"}],"curies":[{"name":"wp","href":"https:\/\/api.w.org\/{rel}","templated":true}]}}