{"id":56013,"date":"2021-10-12T09:15:18","date_gmt":"2021-10-12T06:15:18","guid":{"rendered":"https:\/\/israelmagazine.net\/?p=56013"},"modified":"2021-10-12T09:15:18","modified_gmt":"2021-10-12T06:15:18","slug":"56013-2","status":"publish","type":"post","link":"https:\/\/israelmagazine.net\/?p=56013","title":{"rendered":"Les Accords de normalisation entre Isra\u00ebl et le Maroc, un nouvel envol."},"content":{"rendered":"<h3 style=\\\"font-weight: 400;\\\"><strong>Les Accords de normalisation entre Isra\u00ebl et le Maroc, un nouvel envol.<\/strong><\/h3>\n<p>&nbsp;<\/p>\n<img class=\\\"size-medium wp-image-56014\\\" src=\\\"https:\/\/israelmagazine.co.il\/wp-content\/uploads\/2021\/10\/Marrakech-257x300.jpg\\\" alt=\\\"Maroc\\\" width=\\\"257\\\" height=\\\"300\\\" \/>\n<p>&nbsp;<\/p>\n<p style=\\\"font-weight: 400;\\\"><strong>Robert BEN DENOUN<\/strong><\/p>\n<p style=\\\"font-weight: 400;\\\"><strong>\u00ab\u00a0Dieu<em>, la patrie, le roi<\/em>\u00a0\u00bb. Telle est la devise du Maroc, terre de contrastes, de raffinement, alternance de montagnes et de zones d\u00e9sertiques, un pays de traditions, de culture, de d\u00e9votion, guid\u00e9 par un monarque toujours embl\u00e9matique et f\u00e9d\u00e9rateur, le roi Mohammed VI, de la dynastie alaouite, \u00e9tablie depuis 1666, et l\\&rsquo;une des plus anciennes du monde contemporain.<\/strong><\/p>\n<p style=\\\"font-weight: 400;\\\">Les Juifs qui vivaient au Maroc, ont connu des situations tr\u00e8s diff\u00e9rentes en fonction des \u00e9poques, mais sont rest\u00e9s attach\u00e9s \u00e0 ce pays qui les a vus\u00a0<span aria-haspopup=\\\"true\\\">naitre<\/span>,\u00a0<span aria-haspopup=\\\"true\\\">s\u2019\u00e9panouir<\/span>, prot\u00e9g\u00e9s par la figure titulaire des deux rois pr\u00e9c\u00e9dents, Hassan II et Mohammed V. Un massacre \u00e0\u00a0<span aria-haspopup=\\\"true\\\">F\u00e8s<\/span>\u00a0et des \u00e9meutes \u00e0 Oujda et\u00a0<span aria-haspopup=\\\"true\\\">Jedida<\/span>\u00a0ont cependant assombri le ciel ensoleill\u00e9 des Juifs marocains. Comme le d\u00e9clarait Hassan II en 1992, 750.000 Juifs \u00e9taient devenus les ambassadeurs du Maroc en Isra\u00ebl. Ceux qui ont \u00e9migr\u00e9 en France, au Canada, aux \u00c9tats-Unis, constituant la diaspora juive marocaine, sont \u00e9galement consid\u00e9r\u00e9s comme faisant partie de la nation marocaine.<\/p>\n<p><a href=\\\"https:\/\/israelmagazine.co.il\/bennet-100-jours-de-grace-ou-de-disgrace-leditorial-dandre-darmon\/\\\">https:\/\/israelmagazine.co.il\/bennet-100-jours-de-grace-ou-de-disgrace-leditorial-dandre-darmon\/<\/a><\/p>\n<p style=\\\"font-weight: 400;\\\"><strong>Histoire<\/strong><\/p>\n<p style=\\\"font-weight: 400;\\\">On trouve les premi\u00e8res traces de\u00a0<span aria-haspopup=\\\"true\\\">l\u2019existence<\/span>\u00a0<span aria-haspopup=\\\"true\\\">d\u2019une<\/span>\u00a0pr\u00e9sence juive au Maroc, en date du IIe si\u00e8cle av. J.-C., notamment \u00e0 Volubilis \u00e0 l\\&rsquo;\u00e9poque romaine. Avec l\\&rsquo;arriv\u00e9e de l\\&rsquo;islam, la population juive est ensuite pass\u00e9e sous domination musulmane. Le statut de dhimmis, de prot\u00e9g\u00e9s, mais de citoyens de seconde zone, leur a \u00e9t\u00e9 alors impos\u00e9, et leur situation s\u2019est d\u00e9grad\u00e9e. La population juive du Maroc a connu de grandes variations d\u00e9mographiques, notamment en accueillant les migrants juifs de la p\u00e9ninsule Ib\u00e9rique, les\u00a0<span aria-haspopup=\\\"true\\\">megourachim<\/span>, forc\u00e9s de quitter les royaumes d\\&rsquo;Espagne et du Portugal durant la Reconquista.<\/p>\n<p style=\\\"font-weight: 400;\\\"><span aria-haspopup=\\\"true\\\">Jusqu\u2019au<\/span>\u00a0XXe si\u00e8cle, la population juive a regroup\u00e9 pr\u00e8s de 250.000 juifs r\u00e9partis dans les toutes les villes du Maroc, en particulier, Marrakech, Rabat, Casablanca, Mekn\u00e8s et\u00a0<span aria-haspopup=\\\"true\\\">F\u00e8s<\/span>. Elle s\u2019est ensuite r\u00e9duite pour ne compter actuellement qu\u2019environ 3000 personnes.<\/p>\n<p style=\\\"font-weight: 400;\\\">Apr\u00e8s l\u2019\u00e9migration massive des juifs du Maroc, d\u00e9sireux de rejoindre la terre d\u2019Isra\u00ebl pour les uns, d\u00e9rout\u00e9s par une situation s\u00e9curitaire trouble, notamment apr\u00e8s la \u00ab\u00a0<span aria-haspopup=\\\"true\\\">Guerre<\/span>\u00a0des 6 Jours\u00a0\u00bb, leur situation sur place a vite \u00e9volu\u00e9. L\u2019\u00e9migration clandestine vers Isra\u00ebl a commenc\u00e9 en 1948-1949, et a connu son premier pic (70.000 d\u00e9parts) entre 1954 et 1956, dans une p\u00e9riode de grande instabilit\u00e9 politique. Apr\u00e8s\u00a0<span aria-haspopup=\\\"true\\\">l\u2019ind\u00e9pendance<\/span>\u00a0proclam\u00e9e de l\u2019\u00c9tat d\u2019Isra\u00ebl, le roi Mohammed V interdira l\u2019\u00e9migration des Juifs, rappelant aux Juifs candidats \u00e0 l\u2019\u00e9migration, qu\u2019ils jouissaient pleinement de leur citoyennet\u00e9 marocaine. Le Mossad et la Haganah ont coordonn\u00e9 le d\u00e9part des Juifs marocains, affr\u00e9tant des bateaux, fournissant\u00a0<span aria-haspopup=\\\"true\\\">l\u2019appui<\/span>\u00a0logistique.<\/p>\n<h3>La suite de l\u2019article se trouve dans le prochain num\u00e9ro d\u2019Isra\u00ebl Magazine<\/h3>\n<p>D\u00e9couvrez un exemplaire du magazine gratuitement et cliquez ensuite sur le rebord droit<\/p>\n<p><a href=\\\"https:\/\/online.fliphtml5.com\/rjspi\/mxre\/\\\">https:\/\/online.fliphtml5.com\/rjspi\/mxre\/<\/a><\/p>\n<p>Votre magazine livr\u00e9 chez vous en toute confidentialit\u00e9 S\u2019abonner au magazine par t\u00e9l\u00e9phone ou par whats app 00972 (0) 54 254 45 20 ou au 01 86 98 27 27<\/p>\n<p>Par email\u00a0 Andredarmon21@gmail.com<\/p>\n<p>directement sur le site https:\/\/israelmagazine.co.il\/sabonner-au-magazine\/<\/p>\n<p>Ou encore S\u2019abonner au magazine livr\u00e9 chez vous en toute confidentialit\u00e9. Remplir le formulaire<\/p>\n<p><a href=\\\"https:\/\/docs.google.com\/forms\/d\/e\/1FAIpQLSfPYJfb8KjEya-X17w0DGPAuBlCGvqVUdh_Is8EL810Lxw82A\/viewform?entry.1189475001=Recipient_Email\\\">https:\/\/docs.google.com\/forms\/d\/e\/1FAIpQLSfPYJfb8KjEya-X17w0DGPAuBlCGvqVUdh_Is8EL810Lxw82A\/viewform?entry.1189475001=Recipient_Email<\/a><\/p>\n<p>&nbsp;<\/p>\n<p><a href=\\\"https:\/\/www.facebook.com\/563799703686978\/posts\/3916028461797402\/\\\">https:\/\/www.facebook.com\/563799703686978\/posts\/3916028461797402\/<\/a><\/p>\n<p>&nbsp;<\/p>\n","protected":false},"excerpt":{"rendered":"<p>Les Accords de normalisation entre Isra\u00ebl et le Maroc, un nouvel envol. &nbsp; &nbsp; Robert BEN DENOUN \u00ab\u00a0Dieu, la patrie, le roi\u00a0\u00bb. Telle est la devise du Maroc, terre de contrastes, de raffinement, alternance de montagnes et de zones d\u00e9sertiques, un pays de traditions, de culture, de d\u00e9votion, guid\u00e9 par un monarque toujours embl\u00e9matique et &hellip;<\/p>\n<p class=\"read-more\"> <a class=\"\" href=\"https:\/\/israelmagazine.net\/?p=56013\"> <span class=\"screen-reader-text\">Les Accords de normalisation entre Isra\u00ebl et le Maroc, un nouvel envol.<\/span> Lire la suite \u00bb<\/a><\/p>\n","protected":false},"author":4,"featured_media":56014,"comment_status":"open","ping_status":"open","sticky":false,"template":"","format":"standard","meta":{"site-sidebar-layout":"default","site-content-layout":"default","ast-global-header-display":"","ast-main-header-display":"","ast-hfb-above-header-display":"","ast-hfb-below-header-display":"","ast-hfb-mobile-header-display":"","site-post-title":"","ast-breadcrumbs-content":"","ast-featured-img":"","footer-sml-layout":"","theme-transparent-header-meta":"","adv-header-id-meta":"","stick-header-meta":"","header-above-stick-meta":"","header-main-stick-meta":"","header-below-stick-meta":""},"categories":[84,814,1617,1679,1615],"tags":[1063,825,1739,289,2699,1700,2967,877,821,742,2393],"sujet":[],"_links":{"self":[{"href":"https:\/\/israelmagazine.net\/index.php?rest_route=\/wp\/v2\/posts\/56013"}],"collection":[{"href":"https:\/\/israelmagazine.net\/index.php?rest_route=\/wp\/v2\/posts"}],"about":[{"href":"https:\/\/israelmagazine.net\/index.php?rest_route=\/wp\/v2\/types\/post"}],"author":[{"embeddable":true,"href":"https:\/\/israelmagazine.net\/index.php?rest_route=\/wp\/v2\/users\/4"}],"replies":[{"embeddable":true,"href":"https:\/\/israelmagazine.net\/index.php?rest_route=%2Fwp%2Fv2%2Fcomments&post=56013"}],"version-history":[{"count":0,"href":"https:\/\/israelmagazine.net\/index.php?rest_route=\/wp\/v2\/posts\/56013\/revisions"}],"wp:featuredmedia":[{"embeddable":true,"href":"https:\/\/israelmagazine.net\/index.php?rest_route=\/"}],"wp:attachment":[{"href":"https:\/\/israelmagazine.net\/index.php?rest_route=%2Fwp%2Fv2%2Fmedia&parent=56013"}],"wp:term":[{"taxonomy":"category","embeddable":true,"href":"https:\/\/israelmagazine.net\/index.php?rest_route=%2Fwp%2Fv2%2Fcategories&post=56013"},{"taxonomy":"post_tag","embeddable":true,"href":"https:\/\/israelmagazine.net\/index.php?rest_route=%2Fwp%2Fv2%2Ftags&post=56013"},{"taxonomy":"sujet","embeddable":true,"href":"https:\/\/israelmagazine.net\/index.php?rest_route=%2Fwp%2Fv2%2Fsujet&post=56013"}],"curies":[{"name":"wp","href":"https:\/\/api.w.org\/{rel}","templated":true}]}}