{"id":56038,"date":"2021-10-16T20:44:31","date_gmt":"2021-10-16T17:44:31","guid":{"rendered":"https:\/\/israelmagazine.net\/?p=56038"},"modified":"2021-10-16T20:44:31","modified_gmt":"2021-10-16T17:44:31","slug":"les-juifs-du-narbonnais-une-histoire-meconnue","status":"publish","type":"post","link":"https:\/\/israelmagazine.net\/?p=56038","title":{"rendered":"Les Juifs du Narbonnais, une histoire m\u00e9connue"},"content":{"rendered":"<h3><strong>Les Juifs du Narbonnais, une histoire m\u00e9connue<\/strong><\/h3>\n<p><strong><em>Par Frank Khalifa<\/em><\/strong><\/p>\n<img class=\\\"size-medium wp-image-56039\\\" src=\\\"https:\/\/israelmagazine.co.il\/wp-content\/uploads\/2021\/10\/narbonnehiddensynagogue.02-158x300.jpg\\\" alt=\\\"SYNAGOGUE NARBONNE\\\" width=\\\"158\\\" height=\\\"300\\\" \/>\n<p><a href=\\\"https:\/\/israelmagazine.co.il\/israel-superpuissance-du-proche-orient-guy-milliere\/\\\">https:\/\/israelmagazine.co.il\/israel-superpuissance-du-proche-orient-guy-milliere\/<\/a><\/p>\n<p>Au mus\u00e9e jud\u00e9o-comtadin de Cavaillon en France, se trouve la lampe d\u2019Orgon, datant du I<sup>er<\/sup> si\u00e8cle avant et orn\u00e9e d\u2019un double chandelier \u00e0 sept branches, la M\u00e9norah d\u2019Isra\u00ebl, confirmant ainsi la pr\u00e9sence de juifs en Gaule un si\u00e8cle avant la Diaspora cons\u00e9cutive \u00e0 la destruction du Deuxi\u00e8me Temple de J\u00e9rusalem en 70 apr\u00e8s. Orgon est une commune fran\u00e7aise situ\u00e9e dans le d\u00e9partement des Bouches-du-Rh\u00f4ne et cette lampe n\u2019y fut d\u00e9couverte qu\u2019en 1967. Au risque de d\u00e9plaire \u00e0 \u00ab\u00a0nos amis les Gaulois\u00a0\u00bb et \u00e0 feu Goscinny en brisant le mythe de \u00ab\u00a0nos anc\u00eatres les Gaulois\u00a0\u00bb, la Gaule ou plut\u00f4t les Gaules s\u2019\u00e9tendaient du Rhin jusqu\u2019aux Pyr\u00e9n\u00e9es et se composaient de tribus ind\u00e9pendantes celtes, mais aussi ib\u00e8res ou encore germaniques. Mais, la Gaule qui nous int\u00e9resse ici, est la partie m\u00e9diterran\u00e9enne, appel\u00e9e Province, car premi\u00e8re province de Rome sur le plan chronologique (<em>Provincia Gallia Narbonensis -123<\/em>) et dont la Capitale \u00e9tait Narbonne, premi\u00e8re fille de Rome hors d\u2019Italie.<\/p>\n<p>Si le premier \u00ab Juif c\u00e9l\u00e8bre \u00bb ayant v\u00e9cu en Gaule, exil\u00e9 en 6 apr\u00e8s \u00e0 Vienne par Auguste ou Octave fils adoptif de C\u00e9sar, fut le cruel ethnarque Arch\u00e9laos, fils d\u2019H\u00e9rode le Grand, et si le \u00ab malheureux Vercing\u00e9torix \u00bb combattit au 1<sup>er<\/sup>\u00a0si\u00e8cle avant notre ere avec ses milliers de soldats juifs ess\u00e9niens (et oui\u00a0!\u00b0) et que le \u00ab\u00a0brave C\u00e9sar\u00a0\u00bb combatit avec ses g\u00e9n\u00e9raux Juifs et f\u00fbt pleur\u00e9 \u00e0 ses fun\u00e9railles par ces Juifs reconnaissants d\u2019avoir pu relever les murs de J\u00e9rusalem abattus par Pomp\u00e9e, c\u2019est Narbonne qui doit retenir toute notre attention, car c\u2019est dans ce lieu que se sont tram\u00e9s des faits historiques d\u2019une importance cruciale dans l\u2019histoire des racines juives de la France.<\/p>\n<p><a href=\\\"https:\/\/israelmagazine.co.il\/la-violence-dans-la-societe-arabe-israelienne\/\\\">https:\/\/israelmagazine.co.il\/la-violence-dans-la-societe-arabe-israelienne\/<\/a><\/p>\n<p>&nbsp;<\/p>\n<h3>La suite de l\u2019article se trouve dans le prochain num\u00e9ro d\u2019Isra\u00ebl Magazine<\/h3>\n<p>D\u00e9couvrez un exemplaire du magazine gratuitement et cliquez ensuite sur le rebord droit<\/p>\n<p><a href=\\\"https:\/\/online.fliphtml5.com\/rjspi\/mxre\/\\\">https:\/\/online.fliphtml5.com\/rjspi\/mxre\/<\/a><\/p>\n<p>Votre magazine livr\u00e9 chez vous en toute confidentialit\u00e9 S\u2019abonner au magazine par t\u00e9l\u00e9phone ou par whats app 00972 (0) 54 254 45 20 ou au 01 86 98 27 27<\/p>\n<p>Par email\u00a0 Andredarmon21@gmail.com<\/p>\n<p>directement sur le site https:\/\/israelmagazine.co.il\/sabonner-au-magazine\/<\/p>\n<p>Ou encore S\u2019abonner au magazine livr\u00e9 chez vous en toute confidentialit\u00e9. Remplir le formulaire<\/p>\n<p><a href=\\\"https:\/\/docs.google.com\/forms\/d\/e\/1FAIpQLSfPYJfb8KjEya-X17w0DGPAuBlCGvqVUdh_Is8EL810Lxw82A\/viewform?entry.1189475001=Recipient_Email\\\">https:\/\/docs.google.com\/forms\/d\/e\/1FAIpQLSfPYJfb8KjEya-X17w0DGPAuBlCGvqVUdh_Is8EL810Lxw82A\/viewform?entry.1189475001=Recipient_Email<\/a><\/p>\n<p>&nbsp;<\/p>\n<p><a href=\\\"https:\/\/www.facebook.com\/563799703686978\/posts\/3916028461797402\/\\\">https:\/\/www.facebook.com\/563799703686978\/posts\/3916028461797402\/<\/a><\/p>\n","protected":false},"excerpt":{"rendered":"<p>Les Juifs du Narbonnais, une histoire m\u00e9connue Par Frank Khalifa https:\/\/israelmagazine.co.il\/israel-superpuissance-du-proche-orient-guy-milliere\/ Au mus\u00e9e jud\u00e9o-comtadin de Cavaillon en France, se trouve la lampe d\u2019Orgon, datant du Ier si\u00e8cle avant et orn\u00e9e d\u2019un double chandelier \u00e0 sept branches, la M\u00e9norah d\u2019Isra\u00ebl, confirmant ainsi la pr\u00e9sence de juifs en Gaule un si\u00e8cle avant la Diaspora cons\u00e9cutive \u00e0 la &hellip;<\/p>\n<p class=\"read-more\"> <a class=\"\" href=\"https:\/\/israelmagazine.net\/?p=56038\"> <span class=\"screen-reader-text\">Les Juifs du Narbonnais, une histoire m\u00e9connue<\/span> Lire la suite \u00bb<\/a><\/p>\n","protected":false},"author":4,"featured_media":56039,"comment_status":"open","ping_status":"open","sticky":false,"template":"","format":"standard","meta":{"site-sidebar-layout":"default","site-content-layout":"default","ast-global-header-display":"","ast-main-header-display":"","ast-hfb-above-header-display":"","ast-hfb-below-header-display":"","ast-hfb-mobile-header-display":"","site-post-title":"","ast-breadcrumbs-content":"","ast-featured-img":"","footer-sml-layout":"","theme-transparent-header-meta":"","adv-header-id-meta":"","stick-header-meta":"","header-above-stick-meta":"","header-main-stick-meta":"","header-below-stick-meta":""},"categories":[84,814,1609,1613,1673],"tags":[1063,825,2346,289,845,2699,1474,1628,1700,937,2968,1636,2124],"sujet":[],"_links":{"self":[{"href":"https:\/\/israelmagazine.net\/index.php?rest_route=\/wp\/v2\/posts\/56038"}],"collection":[{"href":"https:\/\/israelmagazine.net\/index.php?rest_route=\/wp\/v2\/posts"}],"about":[{"href":"https:\/\/israelmagazine.net\/index.php?rest_route=\/wp\/v2\/types\/post"}],"author":[{"embeddable":true,"href":"https:\/\/israelmagazine.net\/index.php?rest_route=\/wp\/v2\/users\/4"}],"replies":[{"embeddable":true,"href":"https:\/\/israelmagazine.net\/index.php?rest_route=%2Fwp%2Fv2%2Fcomments&post=56038"}],"version-history":[{"count":0,"href":"https:\/\/israelmagazine.net\/index.php?rest_route=\/wp\/v2\/posts\/56038\/revisions"}],"wp:featuredmedia":[{"embeddable":true,"href":"https:\/\/israelmagazine.net\/index.php?rest_route=\/"}],"wp:attachment":[{"href":"https:\/\/israelmagazine.net\/index.php?rest_route=%2Fwp%2Fv2%2Fmedia&parent=56038"}],"wp:term":[{"taxonomy":"category","embeddable":true,"href":"https:\/\/israelmagazine.net\/index.php?rest_route=%2Fwp%2Fv2%2Fcategories&post=56038"},{"taxonomy":"post_tag","embeddable":true,"href":"https:\/\/israelmagazine.net\/index.php?rest_route=%2Fwp%2Fv2%2Ftags&post=56038"},{"taxonomy":"sujet","embeddable":true,"href":"https:\/\/israelmagazine.net\/index.php?rest_route=%2Fwp%2Fv2%2Fsujet&post=56038"}],"curies":[{"name":"wp","href":"https:\/\/api.w.org\/{rel}","templated":true}]}}