{"id":56045,"date":"2021-10-17T10:03:44","date_gmt":"2021-10-17T07:03:44","guid":{"rendered":"https:\/\/israelmagazine.net\/?p=56045"},"modified":"2021-10-17T10:03:44","modified_gmt":"2021-10-17T07:03:44","slug":"joe-biden-letat-palestinien","status":"publish","type":"post","link":"https:\/\/israelmagazine.net\/?p=56045","title":{"rendered":"JOE Biden et l\u2019ETAT PALESTINIEN"},"content":{"rendered":"<h3><b>Joe Biden et l\\&rsquo;Etat\u00a0Palestinien<\/b><\/h3>\n<img class=\\\"size-medium wp-image-56046\\\" src=\\\"https:\/\/israelmagazine.co.il\/wp-content\/uploads\/2021\/10\/vp_portrait-240x300.jpeg\\\" alt=\\\"Joe Biden\\\" width=\\\"240\\\" height=\\\"300\\\" \/>\n<p><b>par Guy Milliere\u00a0 \u00a0tous droits reserves Isra\u00ebl Magazine<\/b><\/p>\n<p><strong>L\u2019administration Biden l\u2019a d\u00e9clar\u00e9. Elle entend revenir \u00e0 la \u201csolution \u00e0 deux Etats\u201d. A-t-elle une chance de r\u00e9ussir l\u00e0 o\u00f9 tous ceux qui ont parl\u00e9 de cette \u201csolution\u201d auparavant ont \u00e9chou\u00e9? La r\u00e9ponse est non.<\/strong><\/p>\n<p><a href=\\\"https:\/\/israelmagazine.co.il\/theodore-ivainer-itineraire-dun-enfant-juif-de-roumanie-apres-la-shoah\/\\\">https:\/\/israelmagazine.co.il\/theodore-ivainer-itineraire-dun-enfant-juif-de-roumanie-apres-la-shoah\/<\/a><\/p>\n<p>Un grand nombre d\u2019Isra\u00e9liens ont pu, au moment des accords d\u2019Oslo, il y aura bient\u00f4t trente ans, imaginer qu\u2019une paix avec ce qui s\u2019appelait alors l\u2019Organisation de Lib\u00e9ration de la Palestine (OLP) \u00e9tait imaginable. Il est tr\u00e8s vite apparu que les Isra\u00e9liens qui n\u2019avaient aucune illusion, et pensaient que l\u2019OLP \u00e9tait une organisation terroriste vou\u00e9e au meurtre et \u00e0 la destruction d\u2019Isra\u00ebl et incapable de changer, avaient raison. Quelques semaines ont \u00e9t\u00e9 suffisantes, \u00e0 l\u2019\u00e9poque, pour que Yasser Arafat r\u00e9v\u00e8le, lors d\u2019un voyage en Afrique du Sud, que ses intentions \u00e9taient les m\u00eames, et il a fait r\u00e9f\u00e9rence au pacte d\u2019Hudaybiya sign\u00e9 par Mohammed en 628\u00a0 avec les autorit\u00e9s de La Mecque, qui ont pens\u00e9 avoir un accord mettant fin aux hostilit\u00e9s entre eux et les guerriers de l\u2019islam, alors qu\u2019il s\u2019agissait pour Mohammed de permettre \u00e0 ses troupes de reprendre des forces avant de se livrer \u00e0 l\u2019assaut qui allait leur donner la victoire. L\u2019Autorit\u00e9 Palestinienne a \u00e9t\u00e9 cr\u00e9\u00e9e, conform\u00e9ment aux accords d\u2019Oslo et elle est devenue la base arri\u00e8re d\u2019attentats atroces qui n\u2019ont quasiment cess\u00e9 que grace \u00e0 la construction de la barri\u00e8re de s\u00e9curit\u00e9: le \u201cprocessus de paix\u201d s\u2019est r\u00e9v\u00e9l\u00e9 \u00eatre un processus de guerre terroriste contre Isra\u00ebl. L\u2019Autorit\u00e9 Palestinienne a refus\u00e9 les propositions les plus g\u00e9n\u00e9reuses, et, de fait, les plus suicidaires, faites par des dirigeants isra\u00e9liens.<\/p>\n<p><a href=\\\"https:\/\/israelmagazine.co.il\/un-virus-chasse-lautre-jusqua-quand\/\\\">https:\/\/israelmagazine.co.il\/un-virus-chasse-lautre-jusqua-quand\/<\/a><\/p>\n<h3>La suite de l\u2019article se trouve dans le prochain num\u00e9ro d\u2019Isra\u00ebl Magazine<\/h3>\n<p>D\u00e9couvrez un exemplaire du magazine gratuitement et cliquez ensuite sur le rebord droit<\/p>\n<p><a href=\\\"https:\/\/online.fliphtml5.com\/rjspi\/mxre\/\\\">https:\/\/online.fliphtml5.com\/rjspi\/mxre\/<\/a><\/p>\n<p>Votre magazine livr\u00e9 chez vous en toute confidentialit\u00e9 S\u2019abonner au magazine par t\u00e9l\u00e9phone ou par whats app 00972 (0) 54 254 45 20 ou au 01 86 98 27 27<\/p>\n<p>Par email\u00a0 Andredarmon21@gmail.com<\/p>\n<p>directement sur le site https:\/\/israelmagazine.co.il\/sabonner-au-magazine\/<\/p>\n<p>Ou encore S\u2019abonner au magazine livr\u00e9 chez vous en toute confidentialit\u00e9. Remplir le formulaire<\/p>\n<p><a href=\\\"https:\/\/docs.google.com\/forms\/d\/e\/1FAIpQLSfPYJfb8KjEya-X17w0DGPAuBlCGvqVUdh_Is8EL810Lxw82A\/viewform?entry.1189475001=Recipient_Email\\\">https:\/\/docs.google.com\/forms\/d\/e\/1FAIpQLSfPYJfb8KjEya-X17w0DGPAuBlCGvqVUdh_Is8EL810Lxw82A\/viewform?entry.1189475001=Recipient_Email<\/a><\/p>\n<p>&nbsp;<\/p>\n<p><a href=\\\"https:\/\/www.facebook.com\/563799703686978\/posts\/3916028461797402\/\\\">https:\/\/www.facebook.com\/563799703686978\/posts\/3916028461797402\/<\/a><\/p>\n<p>&nbsp;<\/p>\n","protected":false},"excerpt":{"rendered":"<p>Joe Biden et l\\&rsquo;Etat\u00a0Palestinien par Guy Milliere\u00a0 \u00a0tous droits reserves Isra\u00ebl Magazine L\u2019administration Biden l\u2019a d\u00e9clar\u00e9. Elle entend revenir \u00e0 la \u201csolution \u00e0 deux Etats\u201d. A-t-elle une chance de r\u00e9ussir l\u00e0 o\u00f9 tous ceux qui ont parl\u00e9 de cette \u201csolution\u201d auparavant ont \u00e9chou\u00e9? La r\u00e9ponse est non. https:\/\/israelmagazine.co.il\/theodore-ivainer-itineraire-dun-enfant-juif-de-roumanie-apres-la-shoah\/ Un grand nombre d\u2019Isra\u00e9liens ont pu, au &hellip;<\/p>\n<p class=\"read-more\"> <a class=\"\" href=\"https:\/\/israelmagazine.net\/?p=56045\"> <span class=\"screen-reader-text\">JOE Biden et l\u2019ETAT PALESTINIEN<\/span> Lire la suite \u00bb<\/a><\/p>\n","protected":false},"author":4,"featured_media":56046,"comment_status":"open","ping_status":"open","sticky":false,"template":"","format":"standard","meta":{"site-sidebar-layout":"default","site-content-layout":"default","ast-global-header-display":"","ast-main-header-display":"","ast-hfb-above-header-display":"","ast-hfb-below-header-display":"","ast-hfb-mobile-header-display":"","site-post-title":"","ast-breadcrumbs-content":"","ast-featured-img":"","footer-sml-layout":"","theme-transparent-header-meta":"","adv-header-id-meta":"","stick-header-meta":"","header-above-stick-meta":"","header-main-stick-meta":"","header-below-stick-meta":""},"categories":[84,1612,1679,1613],"tags":[1739,2833,289,1635,815,1700,937,2569,877,742],"sujet":[],"_links":{"self":[{"href":"https:\/\/israelmagazine.net\/index.php?rest_route=\/wp\/v2\/posts\/56045"}],"collection":[{"href":"https:\/\/israelmagazine.net\/index.php?rest_route=\/wp\/v2\/posts"}],"about":[{"href":"https:\/\/israelmagazine.net\/index.php?rest_route=\/wp\/v2\/types\/post"}],"author":[{"embeddable":true,"href":"https:\/\/israelmagazine.net\/index.php?rest_route=\/wp\/v2\/users\/4"}],"replies":[{"embeddable":true,"href":"https:\/\/israelmagazine.net\/index.php?rest_route=%2Fwp%2Fv2%2Fcomments&post=56045"}],"version-history":[{"count":0,"href":"https:\/\/israelmagazine.net\/index.php?rest_route=\/wp\/v2\/posts\/56045\/revisions"}],"wp:featuredmedia":[{"embeddable":true,"href":"https:\/\/israelmagazine.net\/index.php?rest_route=\/"}],"wp:attachment":[{"href":"https:\/\/israelmagazine.net\/index.php?rest_route=%2Fwp%2Fv2%2Fmedia&parent=56045"}],"wp:term":[{"taxonomy":"category","embeddable":true,"href":"https:\/\/israelmagazine.net\/index.php?rest_route=%2Fwp%2Fv2%2Fcategories&post=56045"},{"taxonomy":"post_tag","embeddable":true,"href":"https:\/\/israelmagazine.net\/index.php?rest_route=%2Fwp%2Fv2%2Ftags&post=56045"},{"taxonomy":"sujet","embeddable":true,"href":"https:\/\/israelmagazine.net\/index.php?rest_route=%2Fwp%2Fv2%2Fsujet&post=56045"}],"curies":[{"name":"wp","href":"https:\/\/api.w.org\/{rel}","templated":true}]}}