{"id":56075,"date":"2021-10-27T09:23:30","date_gmt":"2021-10-27T06:23:30","guid":{"rendered":"https:\/\/israelmagazine.net\/?p=56075"},"modified":"2021-10-27T09:23:30","modified_gmt":"2021-10-27T06:23:30","slug":"56075-2","status":"publish","type":"post","link":"https:\/\/israelmagazine.net\/?p=56075","title":{"rendered":"GALIL\u00c9E\u00a0: DEUX VILLAGES EXTRAORDINAIRES (2)"},"content":{"rendered":"<h3><strong><u>GALIL\u00c9E\u00a0: DEUX VILLAGES EXTRAORDINAIRES (2)<\/u><\/strong><\/h3>\n<p>AMIRIM l\\&rsquo;avion de Menahem, pilote et enfant du village, mort en Egypte<\/p>\n<img class=\\\"size-medium wp-image-56076\\\" src=\\\"https:\/\/israelmagazine.co.il\/wp-content\/uploads\/2021\/10\/1635315062327-225x300.jpg\\\" alt=\\\"Amirim\\\" width=\\\"225\\\" height=\\\"300\\\" \/>\n<p>Mickael LAUSTRIAT<\/p>\n<h3><strong><u>\u00a0<\/u><\/strong><strong>AMIRIM\u00a0: un village exclusivement v\u00e9g\u00e9tarien <\/strong><\/h3>\n<p><strong>\u00ab\u00a0Non, Monsieur\u00a0! N\u2019importe qui ne peut pas venir habiter chez nous\u00a0! Nous sommes un village exclusivement v\u00e9g\u00e9tarien\u00a0! Si vous voulez vous installer chez nous, il faut vous engager \u00e0 respecter ce qui fait la raison d\u2019\u00eatre de notre communaut\u00e9, unique en Isra\u00ebl\u00a0: \u00eatre v\u00e9g\u00e9tarien\u2026\u00a0\u00bb <\/strong><\/p>\n<p>L\u2019accueil des habitants d\u2019Amirim est franc et chaleureux. La route qui traverse le village suit les courbes de niveau de ce premier contrefort du mont M\u00e9ron qui culmine \u00e0 plus de 1000\u00a0m d\u2019altitude. Plus modeste, Amirim s\u2019\u00e9chelonne entre 500 et 715\u00a0m. La premi\u00e8re impression est celle d\u2019un village construit dans une for\u00eat.<\/p>\n<h3><strong>300 familles sous de grands arbres <\/strong><\/h3>\n<p>Pour tout savoir sur Amirim, il faut bavarder avec Esther Sarir. Et nous l\u2019avons rencontr\u00e9e\u00a0: septuag\u00e9naire, svelte, sportive et souriante, sa vie se confond avec Amirim. Elle raconte\u00a0: \u00ab\u00a0Mes parents \u2013 mon p\u00e8re n\u00e9 \u00e0 Oran et ma m\u00e8re \u00e0 Tunis \u2013 se sont mari\u00e9s quelques jours avant d\u2019embarquer sur l\u2019Exodus. Moi je suis n\u00e9e \u00e0 J\u00e9rusalem o\u00f9 mon p\u00e8re avait trouv\u00e9 du travail.<\/p>\n<h3>La suite de l\u2019article se trouve dans le prochain num\u00e9ro d\u2019Isra\u00ebl Magazine<\/h3>\n<p>D\u00e9couvrez un exemplaire du magazine gratuitement et cliquez ensuite sur le rebord droit<\/p>\n<p><a href=\\\"https:\/\/online.fliphtml5.com\/rjspi\/mxre\/\\\">https:\/\/online.fliphtml5.com\/rjspi\/mxre\/<\/a><\/p>\n<p>Votre magazine livr\u00e9 chez vous en toute confidentialit\u00e9 S\u2019abonner au magazine par t\u00e9l\u00e9phone ou par whats app 00972 (0) 54 254 45 20 ou au 01 86 98 27 27<\/p>\n<p>Par email\u00a0 Andredarmon21@gmail.com<\/p>\n<p>directement sur le site https:\/\/israelmagazine.co.il\/sabonner-au-magazine\/<\/p>\n<p>Ou encore S\u2019abonner au magazine livr\u00e9 chez vous en toute confidentialit\u00e9. Remplir le formulaire<\/p>\n<p><a href=\\\"https:\/\/docs.google.com\/forms\/d\/e\/1FAIpQLSfPYJfb8KjEya-X17w0DGPAuBlCGvqVUdh_Is8EL810Lxw82A\/viewform?entry.1189475001=Recipient_Email\\\">https:\/\/docs.google.com\/forms\/d\/e\/1FAIpQLSfPYJfb8KjEya-X17w0DGPAuBlCGvqVUdh_Is8EL810Lxw82A\/viewform?entry.1189475001=Recipient_Email<\/a><\/p>\n<p><a href=\\\"https:\/\/www.facebook.com\/563799703686978\/posts\/3916028461797402\/\\\">https:\/\/www.facebook.com\/563799703686978\/posts\/3916028461797402\/<\/a><\/p>\n","protected":false},"excerpt":{"rendered":"<p>GALIL\u00c9E\u00a0: DEUX VILLAGES EXTRAORDINAIRES (2) AMIRIM l\\&rsquo;avion de Menahem, pilote et enfant du village, mort en Egypte Mickael LAUSTRIAT \u00a0AMIRIM\u00a0: un village exclusivement v\u00e9g\u00e9tarien \u00ab\u00a0Non, Monsieur\u00a0! N\u2019importe qui ne peut pas venir habiter chez nous\u00a0! Nous sommes un village exclusivement v\u00e9g\u00e9tarien\u00a0! Si vous voulez vous installer chez nous, il faut vous engager \u00e0 respecter ce &hellip;<\/p>\n<p class=\"read-more\"> <a class=\"\" href=\"https:\/\/israelmagazine.net\/?p=56075\"> <span class=\"screen-reader-text\">GALIL\u00c9E\u00a0: DEUX VILLAGES EXTRAORDINAIRES (2)<\/span> Lire la suite \u00bb<\/a><\/p>\n","protected":false},"author":4,"featured_media":56076,"comment_status":"open","ping_status":"open","sticky":false,"template":"","format":"standard","meta":{"site-sidebar-layout":"default","site-content-layout":"default","ast-global-header-display":"","ast-main-header-display":"","ast-hfb-above-header-display":"","ast-hfb-below-header-display":"","ast-hfb-mobile-header-display":"","site-post-title":"","ast-breadcrumbs-content":"","ast-featured-img":"","footer-sml-layout":"","theme-transparent-header-meta":"","adv-header-id-meta":"","stick-header-meta":"","header-above-stick-meta":"","header-main-stick-meta":"","header-below-stick-meta":""},"categories":[84,1630,1609],"tags":[2973,1063,825,2346,289,1635,845,1474,815,1700,937,383,1636,877,2124,1644,1638],"sujet":[],"_links":{"self":[{"href":"https:\/\/israelmagazine.net\/index.php?rest_route=\/wp\/v2\/posts\/56075"}],"collection":[{"href":"https:\/\/israelmagazine.net\/index.php?rest_route=\/wp\/v2\/posts"}],"about":[{"href":"https:\/\/israelmagazine.net\/index.php?rest_route=\/wp\/v2\/types\/post"}],"author":[{"embeddable":true,"href":"https:\/\/israelmagazine.net\/index.php?rest_route=\/wp\/v2\/users\/4"}],"replies":[{"embeddable":true,"href":"https:\/\/israelmagazine.net\/index.php?rest_route=%2Fwp%2Fv2%2Fcomments&post=56075"}],"version-history":[{"count":0,"href":"https:\/\/israelmagazine.net\/index.php?rest_route=\/wp\/v2\/posts\/56075\/revisions"}],"wp:featuredmedia":[{"embeddable":true,"href":"https:\/\/israelmagazine.net\/index.php?rest_route=\/"}],"wp:attachment":[{"href":"https:\/\/israelmagazine.net\/index.php?rest_route=%2Fwp%2Fv2%2Fmedia&parent=56075"}],"wp:term":[{"taxonomy":"category","embeddable":true,"href":"https:\/\/israelmagazine.net\/index.php?rest_route=%2Fwp%2Fv2%2Fcategories&post=56075"},{"taxonomy":"post_tag","embeddable":true,"href":"https:\/\/israelmagazine.net\/index.php?rest_route=%2Fwp%2Fv2%2Ftags&post=56075"},{"taxonomy":"sujet","embeddable":true,"href":"https:\/\/israelmagazine.net\/index.php?rest_route=%2Fwp%2Fv2%2Fsujet&post=56075"}],"curies":[{"name":"wp","href":"https:\/\/api.w.org\/{rel}","templated":true}]}}